{"id":65781,"date":"2025-06-06T12:28:41","date_gmt":"2025-06-06T10:28:41","guid":{"rendered":"https:\/\/imagazine.it\/home_desk\/?p=65781"},"modified":"2025-06-09T13:00:13","modified_gmt":"2025-06-09T11:00:13","slug":"da-udine-al-campiello-opera-prima","status":"publish","type":"post","link":"https:\/\/imagazine.it\/home_desk\/da-udine-al-campiello-opera-prima\/","title":{"rendered":"Da Udine al Campiello Opera Prima"},"content":{"rendered":"<p><span style=\"font-size: 10pt;\"><em>Antonio Galetta<\/em><\/span><\/p>\n<p>UDINE \u2013 \u00c8 stato allievo della Scuola Superiore \u201cdi Toppo Wassermann\u201d dell\u2019Universit\u00e0 di Udine <strong>Antonio Galetta<\/strong> recente vincitore del premio Campiello Opera prima.<\/p>\n<p>Galetta si \u00e8 aggiudicato il premio con il romanzo \u201c<em>Piet\u00e0<\/em>\u201d (Einaudi), gi\u00e0 finalista del Premio Calvino.<\/p>\n<p>Il giovane romanziere ha studiato per cinque anni della Scuola Superiore e del Dipartimento di Studi umanistici e del patrimonio culturale dell\u2019Ateneo friulano.<\/p>\n<p>A Udine ha conseguito la laurea triennale in Lettere e poi la laurea magistrale in Italianistica con una tesi intitolata \u201c<em>Gomorra<\/em> di Roberto Saviano: genealogia e genesi\u201d, relatrice <strong>Silvia Contarini<\/strong>, docente di letteratura italiana. Attualmente Galetta \u00e8 dottorando all\u2019Universit\u00e0 di Pisa, in cotutela con l\u2019Universit\u00e0 francese della Sorbona.<\/p>\n<p>\u00abNel 2016, quando sono arrivato in Friuli \u2013 racconta <strong>Antonio Galetta<\/strong> \u2013, avevo diciott\u2019anni ed ero un giovane autodidatta con pi\u00f9 entusiasmo che consapevolezza. L\u2019opportunit\u00e0 di studiare alla Scuola Superiore dell\u2019Universit\u00e0 di Udine mi ha aiutato a credere che stare sui libri, leggerli e scriverli, abbia ancora oggi tutto il senso del mondo, e mi ha fatto incontrare alcune delle persone a cui voglio pi\u00f9 bene in assoluto. Non \u00e8 vero che la provincia sia sempre e per forza marginale: in alcune province c&#8217;\u00e8 un entusiasmo, una resistenza al disincanto, che spesso manca nelle citt\u00e0 pi\u00f9 grandi, e che auguro a Udine e a me stesso di non perdere mai\u00bb sottolinea Galetta.<\/p>\n<p>\u00abSono felice e orgogliosa del premio attribuito al romanzo importante di Antonio Galetta che abbiamo anche presentato a Udine \u2013 sottolinea la professoressa <strong>Contarini<\/strong> \u2013. Credo che l\u2019esempio di Antonio, scrittore di talento, ma anche giovane critico dotato di grande sensibilit\u00e0, rappresenti al meglio la generazione di umanisti usciti dalla Scuola Superiore, che in questi anni ci hanno dato molte soddisfazioni, a riprova della vitalit\u00e0 spesso non abbastanza riconosciuta dei nostri studi\u00bb.<\/p>\n","protected":false},"excerpt":{"rendered":"<p>Il vincitore Antonio Galetta ha conseguito all\u2019Ateneo friulano la laurea triennale in Lettere e quella magistrale in Italianistica<\/p>\n","protected":false},"author":28,"featured_media":65782,"comment_status":"closed","ping_status":"closed","sticky":false,"template":"","format":"image","meta":{"dwc-title":[""],"dwc-content":[""],"footnotes":""},"categories":[37],"tags":[273,540,101,206],"class_list":["post-65781","post","type-post","status-publish","format-image","has-post-thumbnail","hentry","category-cultura-e-spettacolo","tag-libri","tag-premi","tag-udine","tag-uniud","post_format-post-format-image"],"rttpg_featured_image_url":{"full":["https:\/\/imagazine.it\/wp-content\/uploads\/2025\/06\/Antonio-Galetta.jpg",1366,910,false],"landscape":["https:\/\/imagazine.it\/wp-content\/uploads\/2025\/06\/Antonio-Galetta.jpg",1366,910,false],"portraits":["https:\/\/imagazine.it\/wp-content\/uploads\/2025\/06\/Antonio-Galetta.jpg",1366,910,false],"thumbnail":["https:\/\/imagazine.it\/wp-content\/uploads\/2025\/06\/Antonio-Galetta-150x150.jpg",150,150,true],"medium":["https:\/\/imagazine.it\/wp-content\/uploads\/2025\/06\/Antonio-Galetta-300x200.jpg",300,200,true],"large":["https:\/\/imagazine.it\/wp-content\/uploads\/2025\/06\/Antonio-Galetta-1024x682.jpg",640,426,true],"thumblist":["https:\/\/imagazine.it\/wp-content\/uploads\/2025\/06\/Antonio-Galetta-300x300.jpg",300,300,true],"thumbrelated":["https:\/\/imagazine.it\/wp-content\/uploads\/2025\/06\/Antonio-Galetta-500x500.jpg",500,500,true],"meccarouselthumb":["https:\/\/imagazine.it\/wp-content\/uploads\/2025\/06\/Antonio-Galetta-474x324.jpg",474,324,true],"gridsquare":["https:\/\/imagazine.it\/wp-content\/uploads\/2025\/06\/Antonio-Galetta-391x260.jpg",391,260,true],"tileview":["https:\/\/imagazine.it\/wp-content\/uploads\/2025\/06\/Antonio-Galetta-300x400.jpg",300,400,true],"1536x1536":["https:\/\/imagazine.it\/wp-content\/uploads\/2025\/06\/Antonio-Galetta.jpg",1366,910,false],"2048x2048":["https:\/\/imagazine.it\/wp-content\/uploads\/2025\/06\/Antonio-Galetta.jpg",1366,910,false],"newsup-slider-full":["https:\/\/imagazine.it\/wp-content\/uploads\/2025\/06\/Antonio-Galetta-1280x720.jpg",1280,720,true],"newsup-featured":["https:\/\/imagazine.it\/wp-content\/uploads\/2025\/06\/Antonio-Galetta-1024x682.jpg",1024,682,true],"newsup-medium":["https:\/\/imagazine.it\/wp-content\/uploads\/2025\/06\/Antonio-Galetta-720x380.jpg",720,380,true],"tptn_thumbnail":["https:\/\/imagazine.it\/wp-content\/uploads\/2025\/06\/Antonio-Galetta-250x210.jpg",250,210,true],"sow-carousel-default":["https:\/\/imagazine.it\/wp-content\/uploads\/2025\/06\/Antonio-Galetta-272x182.jpg",272,182,true]},"rttpg_author":{"display_name":"redazione","author_link":"https:\/\/imagazine.it\/home_desk\/author\/redazione\/"},"rttpg_comment":0,"rttpg_category":"<a href=\"https:\/\/imagazine.it\/home_desk\/category\/cultura-e-spettacolo\/\" rel=\"category tag\">CULTURA&amp;SPETTACOLO<\/a>","rttpg_excerpt":"Il vincitore Antonio Galetta ha conseguito all\u2019Ateneo friulano la laurea triennale in Lettere e quella magistrale in Italianistica","_links":{"self":[{"href":"https:\/\/imagazine.it\/home_desk\/wp-json\/wp\/v2\/posts\/65781","targetHints":{"allow":["GET"]}}],"collection":[{"href":"https:\/\/imagazine.it\/home_desk\/wp-json\/wp\/v2\/posts"}],"about":[{"href":"https:\/\/imagazine.it\/home_desk\/wp-json\/wp\/v2\/types\/post"}],"author":[{"embeddable":true,"href":"https:\/\/imagazine.it\/home_desk\/wp-json\/wp\/v2\/users\/28"}],"replies":[{"embeddable":true,"href":"https:\/\/imagazine.it\/home_desk\/wp-json\/wp\/v2\/comments?post=65781"}],"version-history":[{"count":0,"href":"https:\/\/imagazine.it\/home_desk\/wp-json\/wp\/v2\/posts\/65781\/revisions"}],"wp:featuredmedia":[{"embeddable":true,"href":"https:\/\/imagazine.it\/home_desk\/wp-json\/wp\/v2\/media\/65782"}],"wp:attachment":[{"href":"https:\/\/imagazine.it\/home_desk\/wp-json\/wp\/v2\/media?parent=65781"}],"wp:term":[{"taxonomy":"category","embeddable":true,"href":"https:\/\/imagazine.it\/home_desk\/wp-json\/wp\/v2\/categories?post=65781"},{"taxonomy":"post_tag","embeddable":true,"href":"https:\/\/imagazine.it\/home_desk\/wp-json\/wp\/v2\/tags?post=65781"}],"curies":[{"name":"wp","href":"https:\/\/api.w.org\/{rel}","templated":true}]}}