{"id":65700,"date":"2025-06-03T18:12:10","date_gmt":"2025-06-03T16:12:10","guid":{"rendered":"https:\/\/imagazine.it\/home_desk\/?p=65700"},"modified":"2025-06-03T18:12:10","modified_gmt":"2025-06-03T16:12:10","slug":"nuovo-infopoint-diabetologico-di-comunita","status":"publish","type":"post","link":"https:\/\/imagazine.it\/home_desk\/nuovo-infopoint-diabetologico-di-comunita\/","title":{"rendered":"Nuovo Infopoint diabetologico di Comunit\u00e0"},"content":{"rendered":"<p><span style=\"font-size: 10pt;\"><em>Le autorit\u00e0 all&#8217;esterno dell&#8217;Infopoint<\/em><\/span><\/p>\n<p>BICINICCO \u2013 L\u2019<strong>Associazione Famiglie Diabetici della Bassa Friulana ODV <\/strong>ha inaugurato l\u2019infopoint diabetologica nel comune di <strong>Bicinicco, <\/strong>in via Paviotti 6 presso il Poliambulatorio.<\/p>\n<p>\u00c8 la diciassettesima Struttura di Comunit\u00e0 nella bassa friulana.<\/p>\n<p>Presenti alla cerimonia il sindaco di Bicinicco, <strong>Paolo Paul<\/strong>, il vicesindaco, <strong>David Ciotti<\/strong>, <strong>\u00a0<\/strong>i consiglieri regionali <strong>Mauro di Bert<\/strong>,<strong> Igor Treleani <\/strong>e <strong>Massimiliano Pozzo,<\/strong> il presidente dell&#8217;Associazione Famiglie Diabetici della Bassa Friulana Odv, <strong>Dario Andrian<\/strong>, assieme al vicepresidente <strong>Nicola Tonini<\/strong> e al segretario <strong>Roberto Rosso<\/strong>, il presidente dell\u2019Ordine delle Professioni Infermieristiche della Provincia di Udine, <strong>Stefano Giglio<\/strong>, il consigliere dell\u2019Ordine dei Medici Chirurghi e degli Odontoiatri della Provincia di Udine, <strong>Silla Stel<\/strong>, il presidente dell\u2019Ordine dei Farmacisti della Provincia di Udine, <strong>Claudio Corradini D\u2019Elia<\/strong>, il direttore del Distretto Socio Sanitario della Riviera Friulana, <strong>Elena Revelant<\/strong> e il parroco di Bicinicco, <strong>don Michele Zanon<\/strong>, che ha benedetto gli spazi.<\/p>\n<p>Attraverso l&#8217;Info-Point Diabetologico di Comunit\u00e0 i cittadini di Bicinicco potranno usufruire di un <strong>servizio informativo e di prevenzione sempre attivo e gratuito legato alla patologia diabetica e alle sindromi metaboliche<\/strong>.<\/p>\n<figure id=\"attachment_65702\" aria-describedby=\"caption-attachment-65702\" style=\"width: 1000px\" class=\"wp-caption aligncenter\"><img loading=\"lazy\" decoding=\"async\" class=\"size-full wp-image-65702\" src=\"https:\/\/imagazine.it\/wp-content\/uploads\/2025\/06\/P1170017.jpg\" alt=\"\" width=\"1000\" height=\"667\" title=\"\" srcset=\"https:\/\/imagazine.it\/wp-content\/uploads\/2025\/06\/P1170017.jpg 1000w, https:\/\/imagazine.it\/wp-content\/uploads\/2025\/06\/P1170017-300x200.jpg 300w, https:\/\/imagazine.it\/wp-content\/uploads\/2025\/06\/P1170017-768x512.jpg 768w, https:\/\/imagazine.it\/wp-content\/uploads\/2025\/06\/P1170017-391x260.jpg 391w, https:\/\/imagazine.it\/wp-content\/uploads\/2025\/06\/P1170017-272x182.jpg 272w\" sizes=\"auto, (max-width: 1000px) 100vw, 1000px\" \/><figcaption id=\"caption-attachment-65702\" class=\"wp-caption-text\">La presentazione all&#8217;interno<\/figcaption><\/figure>\n<p>L&#8217;Info-Point Diabetologico di Comunit\u00e0 sar\u00e0 aperto dal 4 giugno ogni primo e terzo mercoled\u00ec del mese dalle ore 9 alle ore 11.<\/p>\n","protected":false},"excerpt":{"rendered":"<p>Inaugurata a Bicinicco la struttura realizzata in collaborazione con l\u2019Associazione Famiglie Diabetici della Bassa Friulana <\/p>\n","protected":false},"author":28,"featured_media":65701,"comment_status":"closed","ping_status":"closed","sticky":false,"template":"","format":"image","meta":{"dwc-title":[""],"dwc-content":[""],"footnotes":""},"categories":[5],"tags":[2813,1590,97,95],"class_list":["post-65700","post","type-post","status-publish","format-image","has-post-thumbnail","hentry","category-attualita","tag-bicinicco","tag-diabete","tag-salute","tag-sanita","post_format-post-format-image"],"rttpg_featured_image_url":{"full":["https:\/\/imagazine.it\/wp-content\/uploads\/2025\/06\/P1170049.jpg",1366,749,false],"landscape":["https:\/\/imagazine.it\/wp-content\/uploads\/2025\/06\/P1170049.jpg",1366,749,false],"portraits":["https:\/\/imagazine.it\/wp-content\/uploads\/2025\/06\/P1170049.jpg",1366,749,false],"thumbnail":["https:\/\/imagazine.it\/wp-content\/uploads\/2025\/06\/P1170049-150x150.jpg",150,150,true],"medium":["https:\/\/imagazine.it\/wp-content\/uploads\/2025\/06\/P1170049-300x164.jpg",300,164,true],"large":["https:\/\/imagazine.it\/wp-content\/uploads\/2025\/06\/P1170049-1024x561.jpg",640,351,true],"thumblist":["https:\/\/imagazine.it\/wp-content\/uploads\/2025\/06\/P1170049-300x300.jpg",300,300,true],"thumbrelated":["https:\/\/imagazine.it\/wp-content\/uploads\/2025\/06\/P1170049-500x500.jpg",500,500,true],"meccarouselthumb":["https:\/\/imagazine.it\/wp-content\/uploads\/2025\/06\/P1170049-474x324.jpg",474,324,true],"gridsquare":["https:\/\/imagazine.it\/wp-content\/uploads\/2025\/06\/P1170049-391x260.jpg",391,260,true],"tileview":["https:\/\/imagazine.it\/wp-content\/uploads\/2025\/06\/P1170049-300x400.jpg",300,400,true],"1536x1536":["https:\/\/imagazine.it\/wp-content\/uploads\/2025\/06\/P1170049.jpg",1366,749,false],"2048x2048":["https:\/\/imagazine.it\/wp-content\/uploads\/2025\/06\/P1170049.jpg",1366,749,false],"newsup-slider-full":["https:\/\/imagazine.it\/wp-content\/uploads\/2025\/06\/P1170049-1280x720.jpg",1280,720,true],"newsup-featured":["https:\/\/imagazine.it\/wp-content\/uploads\/2025\/06\/P1170049-1024x561.jpg",1024,561,true],"newsup-medium":["https:\/\/imagazine.it\/wp-content\/uploads\/2025\/06\/P1170049-720x380.jpg",720,380,true],"tptn_thumbnail":["https:\/\/imagazine.it\/wp-content\/uploads\/2025\/06\/P1170049-250x210.jpg",250,210,true],"sow-carousel-default":["https:\/\/imagazine.it\/wp-content\/uploads\/2025\/06\/P1170049-272x182.jpg",272,182,true]},"rttpg_author":{"display_name":"redazione","author_link":"https:\/\/imagazine.it\/home_desk\/author\/redazione\/"},"rttpg_comment":0,"rttpg_category":"<a href=\"https:\/\/imagazine.it\/home_desk\/category\/attualita\/\" rel=\"category tag\">ATTUALIT\u00c0<\/a>","rttpg_excerpt":"Inaugurata a Bicinicco la struttura realizzata in collaborazione con l\u2019Associazione Famiglie Diabetici della Bassa Friulana","_links":{"self":[{"href":"https:\/\/imagazine.it\/home_desk\/wp-json\/wp\/v2\/posts\/65700","targetHints":{"allow":["GET"]}}],"collection":[{"href":"https:\/\/imagazine.it\/home_desk\/wp-json\/wp\/v2\/posts"}],"about":[{"href":"https:\/\/imagazine.it\/home_desk\/wp-json\/wp\/v2\/types\/post"}],"author":[{"embeddable":true,"href":"https:\/\/imagazine.it\/home_desk\/wp-json\/wp\/v2\/users\/28"}],"replies":[{"embeddable":true,"href":"https:\/\/imagazine.it\/home_desk\/wp-json\/wp\/v2\/comments?post=65700"}],"version-history":[{"count":0,"href":"https:\/\/imagazine.it\/home_desk\/wp-json\/wp\/v2\/posts\/65700\/revisions"}],"wp:featuredmedia":[{"embeddable":true,"href":"https:\/\/imagazine.it\/home_desk\/wp-json\/wp\/v2\/media\/65701"}],"wp:attachment":[{"href":"https:\/\/imagazine.it\/home_desk\/wp-json\/wp\/v2\/media?parent=65700"}],"wp:term":[{"taxonomy":"category","embeddable":true,"href":"https:\/\/imagazine.it\/home_desk\/wp-json\/wp\/v2\/categories?post=65700"},{"taxonomy":"post_tag","embeddable":true,"href":"https:\/\/imagazine.it\/home_desk\/wp-json\/wp\/v2\/tags?post=65700"}],"curies":[{"name":"wp","href":"https:\/\/api.w.org\/{rel}","templated":true}]}}