{"id":65691,"date":"2025-06-03T16:19:50","date_gmt":"2025-06-03T14:19:50","guid":{"rendered":"https:\/\/imagazine.it\/home_desk\/?p=65691"},"modified":"2025-06-04T19:09:26","modified_gmt":"2025-06-04T17:09:26","slug":"ritorna-il-collegamento-marittimo-marano-lignano","status":"publish","type":"post","link":"https:\/\/imagazine.it\/home_desk\/ritorna-il-collegamento-marittimo-marano-lignano\/","title":{"rendered":"Ritorna il collegamento marittimo Marano-Lignano"},"content":{"rendered":"<p><span style=\"font-size: 10pt;\"><em>La Nuova Saturno<\/em><\/span><\/p>\n<p>MARANO LAGUNARE \u2013 Da\u00a0<strong>gioved\u00ec 5 giugno <\/strong>torna operativo il\u00a0<strong>servizio marittimo estivo di Tpl Fvg <\/strong>tra<strong> Marano Lagunare <\/strong>e<strong> Lignano Sabbiadoro<\/strong>.<\/p>\n<p>Il collegamento turistico offrir\u00e0 fino a settembre a passeggeri e ciclisti la possibilit\u00e0 di raggiungere la localit\u00e0 balneare attraverso una panoramica traversata in laguna.<\/p>\n<p>La navigazione, della durata di circa\u00a0<strong>40 minuti<\/strong>, \u00e8 effettuata a bordo della motonave\u00a0<strong><em>Nuova Saturno<\/em><\/strong>, dotata dello spazio per trasportare\u00a0<strong>fino a 10 biciclette<\/strong>.<\/p>\n<p>Questo rende il servizio ideale per i cicloamatori che dall\u2019entroterra desiderano raggiungere la costa, esplorare le\u00a0<strong>ciclabili di Lignano<\/strong>\u00a0e, tramite il\u00a0<strong>passo barca X River<\/strong>, proseguire fino a\u00a0<strong>Bibione<\/strong>.<\/p>\n<p>Il collegamento marittimo \u00e8\u00a0<strong>integrato con il trasporto extraurbano e con il servizio urbano di Lignano<\/strong>, garantendo piena continuit\u00e0 tra i diversi mezzi di trasporto pubblico nella regione.<\/p>\n<p><strong>\u00a0<\/strong>Gli<strong> approdi <\/strong>della Motonave Nuova Saturno saranno a <strong>Marano Lagunare<\/strong>\u00a0in Porto (Vecchia Pescheria) e a <strong>Lignano Sabbiadoro<\/strong>\u00a0allo Sbarco dei Pirati.<\/p>\n<h3><strong>Calendario e orari di partenza giornalieri estate 2025<\/strong><\/h3>\n<p><strong>\u00a0Dal 5 al 30 giugno<\/strong><\/p>\n<p>Partenze da Marano \u00a0\u00a0\u00a0\u00a009:00, 11:00, 14:00, 16:00, 18:00<\/p>\n<p>Partenze da Lignano\u00a0\u00a0\u00a0 10:00, 12:00, 15:00, 17:00, 19:00<\/p>\n<p><strong>Dal 1 luglio al 31 agosto<\/strong><\/p>\n<p>Partenze da Marano 09:00, 11:00, 14:00, 16:00, 18:00, 22:30<\/p>\n<p>Partenze da Lignano\u00a0 10:00, 12:00, 15:00, 17:00, 19:00, 23:15<\/p>\n<p><strong>Dal 1 al 7 settembre<\/strong><\/p>\n<p>Partenze da Marano \u00a0\u00a009:00, 11:00, 14:00, 16:00, 18:00<\/p>\n<p>Partenze da Lignano\u00a0 10:00, 12:00, 15:00, 17:00, 19:00<\/p>\n<p><strong>Dall\u20198 al 14 e weekend 20-21 e 27-28 settembre<\/strong><\/p>\n<p>Partenze da Marano\u00a0 \u00a009:00, 11:00, 14:00, 18:00<\/p>\n<p>Partenze da Lignano 10:00, 12:00, 17:00, 19:00<\/p>\n<h3><strong>Trasporto biciclette<\/strong><\/h3>\n<p>Per motivi di sicurezza l trasporto di biciclette \u00e8 consentito\u00a0<strong>nei limiti dello spazio disponibile<\/strong>\u00a0e\u00a0<strong>a discrezione del comandante<\/strong>. Si consiglia di verificare le eventuali limitazioni prima della partenza.<\/p>\n<h3><strong>Biglietti<\/strong><\/h3>\n<p>I biglietti possono essere acquistati a<strong>\u00a0bordo della motonave, anche con carta di credito, attraverso le app TPL FVG e GLIMBLE FVG (download gratuito da Google Play e App Store), p<\/strong>resso le\u00a0<strong>biglietterie Core e Active TPL FVG, e\u00a0<\/strong>presso i punti vendita abilitati di Marano Lagunare, Carlino, San Giorgio di Nogaro, Lignano Sabbiadoro e Udine.<\/p>\n","protected":false},"excerpt":{"rendered":"<p>Dal 5 giugno al via la stagione estiva. Navigazione di circa 40 minuti con spazio per trasportare fino a 10 biciclette <\/p>\n","protected":false},"author":28,"featured_media":65692,"comment_status":"closed","ping_status":"closed","sticky":false,"template":"","format":"image","meta":{"dwc-title":[""],"dwc-content":[""],"footnotes":""},"categories":[8],"tags":[174,1422,175,2009,86],"class_list":["post-65691","post","type-post","status-publish","format-image","has-post-thumbnail","hentry","category-turismo","tag-grado","tag-marano","tag-mare","tag-nave","tag-trasporti","post_format-post-format-image"],"rttpg_featured_image_url":{"full":["https:\/\/imagazine.it\/wp-content\/uploads\/2025\/06\/nave-saturno.jpg",1366,837,false],"landscape":["https:\/\/imagazine.it\/wp-content\/uploads\/2025\/06\/nave-saturno.jpg",1366,837,false],"portraits":["https:\/\/imagazine.it\/wp-content\/uploads\/2025\/06\/nave-saturno.jpg",1366,837,false],"thumbnail":["https:\/\/imagazine.it\/wp-content\/uploads\/2025\/06\/nave-saturno-150x150.jpg",150,150,true],"medium":["https:\/\/imagazine.it\/wp-content\/uploads\/2025\/06\/nave-saturno-300x184.jpg",300,184,true],"large":["https:\/\/imagazine.it\/wp-content\/uploads\/2025\/06\/nave-saturno-1024x627.jpg",640,392,true],"thumblist":["https:\/\/imagazine.it\/wp-content\/uploads\/2025\/06\/nave-saturno-300x300.jpg",300,300,true],"thumbrelated":["https:\/\/imagazine.it\/wp-content\/uploads\/2025\/06\/nave-saturno-500x500.jpg",500,500,true],"meccarouselthumb":["https:\/\/imagazine.it\/wp-content\/uploads\/2025\/06\/nave-saturno-474x324.jpg",474,324,true],"gridsquare":["https:\/\/imagazine.it\/wp-content\/uploads\/2025\/06\/nave-saturno-391x260.jpg",391,260,true],"tileview":["https:\/\/imagazine.it\/wp-content\/uploads\/2025\/06\/nave-saturno-300x400.jpg",300,400,true],"1536x1536":["https:\/\/imagazine.it\/wp-content\/uploads\/2025\/06\/nave-saturno.jpg",1366,837,false],"2048x2048":["https:\/\/imagazine.it\/wp-content\/uploads\/2025\/06\/nave-saturno.jpg",1366,837,false],"newsup-slider-full":["https:\/\/imagazine.it\/wp-content\/uploads\/2025\/06\/nave-saturno-1280x720.jpg",1280,720,true],"newsup-featured":["https:\/\/imagazine.it\/wp-content\/uploads\/2025\/06\/nave-saturno-1024x627.jpg",1024,627,true],"newsup-medium":["https:\/\/imagazine.it\/wp-content\/uploads\/2025\/06\/nave-saturno-720x380.jpg",720,380,true],"tptn_thumbnail":["https:\/\/imagazine.it\/wp-content\/uploads\/2025\/06\/nave-saturno-250x210.jpg",250,210,true],"sow-carousel-default":["https:\/\/imagazine.it\/wp-content\/uploads\/2025\/06\/nave-saturno-272x182.jpg",272,182,true]},"rttpg_author":{"display_name":"redazione","author_link":"https:\/\/imagazine.it\/home_desk\/author\/redazione\/"},"rttpg_comment":0,"rttpg_category":"<a href=\"https:\/\/imagazine.it\/home_desk\/category\/turismo\/\" rel=\"category tag\">TURISMO<\/a>","rttpg_excerpt":"Dal 5 giugno al via la stagione estiva. Navigazione di circa 40 minuti con spazio per trasportare fino a 10 biciclette","_links":{"self":[{"href":"https:\/\/imagazine.it\/home_desk\/wp-json\/wp\/v2\/posts\/65691","targetHints":{"allow":["GET"]}}],"collection":[{"href":"https:\/\/imagazine.it\/home_desk\/wp-json\/wp\/v2\/posts"}],"about":[{"href":"https:\/\/imagazine.it\/home_desk\/wp-json\/wp\/v2\/types\/post"}],"author":[{"embeddable":true,"href":"https:\/\/imagazine.it\/home_desk\/wp-json\/wp\/v2\/users\/28"}],"replies":[{"embeddable":true,"href":"https:\/\/imagazine.it\/home_desk\/wp-json\/wp\/v2\/comments?post=65691"}],"version-history":[{"count":0,"href":"https:\/\/imagazine.it\/home_desk\/wp-json\/wp\/v2\/posts\/65691\/revisions"}],"wp:featuredmedia":[{"embeddable":true,"href":"https:\/\/imagazine.it\/home_desk\/wp-json\/wp\/v2\/media\/65692"}],"wp:attachment":[{"href":"https:\/\/imagazine.it\/home_desk\/wp-json\/wp\/v2\/media?parent=65691"}],"wp:term":[{"taxonomy":"category","embeddable":true,"href":"https:\/\/imagazine.it\/home_desk\/wp-json\/wp\/v2\/categories?post=65691"},{"taxonomy":"post_tag","embeddable":true,"href":"https:\/\/imagazine.it\/home_desk\/wp-json\/wp\/v2\/tags?post=65691"}],"curies":[{"name":"wp","href":"https:\/\/api.w.org\/{rel}","templated":true}]}}