{"id":65658,"date":"2025-06-02T21:58:58","date_gmt":"2025-06-02T19:58:58","guid":{"rendered":"https:\/\/imagazine.it\/home_desk\/?p=65658"},"modified":"2025-06-02T21:58:58","modified_gmt":"2025-06-02T19:58:58","slug":"nozze-doro-per-olindo-godeassi-e-rosina-ermacora","status":"publish","type":"post","link":"https:\/\/imagazine.it\/home_desk\/nozze-doro-per-olindo-godeassi-e-rosina-ermacora\/","title":{"rendered":"Nozze d&#8217;oro per Olindo Godeassi e Rosina Ermacora"},"content":{"rendered":"<p><span style=\"font-size: 10pt;\"><em>Olindo Godeassi e Rosina Ermacora<\/em><\/span><\/p>\n<p>SAN VITO AL TORRE \u2013 Si sono celebrate le <strong>nozze d&#8217;oro<\/strong> per <strong>Olindo Godeassi e Rosina Ermacora<\/strong>.<\/p>\n<p>Un momento speciale per i coniugi, festeggiati da tutti i famigliari che si sono stretti attorno a loro per celebrare i 50 anni di matrimonio.<\/p>\n<p>Olindo era un <strong>bravo giocatore di calcio<\/strong>, e Rosina andava sempre a vedere le partite quando lui era in campo. Fu cos\u00ec che un giorno si conobbero, e sbocci\u00f2 subito un amore vero che li port\u00f2 alla decisione di sposarsi e fu <strong>don Silvio<\/strong> <strong>Lesa<\/strong> a unirli in matrimonio il <strong>24 maggio 1975<\/strong> a Jalmicco.<\/p>\n<p>Olindo ha dedicato la sua intera carriera lavorativa alla pittura edile, lasciando il segno su numerose abitazioni del paese e dei dintorni, mentre Rosina faceva la commessa.<\/p>\n<p>La loro unione \u00e8 stata allietata dalla nascita di due figli, Katia e Mauro, e la discendenza si \u00e8 poi arricchita con l&#8217;arrivo dei nipoti Davide e Ilaria.<\/p>\n<p>Tutta la <strong>famiglia al gran completo<\/strong>, assieme ad amici e parenti, ha condiviso la gioia dei festeggiati.<\/p>\n<p>E a coronare questo momento cos\u00ec particolare, la <strong>ciliegina sulla torta<\/strong> \u00e8 stata la graditissima partecipazione dei loro due testimoni di nozze, Liceo e Loredana.<\/p>\n","protected":false},"excerpt":{"rendered":"<p>I coniugi di San Vito al Torre hanno celebrato i 50 anni di matrimonio assieme ai parenti e ai testimoni di allora<\/p>\n","protected":false},"author":22,"featured_media":65659,"comment_status":"closed","ping_status":"closed","sticky":false,"template":"","format":"image","meta":{"dwc-title":[""],"dwc-content":[""],"footnotes":""},"categories":[5],"tags":[2059,1634,282],"class_list":["post-65658","post","type-post","status-publish","format-image","has-post-thumbnail","hentry","category-attualita","tag-anniversari","tag-matrimonio","tag-san-vito","post_format-post-format-image"],"rttpg_featured_image_url":{"full":["https:\/\/imagazine.it\/wp-content\/uploads\/2025\/06\/olindo-rosina-50-02.jpg",1366,820,false],"landscape":["https:\/\/imagazine.it\/wp-content\/uploads\/2025\/06\/olindo-rosina-50-02.jpg",1366,820,false],"portraits":["https:\/\/imagazine.it\/wp-content\/uploads\/2025\/06\/olindo-rosina-50-02.jpg",1366,820,false],"thumbnail":["https:\/\/imagazine.it\/wp-content\/uploads\/2025\/06\/olindo-rosina-50-02-150x150.jpg",150,150,true],"medium":["https:\/\/imagazine.it\/wp-content\/uploads\/2025\/06\/olindo-rosina-50-02-300x180.jpg",300,180,true],"large":["https:\/\/imagazine.it\/wp-content\/uploads\/2025\/06\/olindo-rosina-50-02-1024x615.jpg",640,384,true],"thumblist":["https:\/\/imagazine.it\/wp-content\/uploads\/2025\/06\/olindo-rosina-50-02-300x300.jpg",300,300,true],"thumbrelated":["https:\/\/imagazine.it\/wp-content\/uploads\/2025\/06\/olindo-rosina-50-02-500x500.jpg",500,500,true],"meccarouselthumb":["https:\/\/imagazine.it\/wp-content\/uploads\/2025\/06\/olindo-rosina-50-02-474x324.jpg",474,324,true],"gridsquare":["https:\/\/imagazine.it\/wp-content\/uploads\/2025\/06\/olindo-rosina-50-02-391x260.jpg",391,260,true],"tileview":["https:\/\/imagazine.it\/wp-content\/uploads\/2025\/06\/olindo-rosina-50-02-300x400.jpg",300,400,true],"1536x1536":["https:\/\/imagazine.it\/wp-content\/uploads\/2025\/06\/olindo-rosina-50-02.jpg",1366,820,false],"2048x2048":["https:\/\/imagazine.it\/wp-content\/uploads\/2025\/06\/olindo-rosina-50-02.jpg",1366,820,false],"newsup-slider-full":["https:\/\/imagazine.it\/wp-content\/uploads\/2025\/06\/olindo-rosina-50-02-1280x720.jpg",1280,720,true],"newsup-featured":["https:\/\/imagazine.it\/wp-content\/uploads\/2025\/06\/olindo-rosina-50-02-1024x615.jpg",1024,615,true],"newsup-medium":["https:\/\/imagazine.it\/wp-content\/uploads\/2025\/06\/olindo-rosina-50-02-720x380.jpg",720,380,true],"tptn_thumbnail":["https:\/\/imagazine.it\/wp-content\/uploads\/2025\/06\/olindo-rosina-50-02-250x210.jpg",250,210,true],"sow-carousel-default":["https:\/\/imagazine.it\/wp-content\/uploads\/2025\/06\/olindo-rosina-50-02-272x182.jpg",272,182,true]},"rttpg_author":{"display_name":"Livio Nonis","author_link":"https:\/\/imagazine.it\/home_desk\/author\/nonis\/"},"rttpg_comment":0,"rttpg_category":"<a href=\"https:\/\/imagazine.it\/home_desk\/category\/attualita\/\" rel=\"category tag\">ATTUALIT\u00c0<\/a>","rttpg_excerpt":"I coniugi di San Vito al Torre hanno celebrato i 50 anni di matrimonio assieme ai parenti e ai testimoni di allora","_links":{"self":[{"href":"https:\/\/imagazine.it\/home_desk\/wp-json\/wp\/v2\/posts\/65658","targetHints":{"allow":["GET"]}}],"collection":[{"href":"https:\/\/imagazine.it\/home_desk\/wp-json\/wp\/v2\/posts"}],"about":[{"href":"https:\/\/imagazine.it\/home_desk\/wp-json\/wp\/v2\/types\/post"}],"author":[{"embeddable":true,"href":"https:\/\/imagazine.it\/home_desk\/wp-json\/wp\/v2\/users\/22"}],"replies":[{"embeddable":true,"href":"https:\/\/imagazine.it\/home_desk\/wp-json\/wp\/v2\/comments?post=65658"}],"version-history":[{"count":0,"href":"https:\/\/imagazine.it\/home_desk\/wp-json\/wp\/v2\/posts\/65658\/revisions"}],"wp:featuredmedia":[{"embeddable":true,"href":"https:\/\/imagazine.it\/home_desk\/wp-json\/wp\/v2\/media\/65659"}],"wp:attachment":[{"href":"https:\/\/imagazine.it\/home_desk\/wp-json\/wp\/v2\/media?parent=65658"}],"wp:term":[{"taxonomy":"category","embeddable":true,"href":"https:\/\/imagazine.it\/home_desk\/wp-json\/wp\/v2\/categories?post=65658"},{"taxonomy":"post_tag","embeddable":true,"href":"https:\/\/imagazine.it\/home_desk\/wp-json\/wp\/v2\/tags?post=65658"}],"curies":[{"name":"wp","href":"https:\/\/api.w.org\/{rel}","templated":true}]}}