{"id":65627,"date":"2025-05-30T18:00:45","date_gmt":"2025-05-30T16:00:45","guid":{"rendered":"https:\/\/imagazine.it\/home_desk\/?p=65627"},"modified":"2025-06-03T16:20:14","modified_gmt":"2025-06-03T14:20:14","slug":"apt-gorizia-ripartono-i-collegamenti-marittimi","status":"publish","type":"post","link":"https:\/\/imagazine.it\/home_desk\/apt-gorizia-ripartono-i-collegamenti-marittimi\/","title":{"rendered":"APT Gorizia: ripartono i collegamenti marittimi"},"content":{"rendered":"<p><span style=\"font-size: 10pt;\"><em>Il battello Santa Maria<\/em><\/span><\/p>\n<p>GRADO \u2013 A partire da <strong>domenica 1\u00b0 giugno<\/strong>, APT GORIZIA riattiva i collegamenti marittimi tra alcune delle pi\u00f9 importanti localit\u00e0 turistiche del Friuli Venezia Giulia.<\/p>\n<p>Le linee <strong>Lignano\u2013Grado<\/strong> e <strong>Aquileia\u2013Grado<\/strong> saranno operative fino al <strong>12 ottobre 2025<\/strong>, offrendo un modo comodo, suggestivo e sostenibile per spostarsi tra spiagge, natura e cultura.<\/p>\n<p>Due percorsi panoramici che uniscono la comodit\u00e0 del collegamento via mare \u2013 evitando l\u2019uso dell\u2019automobile \u2013 alla possibilit\u00e0 di ammirare le bellezze della costa adriatica e la magia della laguna con i suoi paesaggi sospesi. Il tutto con la possibilit\u00e0 di portare con s\u00e9 la bicicletta e proseguire lungo i tanti itinerari ciclabili del territorio.<\/p>\n<h3><strong>LIGNANO\u2013GRADO (Motonave Rosa dei Venti)<\/strong><\/h3>\n<p>La motonave <em>Rosa dei Venti<\/em> collega Lignano e Grado attraverso il mare Adriatico e la laguna di Grado e Marano.<\/p>\n<p>Il viaggio consente di osservare una variet\u00e0 di elementi caratteristici: le bocche di porto, i canali lagunari, velme e barene, le valli da pesca, i casoni dei pescatori, la litoranea veneta e l&#8217;alternarsi della marea.<\/p>\n<p>Un itinerario perfetto anche per chi ama abbinare bicicletta e navigazione, alternando tratti in barca a tratti lungo i percorsi ciclabili di Grado, Lignano e dintorni.<\/p>\n<p>Il viaggio dura circa un&#8217;ora e venticinque minuti se la tratta viene effettuata via mare e un&#8217;ora e quaranta per la tratta lagunare via Porto Buso.<\/p>\n<p>Orari dall\u20191 giugno al 31 agosto: da marted\u00ec a domenica (servizio attivo anche luned\u00ec 2 giugno e luned\u00ec 18 agosto), partenze da Lignano ore 8.30 \u2013 15.30, partenze da Grado ore 10.20 \u2013 17.20.<\/p>\n<h3>\u00a0<strong>AQUILEIA\u2013GRADO (Battello Santa Maria)<\/strong><\/h3>\n<p>Il Battello Santa Maria collega Grado ad Aquileia navigando attraverso la laguna e lungo il fiume Natissa.<\/p>\n<p>Il tragitto consente di scoprire il patrimonio storico e naturale del Friuli Venezia Giulia da una prospettiva diversa: dalle spiagge dorate di Grado alla storia romana di Aquileia, passando per canali, casoni e scorci che sembrano fermi nel tempo.<\/p>\n<p>Anche questa linea \u00e8 attrezzata per il trasporto biciclette.<\/p>\n<p>Il tempo di navigazione \u00e8 di un\u2019ora e cinque minuti, con partenze da Aquileia alle ore 9, 13.10 e 18.05. Partenze da Grado alle ore 10.15, 14.15 e 19.10.<\/p>\n<p>I biglietti (<span style=\"text-decoration: underline;\"><a href=\"https:\/\/www.aptgorizia.it\/servizi-marittimi\/\" target=\"_blank\" rel=\"noopener\">clicca qui per i dettagli<\/a><\/span>) possono essere acquistati tramite App TPL FVG &#8211; App GLIMBLE FVG, biglietterie TPL FVG, presso il molo prima della partenza (inquadrando il \u00a0QR CODE e acquistando da smartphone con carta di credito), e a bordo.<\/p>\n","protected":false},"excerpt":{"rendered":"<p>Da domenica nuovamente in funzione le tratte Lignano-Grado e Grado-Aquileia. Anche con bici a bordo. Ecco gli orari<\/p>\n","protected":false},"author":28,"featured_media":65628,"comment_status":"closed","ping_status":"closed","sticky":false,"template":"","format":"image","meta":{"dwc-title":[""],"dwc-content":[""],"footnotes":""},"categories":[8],"tags":[349,174,225,175,2009,86],"class_list":["post-65627","post","type-post","status-publish","format-image","has-post-thumbnail","hentry","category-turismo","tag-aquileia","tag-grado","tag-lignano","tag-mare","tag-nave","tag-trasporti","post_format-post-format-image"],"rttpg_featured_image_url":{"full":["https:\/\/imagazine.it\/wp-content\/uploads\/2025\/05\/santa-maria-a-Grado.jpg",1366,743,false],"landscape":["https:\/\/imagazine.it\/wp-content\/uploads\/2025\/05\/santa-maria-a-Grado.jpg",1366,743,false],"portraits":["https:\/\/imagazine.it\/wp-content\/uploads\/2025\/05\/santa-maria-a-Grado.jpg",1366,743,false],"thumbnail":["https:\/\/imagazine.it\/wp-content\/uploads\/2025\/05\/santa-maria-a-Grado-150x150.jpg",150,150,true],"medium":["https:\/\/imagazine.it\/wp-content\/uploads\/2025\/05\/santa-maria-a-Grado-300x163.jpg",300,163,true],"large":["https:\/\/imagazine.it\/wp-content\/uploads\/2025\/05\/santa-maria-a-Grado-1024x557.jpg",640,348,true],"thumblist":["https:\/\/imagazine.it\/wp-content\/uploads\/2025\/05\/santa-maria-a-Grado-300x300.jpg",300,300,true],"thumbrelated":["https:\/\/imagazine.it\/wp-content\/uploads\/2025\/05\/santa-maria-a-Grado-500x500.jpg",500,500,true],"meccarouselthumb":["https:\/\/imagazine.it\/wp-content\/uploads\/2025\/05\/santa-maria-a-Grado-474x324.jpg",474,324,true],"gridsquare":["https:\/\/imagazine.it\/wp-content\/uploads\/2025\/05\/santa-maria-a-Grado-391x260.jpg",391,260,true],"tileview":["https:\/\/imagazine.it\/wp-content\/uploads\/2025\/05\/santa-maria-a-Grado-300x400.jpg",300,400,true],"1536x1536":["https:\/\/imagazine.it\/wp-content\/uploads\/2025\/05\/santa-maria-a-Grado.jpg",1366,743,false],"2048x2048":["https:\/\/imagazine.it\/wp-content\/uploads\/2025\/05\/santa-maria-a-Grado.jpg",1366,743,false],"newsup-slider-full":["https:\/\/imagazine.it\/wp-content\/uploads\/2025\/05\/santa-maria-a-Grado-1280x720.jpg",1280,720,true],"newsup-featured":["https:\/\/imagazine.it\/wp-content\/uploads\/2025\/05\/santa-maria-a-Grado-1024x557.jpg",1024,557,true],"newsup-medium":["https:\/\/imagazine.it\/wp-content\/uploads\/2025\/05\/santa-maria-a-Grado-720x380.jpg",720,380,true],"tptn_thumbnail":["https:\/\/imagazine.it\/wp-content\/uploads\/2025\/05\/santa-maria-a-Grado-250x210.jpg",250,210,true],"sow-carousel-default":["https:\/\/imagazine.it\/wp-content\/uploads\/2025\/05\/santa-maria-a-Grado-272x182.jpg",272,182,true]},"rttpg_author":{"display_name":"redazione","author_link":"https:\/\/imagazine.it\/home_desk\/author\/redazione\/"},"rttpg_comment":0,"rttpg_category":"<a href=\"https:\/\/imagazine.it\/home_desk\/category\/turismo\/\" rel=\"category tag\">TURISMO<\/a>","rttpg_excerpt":"Da domenica nuovamente in funzione le tratte Lignano-Grado e Grado-Aquileia. Anche con bici a bordo. Ecco gli orari","_links":{"self":[{"href":"https:\/\/imagazine.it\/home_desk\/wp-json\/wp\/v2\/posts\/65627","targetHints":{"allow":["GET"]}}],"collection":[{"href":"https:\/\/imagazine.it\/home_desk\/wp-json\/wp\/v2\/posts"}],"about":[{"href":"https:\/\/imagazine.it\/home_desk\/wp-json\/wp\/v2\/types\/post"}],"author":[{"embeddable":true,"href":"https:\/\/imagazine.it\/home_desk\/wp-json\/wp\/v2\/users\/28"}],"replies":[{"embeddable":true,"href":"https:\/\/imagazine.it\/home_desk\/wp-json\/wp\/v2\/comments?post=65627"}],"version-history":[{"count":0,"href":"https:\/\/imagazine.it\/home_desk\/wp-json\/wp\/v2\/posts\/65627\/revisions"}],"wp:featuredmedia":[{"embeddable":true,"href":"https:\/\/imagazine.it\/home_desk\/wp-json\/wp\/v2\/media\/65628"}],"wp:attachment":[{"href":"https:\/\/imagazine.it\/home_desk\/wp-json\/wp\/v2\/media?parent=65627"}],"wp:term":[{"taxonomy":"category","embeddable":true,"href":"https:\/\/imagazine.it\/home_desk\/wp-json\/wp\/v2\/categories?post=65627"},{"taxonomy":"post_tag","embeddable":true,"href":"https:\/\/imagazine.it\/home_desk\/wp-json\/wp\/v2\/tags?post=65627"}],"curies":[{"name":"wp","href":"https:\/\/api.w.org\/{rel}","templated":true}]}}