{"id":65612,"date":"2025-05-30T10:31:14","date_gmt":"2025-05-30T08:31:14","guid":{"rendered":"https:\/\/imagazine.it\/home_desk\/?p=65612"},"modified":"2025-05-30T10:31:14","modified_gmt":"2025-05-30T08:31:14","slug":"aiello-rimette-a-nuovo-il-cimitero","status":"publish","type":"post","link":"https:\/\/imagazine.it\/home_desk\/aiello-rimette-a-nuovo-il-cimitero\/","title":{"rendered":"Aiello rimette a nuovo il cimitero"},"content":{"rendered":"<p><span style=\"font-size: 10pt;\"><em>Lavori in corso al cimitero di Aiello<\/em><\/span><\/p>\n<p>AIELLO DEL FRIULI \u2013 Prosegue l\u2019intervento di &#8220;<em>restyling<\/em>&#8221; dell&#8217;area cimiteriale ad Aiello del Friuli.<\/p>\n<p>L&#8217;obiettivo \u00e8 quello di rinnovare, riqualificare e modernizzare completamente l&#8217;<strong>aspetto <\/strong>e la <strong>funzionalit\u00e0 <\/strong>del <strong>cimitero<\/strong>, migliorandone l&#8217;accessibilit\u00e0 e la dignit\u00e0 per la comunit\u00e0.<\/p>\n<p>Non si tratta solo di una semplice manutenzione, ma \u00e8 un progetto pi\u00f9 ampio che coinvolge aspetti estetici, strutturali e funzionali, sempre nel rispetto della sacralit\u00e0 del luogo.<\/p>\n<p>L&#8217;intervento prevede diverse fasi: inizialmente, dopo lo scavo per la preparazione del fondo, si \u00e8 provveduto a <strong>livellare il terreno<\/strong>.<\/p>\n<p>Successivamente, sono stati posizionati dei <strong>fogli di tessuto non tessuto (TNT)<\/strong>, fondamentali per <strong>inibire la crescita delle erbacce<\/strong>, particolarmente problematiche durante la primavera.<\/p>\n<p>Infine, \u00e8 stato applicato uno strato di <strong>pietre spaccate<\/strong>, sormontato da uno strato di <strong>ghiaia molto fine<\/strong> che, rullata, ha creato un <strong>tappeto compatto ed estremamente efficiente<\/strong>.<\/p>\n<p><img loading=\"lazy\" decoding=\"async\" class=\"aligncenter size-full wp-image-65613\" src=\"https:\/\/imagazine.it\/wp-content\/uploads\/2025\/05\/cimitero-aiello-lavori-02.jpg\" alt=\"\" width=\"1000\" height=\"602\" title=\"\" srcset=\"https:\/\/imagazine.it\/wp-content\/uploads\/2025\/05\/cimitero-aiello-lavori-02.jpg 1000w, https:\/\/imagazine.it\/wp-content\/uploads\/2025\/05\/cimitero-aiello-lavori-02-300x181.jpg 300w, https:\/\/imagazine.it\/wp-content\/uploads\/2025\/05\/cimitero-aiello-lavori-02-768x462.jpg 768w\" sizes=\"auto, (max-width: 1000px) 100vw, 1000px\" \/><\/p>\n<p>In questi giorni si sta provvedendo anche a <strong>sistemare l&#8217;illuminazione<\/strong> che valorizza le tombe. Verr\u00e0 <strong>rifatto l&#8217;intero impianto elettrico<\/strong>, garantendone la <strong>massima sicurezza<\/strong> e conferendo all&#8217;area un <strong>aspetto pi\u00f9 curato e suggestivo, specialmente nelle ore serali. <\/strong><\/p>\n<p>Il costo complessivo di queste opere di riqualificazione si aggira sui<strong> 40.000 euro<\/strong>, interamente coperti da fondi dell&#8217;amministrazione comunale.<\/p>\n","protected":false},"excerpt":{"rendered":"<p>Investimento di 40mila euro per riqualificare l&#8217;area. Rinnovata anche l&#8217;illuminazione. Intervento coperto interamente da fondi comunali<\/p>\n","protected":false},"author":22,"featured_media":65614,"comment_status":"closed","ping_status":"closed","sticky":false,"template":"","format":"image","meta":{"dwc-title":[""],"dwc-content":[""],"footnotes":""},"categories":[5],"tags":[126,2982,384,173],"class_list":["post-65612","post","type-post","status-publish","format-image","has-post-thumbnail","hentry","category-attualita","tag-aiello","tag-cimitero","tag-lavori","tag-riqualificazione","post_format-post-format-image"],"rttpg_featured_image_url":{"full":["https:\/\/imagazine.it\/wp-content\/uploads\/2025\/05\/cimitero-aiello-lavori-01.jpg",1366,852,false],"landscape":["https:\/\/imagazine.it\/wp-content\/uploads\/2025\/05\/cimitero-aiello-lavori-01.jpg",1366,852,false],"portraits":["https:\/\/imagazine.it\/wp-content\/uploads\/2025\/05\/cimitero-aiello-lavori-01.jpg",1366,852,false],"thumbnail":["https:\/\/imagazine.it\/wp-content\/uploads\/2025\/05\/cimitero-aiello-lavori-01-150x150.jpg",150,150,true],"medium":["https:\/\/imagazine.it\/wp-content\/uploads\/2025\/05\/cimitero-aiello-lavori-01-300x187.jpg",300,187,true],"large":["https:\/\/imagazine.it\/wp-content\/uploads\/2025\/05\/cimitero-aiello-lavori-01-1024x639.jpg",640,399,true],"thumblist":["https:\/\/imagazine.it\/wp-content\/uploads\/2025\/05\/cimitero-aiello-lavori-01-300x300.jpg",300,300,true],"thumbrelated":["https:\/\/imagazine.it\/wp-content\/uploads\/2025\/05\/cimitero-aiello-lavori-01-500x500.jpg",500,500,true],"meccarouselthumb":["https:\/\/imagazine.it\/wp-content\/uploads\/2025\/05\/cimitero-aiello-lavori-01-474x324.jpg",474,324,true],"gridsquare":["https:\/\/imagazine.it\/wp-content\/uploads\/2025\/05\/cimitero-aiello-lavori-01-391x260.jpg",391,260,true],"tileview":["https:\/\/imagazine.it\/wp-content\/uploads\/2025\/05\/cimitero-aiello-lavori-01-300x400.jpg",300,400,true],"1536x1536":["https:\/\/imagazine.it\/wp-content\/uploads\/2025\/05\/cimitero-aiello-lavori-01.jpg",1366,852,false],"2048x2048":["https:\/\/imagazine.it\/wp-content\/uploads\/2025\/05\/cimitero-aiello-lavori-01.jpg",1366,852,false],"newsup-slider-full":["https:\/\/imagazine.it\/wp-content\/uploads\/2025\/05\/cimitero-aiello-lavori-01-1280x720.jpg",1280,720,true],"newsup-featured":["https:\/\/imagazine.it\/wp-content\/uploads\/2025\/05\/cimitero-aiello-lavori-01-1024x639.jpg",1024,639,true],"newsup-medium":["https:\/\/imagazine.it\/wp-content\/uploads\/2025\/05\/cimitero-aiello-lavori-01-720x380.jpg",720,380,true],"tptn_thumbnail":["https:\/\/imagazine.it\/wp-content\/uploads\/2025\/05\/cimitero-aiello-lavori-01-250x210.jpg",250,210,true],"sow-carousel-default":["https:\/\/imagazine.it\/wp-content\/uploads\/2025\/05\/cimitero-aiello-lavori-01-272x182.jpg",272,182,true]},"rttpg_author":{"display_name":"Livio Nonis","author_link":"https:\/\/imagazine.it\/home_desk\/author\/nonis\/"},"rttpg_comment":0,"rttpg_category":"<a href=\"https:\/\/imagazine.it\/home_desk\/category\/attualita\/\" rel=\"category tag\">ATTUALIT\u00c0<\/a>","rttpg_excerpt":"Investimento di 40mila euro per riqualificare l'area. Rinnovata anche l'illuminazione. Intervento coperto interamente da fondi comunali","_links":{"self":[{"href":"https:\/\/imagazine.it\/home_desk\/wp-json\/wp\/v2\/posts\/65612","targetHints":{"allow":["GET"]}}],"collection":[{"href":"https:\/\/imagazine.it\/home_desk\/wp-json\/wp\/v2\/posts"}],"about":[{"href":"https:\/\/imagazine.it\/home_desk\/wp-json\/wp\/v2\/types\/post"}],"author":[{"embeddable":true,"href":"https:\/\/imagazine.it\/home_desk\/wp-json\/wp\/v2\/users\/22"}],"replies":[{"embeddable":true,"href":"https:\/\/imagazine.it\/home_desk\/wp-json\/wp\/v2\/comments?post=65612"}],"version-history":[{"count":0,"href":"https:\/\/imagazine.it\/home_desk\/wp-json\/wp\/v2\/posts\/65612\/revisions"}],"wp:featuredmedia":[{"embeddable":true,"href":"https:\/\/imagazine.it\/home_desk\/wp-json\/wp\/v2\/media\/65614"}],"wp:attachment":[{"href":"https:\/\/imagazine.it\/home_desk\/wp-json\/wp\/v2\/media?parent=65612"}],"wp:term":[{"taxonomy":"category","embeddable":true,"href":"https:\/\/imagazine.it\/home_desk\/wp-json\/wp\/v2\/categories?post=65612"},{"taxonomy":"post_tag","embeddable":true,"href":"https:\/\/imagazine.it\/home_desk\/wp-json\/wp\/v2\/tags?post=65612"}],"curies":[{"name":"wp","href":"https:\/\/api.w.org\/{rel}","templated":true}]}}