{"id":65585,"date":"2025-05-28T15:33:21","date_gmt":"2025-05-28T13:33:21","guid":{"rendered":"https:\/\/imagazine.it\/home_desk\/?p=65585"},"modified":"2025-05-30T14:43:35","modified_gmt":"2025-05-30T12:43:35","slug":"agrivoltaico-avanzato-in-fvg-progetto-unico-in-europa","status":"publish","type":"post","link":"https:\/\/imagazine.it\/home_desk\/agrivoltaico-avanzato-in-fvg-progetto-unico-in-europa\/","title":{"rendered":"Agrivoltaico avanzato: in FVG progetto unico in Europa"},"content":{"rendered":"<p><span style=\"font-size: 10pt;\"><em>L&#8217;agrivoltaico avanzato su vigneto<\/em><\/span><\/p>\n<p>PALAZZOLO DELLO STELLA \u2013 L\u2019azienda Weldan di Palazzolo dello Stella ha inaugurato l\u2019<strong>impianto<\/strong> <strong>di agrivoltaico avanzato<\/strong> presentato da <strong>Ape Fvg<\/strong> (Agenzia per l\u2019energia), in collaborazione con Ersa (nell\u2019ambito del Sissar), Universit\u00e0 di Udine, Akren e Cet Eletronics.<\/p>\n<p>Un impianto dimostrativo di circa <strong>600 metri quadrati<\/strong>, dalle caratteristiche uniche in Europa e posizionato su seminativi e vigneto (biologico).<\/p>\n<p>L\u2019impianto \u00e8 stato installato in un campo dell\u2019azienda agricola di propriet\u00e0 di <strong>Walter Bagnarol<\/strong>, che ha raccontato come si \u00e8 avvicinato all&#8217;agrovoltaico: \u00abAvevamo la necessit\u00e0 di risolvere tre problemi: limitare la peronospora della vite, incrementare e diversificare il reddito agricolo, migliorare il nostro impatto ambientale\u00bb.<\/p>\n<p><strong>Agrivoltaico avanzato<\/strong><\/p>\n<p>Si parla di agrivoltaico per un utilizzo duale del suolo agricolo, con pannelli solari installati su strutture sopraelevate che consentono la prosecuzione delle attivit\u00e0 agricole sottostanti. Uno degli aspetti sottolineati nel corso della presentazione, infatti, \u00e8 l\u2019importanza di progettare un impianto agrivoltaico \u201csu misura\u201d che si adatti alle diverse situazioni agrarie, che si integri con le pratiche colturali in uso e con le attrezzature disponibili in azienda.<\/p>\n<p>\u00abNel caso degli impianti fotovoltaici \u2013 ha evidenziato il presidente di Ape Fvg, <strong>Loreto Mestroni <\/strong>\u2013 si tende a equivocare fra quelli che sono delle vere e proprie officine elettriche e quelli che possono, grazie a un percorso assai impegnativo, fregiarsi del termine di agrifotovoltaico avanzato. Si tratta di due iniziative totalmente diverse, con dimensioni, produzioni e impegni di ordine ambientale ed economico assai distanti fra loro\u00bb.<\/p>\n<h3><strong>I pareri tecnici<\/strong><\/h3>\n<p>\u00abNon si pu\u00f2 progettare un impianto agrivoltaico \u2013 ha spiegato <strong>Maurizio Commodi<\/strong> di Akren, la societ\u00e0 bolognese che si \u00e8 occupata dello studio e della realizzazione \u2013 senza considerare le colture che si faranno sotto i moduli: ogni tipologia richiede una configurazione diversa, anche strutturalmente. \u00c8 per questo che la progettazione deve essere condivisa tra chi si occupa di energia e chi di agricoltura\u00bb.<\/p>\n<p>L\u2019agrivoltaico dimostrativo di Palazzolo, poi, \u00e8 un vero e proprio laboratorio in cui grazie alla sensoristica installata vengono svolte attivit\u00e0 di ricerca e sviluppo.<\/p>\n<p>Il sistema consiste in una serie di sensori installati sia sotto i pannelli che in campo aperto, in modo da poter valutare scientificamente l\u2019impatto dell\u2019agrivoltaico sulle colture. I sensori impiegati consentono di rilevare parametri che fino a poco tempo fa erano considerati quasi inaccessibili.<\/p>\n<figure id=\"attachment_65587\" aria-describedby=\"caption-attachment-65587\" style=\"width: 800px\" class=\"wp-caption aligncenter\"><img loading=\"lazy\" decoding=\"async\" class=\"size-full wp-image-65587\" src=\"https:\/\/imagazine.it\/wp-content\/uploads\/2025\/05\/ApeFvg_foglia-elettronica.jpg\" alt=\"\" width=\"800\" height=\"951\" title=\"\" srcset=\"https:\/\/imagazine.it\/wp-content\/uploads\/2025\/05\/ApeFvg_foglia-elettronica.jpg 800w, https:\/\/imagazine.it\/wp-content\/uploads\/2025\/05\/ApeFvg_foglia-elettronica-252x300.jpg 252w, https:\/\/imagazine.it\/wp-content\/uploads\/2025\/05\/ApeFvg_foglia-elettronica-768x913.jpg 768w\" sizes=\"auto, (max-width: 800px) 100vw, 800px\" \/><figcaption id=\"caption-attachment-65587\" class=\"wp-caption-text\">La &#8220;foglia elettronica&#8221;<\/figcaption><\/figure>\n<p>Tra questi, ci sono le cosiddette \u201cfoglie elettroniche\u201d, poi camere 3D e IA che permettono di osservare in tempo reale come cambiano microclima, crescita e salute della vite sotto i pannelli.<\/p>\n<p>\u00abData l\u2019importanza di capire gli effetti degli impianti agrivoltaici sulle colture, per questo impianto \u00e8 stato installato un sistema di monitoraggio di ultima generazione, probabilmente il pi\u00f9 avanzato mai impiegato per questo genere di indagine, almeno in Europa\u00bb, afferma <strong>Nicola Vicino<\/strong> di Cet Electronics.<\/p>\n<p>\u00abIl sistema vitivoltaico in corso di test \u2013 ha osservato l\u2019agronomo <strong>Osvaldo Tramontin<\/strong> \u2013 \u00e8 il primo passaggio per andare verso l\u2019elettrificazione di alcune attivit\u00e0 di coltivazione, come il carico di robot tagliaerba e per trattamenti UVC. Ci aspettiamo che il sistema agrivoltaico allenti la pressione della peronospora sulla vite, limitando la bagnatura; la prova con le cappottine potrebbe dare ulteriori elementi in questo senso\u00bb.<\/p>\n<figure id=\"attachment_65586\" aria-describedby=\"caption-attachment-65586\" style=\"width: 1000px\" class=\"wp-caption aligncenter\"><img loading=\"lazy\" decoding=\"async\" class=\"size-full wp-image-65586\" src=\"https:\/\/imagazine.it\/wp-content\/uploads\/2025\/05\/ApeFvg_inaugurazione-impianto-agrivoltaico-avanzato.jpg\" alt=\"\" width=\"1000\" height=\"759\" title=\"\" srcset=\"https:\/\/imagazine.it\/wp-content\/uploads\/2025\/05\/ApeFvg_inaugurazione-impianto-agrivoltaico-avanzato.jpg 1000w, https:\/\/imagazine.it\/wp-content\/uploads\/2025\/05\/ApeFvg_inaugurazione-impianto-agrivoltaico-avanzato-300x228.jpg 300w, https:\/\/imagazine.it\/wp-content\/uploads\/2025\/05\/ApeFvg_inaugurazione-impianto-agrivoltaico-avanzato-768x583.jpg 768w\" sizes=\"auto, (max-width: 1000px) 100vw, 1000px\" \/><figcaption id=\"caption-attachment-65586\" class=\"wp-caption-text\">Il taglio del nastro<\/figcaption><\/figure>\n<p>\u00abNello specifico contesto della viticoltura \u2013 hanno sottolineato <strong>Paolo Sivilotti<\/strong>, professore dell\u2019Universit\u00e0 degli Studi di Udine, e <strong>Selena Tomada<\/strong>, di Ersa Fvg \u2013 risulta fondamentale valutare il potenziale effetto della copertura agri-voltaica sulla coltura sottostante per comprendere i potenziali benefici sinergici del sistema sul lungo termine. Sar\u00e0 necessario studiare la fisiologia della pianta a 360 gradi, dall\u2019impatto della copertura sulle fasi fenologiche alle performance quali-quantitative della variet\u00e0, tassello fondamentale per la sostenibilit\u00e0 economica del sistema. Sar\u00e0 inoltre interessante comprendere se la copertura agri-voltaica potr\u00e0 essere impiegata come soluzione di adattamento agli stress ambientali estremi, quali gelate tardive e ondate di calore estive\u00bb.<\/p>\n<p>Per conto di Ape Fvg, <strong>Samuele Giacometti<\/strong>, esperto in Gestione dell\u2019Energia, ha illustrato i servizi offerti nell\u2019ambito del Sistema Sissar 2025 legati alle agroenergie.<\/p>\n<p>\u00abL\u2019impianto agrivoltaico di Palazzolo \u2013 ha precisato \u2013 dimostra il valore del Sistema Sissar, che offre alle aziende agricole regionali strumenti e consulenze gratuite per innovare. La nostra Agenzia, nella veste di soggetto erogatore di questi servizi nel campo delle agroenergie, pone l\u2019attenzione sul fatto che prima di produrre energia serve conoscere e ottimizzare i consumi attraverso diagnosi energetiche. Solo cos\u00ec si possono fare scelte sostenibili e individuare strategie di decarbonizzazione a lungo termine\u00bb.<\/p>\n<p>\u00abSiamo di fronte al primo vero impianto agrivoltaico che si caratterizza per la piena integrazione con l&#8217;ambiente e le risorse agricole, valorizzandole. \u00c8 una visione completamente diversa da quella della mera produzione di energia elettrica con impianti fotovoltaici a terra, rispetto ai quali ci sono aspetti paesaggistici e ambientali difficili da accettare\u00bb, ha dichiarato l&#8217;assessore regionale alle Risorse agroalimentari, forestali e ittiche <strong>Stefano Zannier<\/strong>, presente al taglio del nastro.<\/p>\n<p>\u00abI vantaggi di questa tecnologia \u2013 ha aggiunto \u2013 sono molteplici perch\u00e9 aiuta a migliorare la produzione agricola, con impianti che sono nella piena disponibilit\u00e0 delle imprese agricole e comportano un&#8217;integrazione al reddito indispensabile alla sostenibilit\u00e0 economica dell&#8217;azienda. Non siamo di fronte a operazioni di acquisto di terreni da parte di fondi finanziari per l&#8217;installazione di impianti destinati esclusivamente alla produzione di energia elettrica. Per questo la Regione sostiene queste tecnologie, consapevole che stiamo contribuendo a costruire l&#8217;evoluzione della visione agricola del futuro&#8221;.<\/p>\n<p>\u00abL&#8217;amministrazione comunale \u2013 ha concluso <strong>Franco D\u2019Altilia<\/strong>, sindaco di Palazzolo dello Stella \u2013 \u00e8 da anni impegnata sul nostro\u00a0territorio a trovare soluzioni che vadano incontro all&#8217;esigenza di impianti sostenibili e rispettosi dell&#8217;ambiente. Insieme all&#8217;assessore <strong>Roberto Ventre<\/strong> valutiamo positivamente questa iniziativa di impianto agrivoltaico, che rappresenta una soluzione innovativa e sostenibile per l&#8217;utilizzo\u00a0del territorio agricolo\u00bb.<\/p>\n","protected":false},"excerpt":{"rendered":"<p>Inaugurato a Palazzolo dello Stella un impianto dimostrativo di circa 600 metri quadrati, posizionato su seminativi e vigneto <\/p>\n","protected":false},"author":28,"featured_media":65588,"comment_status":"closed","ping_status":"closed","sticky":false,"template":"","format":"image","meta":{"dwc-title":[""],"dwc-content":[""],"footnotes":""},"categories":[5],"tags":[1373,2981,66,339,72,350,98],"class_list":["post-65585","post","type-post","status-publish","format-image","has-post-thumbnail","hentry","category-attualita","tag-agricoltura","tag-agrivoltaico","tag-ambiente","tag-energia","tag-natura","tag-palazzolo","tag-ricerca","post_format-post-format-image"],"rttpg_featured_image_url":{"full":["https:\/\/imagazine.it\/wp-content\/uploads\/2025\/05\/ApeFvg_agrivoltaico-avanzato-su-vigneto.jpg",1366,870,false],"landscape":["https:\/\/imagazine.it\/wp-content\/uploads\/2025\/05\/ApeFvg_agrivoltaico-avanzato-su-vigneto.jpg",1366,870,false],"portraits":["https:\/\/imagazine.it\/wp-content\/uploads\/2025\/05\/ApeFvg_agrivoltaico-avanzato-su-vigneto.jpg",1366,870,false],"thumbnail":["https:\/\/imagazine.it\/wp-content\/uploads\/2025\/05\/ApeFvg_agrivoltaico-avanzato-su-vigneto-150x150.jpg",150,150,true],"medium":["https:\/\/imagazine.it\/wp-content\/uploads\/2025\/05\/ApeFvg_agrivoltaico-avanzato-su-vigneto-300x191.jpg",300,191,true],"large":["https:\/\/imagazine.it\/wp-content\/uploads\/2025\/05\/ApeFvg_agrivoltaico-avanzato-su-vigneto-1024x652.jpg",640,408,true],"thumblist":["https:\/\/imagazine.it\/wp-content\/uploads\/2025\/05\/ApeFvg_agrivoltaico-avanzato-su-vigneto-300x300.jpg",300,300,true],"thumbrelated":["https:\/\/imagazine.it\/wp-content\/uploads\/2025\/05\/ApeFvg_agrivoltaico-avanzato-su-vigneto-500x500.jpg",500,500,true],"meccarouselthumb":["https:\/\/imagazine.it\/wp-content\/uploads\/2025\/05\/ApeFvg_agrivoltaico-avanzato-su-vigneto-474x324.jpg",474,324,true],"gridsquare":["https:\/\/imagazine.it\/wp-content\/uploads\/2025\/05\/ApeFvg_agrivoltaico-avanzato-su-vigneto-391x260.jpg",391,260,true],"tileview":["https:\/\/imagazine.it\/wp-content\/uploads\/2025\/05\/ApeFvg_agrivoltaico-avanzato-su-vigneto-300x400.jpg",300,400,true],"1536x1536":["https:\/\/imagazine.it\/wp-content\/uploads\/2025\/05\/ApeFvg_agrivoltaico-avanzato-su-vigneto.jpg",1366,870,false],"2048x2048":["https:\/\/imagazine.it\/wp-content\/uploads\/2025\/05\/ApeFvg_agrivoltaico-avanzato-su-vigneto.jpg",1366,870,false],"newsup-slider-full":["https:\/\/imagazine.it\/wp-content\/uploads\/2025\/05\/ApeFvg_agrivoltaico-avanzato-su-vigneto-1280x720.jpg",1280,720,true],"newsup-featured":["https:\/\/imagazine.it\/wp-content\/uploads\/2025\/05\/ApeFvg_agrivoltaico-avanzato-su-vigneto-1024x652.jpg",1024,652,true],"newsup-medium":["https:\/\/imagazine.it\/wp-content\/uploads\/2025\/05\/ApeFvg_agrivoltaico-avanzato-su-vigneto-720x380.jpg",720,380,true],"tptn_thumbnail":["https:\/\/imagazine.it\/wp-content\/uploads\/2025\/05\/ApeFvg_agrivoltaico-avanzato-su-vigneto-250x210.jpg",250,210,true],"sow-carousel-default":["https:\/\/imagazine.it\/wp-content\/uploads\/2025\/05\/ApeFvg_agrivoltaico-avanzato-su-vigneto-272x182.jpg",272,182,true]},"rttpg_author":{"display_name":"redazione","author_link":"https:\/\/imagazine.it\/home_desk\/author\/redazione\/"},"rttpg_comment":0,"rttpg_category":"<a href=\"https:\/\/imagazine.it\/home_desk\/category\/attualita\/\" rel=\"category tag\">ATTUALIT\u00c0<\/a>","rttpg_excerpt":"Inaugurato a Palazzolo dello Stella un impianto dimostrativo di circa 600 metri quadrati, posizionato su seminativi e vigneto","_links":{"self":[{"href":"https:\/\/imagazine.it\/home_desk\/wp-json\/wp\/v2\/posts\/65585","targetHints":{"allow":["GET"]}}],"collection":[{"href":"https:\/\/imagazine.it\/home_desk\/wp-json\/wp\/v2\/posts"}],"about":[{"href":"https:\/\/imagazine.it\/home_desk\/wp-json\/wp\/v2\/types\/post"}],"author":[{"embeddable":true,"href":"https:\/\/imagazine.it\/home_desk\/wp-json\/wp\/v2\/users\/28"}],"replies":[{"embeddable":true,"href":"https:\/\/imagazine.it\/home_desk\/wp-json\/wp\/v2\/comments?post=65585"}],"version-history":[{"count":0,"href":"https:\/\/imagazine.it\/home_desk\/wp-json\/wp\/v2\/posts\/65585\/revisions"}],"wp:featuredmedia":[{"embeddable":true,"href":"https:\/\/imagazine.it\/home_desk\/wp-json\/wp\/v2\/media\/65588"}],"wp:attachment":[{"href":"https:\/\/imagazine.it\/home_desk\/wp-json\/wp\/v2\/media?parent=65585"}],"wp:term":[{"taxonomy":"category","embeddable":true,"href":"https:\/\/imagazine.it\/home_desk\/wp-json\/wp\/v2\/categories?post=65585"},{"taxonomy":"post_tag","embeddable":true,"href":"https:\/\/imagazine.it\/home_desk\/wp-json\/wp\/v2\/tags?post=65585"}],"curies":[{"name":"wp","href":"https:\/\/api.w.org\/{rel}","templated":true}]}}