{"id":65540,"date":"2025-05-26T15:54:41","date_gmt":"2025-05-26T13:54:41","guid":{"rendered":"https:\/\/imagazine.it\/home_desk\/?p=65540"},"modified":"2025-05-26T15:55:58","modified_gmt":"2025-05-26T13:55:58","slug":"monfalcone-aprono-le-iscrizioni-ai-centri-estivi","status":"publish","type":"post","link":"https:\/\/imagazine.it\/home_desk\/monfalcone-aprono-le-iscrizioni-ai-centri-estivi\/","title":{"rendered":"Monfalcone: aprono le iscrizioni ai centri estivi"},"content":{"rendered":"<p><span style=\"font-size: 10pt;\"><em>L&#8217;assessora comunale Tiziana Maioretto<\/em><\/span><\/p>\n<p>MONFALCONE \u2013 Aprono marted\u00ec 27 maggio le iscrizioni ai <strong>centri estivi 2025<\/strong> per i bambini <strong>dai 3 agli 11 anni<\/strong>.<\/p>\n<p>Le attivit\u00e0 si svolgeranno presso la Scuola dell&#8217;infanzia &#8220;<em>Lo Scarabocchio<\/em>&#8220;, in via Gramsci 55, e sono rivolte a bambini che hanno frequentato nell&#8217;anno scolastico 2024\/2025 la scuola dell&#8217;infanzia o la scuola primaria.<\/p>\n<p>Saranno disponibili <strong>20 posti a settimana per l&#8217;infanzia<\/strong> e <strong>30 posti a settimana per la primaria<\/strong>.<\/p>\n<p>Il centro estivo sar\u00e0 attivo dal luned\u00ec al venerd\u00ec, con orario continuato dalle 7.45 alle 16, e accompagner\u00e0 i partecipanti attraverso sei settimane di attivit\u00e0 suddivise in altrettanti turni: dal 30 giugno fino al 1\u00b0 agosto, con una ripresa dal 25 al 29 agosto.<\/p>\n<p>&#8220;L&#8217;idea di fondo \u2013 spiega l&#8217;assessore comunale all&#8217;Istruzione, <strong>Tiziana Maioretto<\/strong> \u2013 \u00e8 quella di integrare gioco e apprendimento in un ambiente stimolante, dove ogni bambino possa sentirsi coinvolto. Questa \u00e8 anche un&#8217;occasione per offrire alle famiglie un supporto concreto durante il periodo estivo&#8221;<\/p>\n<p>Il Centro estivo prevede attivit\u00e0 educative e ricreative pensate per le diverse fasce d&#8217;et\u00e0: laboratori creativi, musicali, percorsi teatrali, letture animate, giochi e uscite di esplorazione del territorio.<br \/>\nLe iscrizioni saranno aperte fino alle ore 12 di mercoled\u00ec 4 giugno. La procedura sar\u00e0 esclusivamente online (<span style=\"text-decoration: underline;\"><a href=\"https:\/\/forms.gle\/GrNkJUrmacitNUii6\" target=\"_blank\" rel=\"noopener\">clicca qui per accedere<\/a><\/span>).<\/p>\n<p>Per ulteriori informazioni, le famiglie potranno rivolgersi all&#8217;Ufficio Educazione del Comune di Monfalcone (<a href=\"mailto:educazione@comune.monfalcone.go.it\">educazione@comune.monfalcone.go.it<\/a>\u00a0) o contattare la referente della cooperativa Itaca, <strong>Eva Vladimirova<\/strong>, al numero 366 6372801, disponibile dal luned\u00ec al venerd\u00ec dalle 9 alle 17.<\/p>\n<p>\u00c8 previsto inoltre un centro estivo per i bambini iscritti ai nidi comunali &#8220;<em>Albero Azzurro<\/em>&#8221; e &#8220;<em>La Tana dei Cuccioli<\/em>&#8220;, rivolto alla fascia d&#8217;et\u00e0 13-36 mesi.<\/p>\n<p>Il servizio si svolger\u00e0 presso il nido d&#8217;infanzia &#8220;<em>Albero Azzurro<\/em>&#8220;, in via Tagliamento 24, <strong>dal 16 luglio al 5 agosto<\/strong>, per un turno unico di 15 giorni.<\/p>\n<p>L&#8217;orario sar\u00e0 dal luned\u00ec al venerd\u00ec, con ingresso tra le 7.30 e le 8.30 e uscita tra le 13 e le 13.30, per un totale di 16 posti disponibili.<\/p>\n<p>Le iscrizioni per il centro estivo nido si effettueranno sempre online, dalle 9 di gioved\u00ec 5 giugno fino alle 12 di venerd\u00ec 13 giugno.<\/p>\n<p>Il pagamento dovr\u00e0 essere effettuato entro il 27 giugno.<\/p>\n<p>Dopo la chiusura delle iscrizioni, sar\u00e0 stilata una graduatoria e ne sar\u00e0 data comunicazione via e-mail.<\/p>\n","protected":false},"excerpt":{"rendered":"<p>Adesioni solo online dal 27 maggio al 4 giugno per bambini dai 3 agli 11 anni. Dal 5 giugno le iscrizioni anche per il centro estivo Nido<\/p>\n","protected":false},"author":28,"featured_media":65541,"comment_status":"closed","ping_status":"closed","sticky":false,"template":"","format":"image","meta":{"dwc-title":[""],"dwc-content":[""],"footnotes":""},"categories":[5],"tags":[546,2837,330,51,2980,1723],"class_list":["post-65540","post","type-post","status-publish","format-image","has-post-thumbnail","hentry","category-attualita","tag-bambini","tag-centri-estivi","tag-famiglie","tag-monfalcone","tag-ragazzi","tag-servizi","post_format-post-format-image"],"rttpg_featured_image_url":{"full":["https:\/\/imagazine.it\/wp-content\/uploads\/2025\/05\/MaiorettoTiziana.jpg",1366,814,false],"landscape":["https:\/\/imagazine.it\/wp-content\/uploads\/2025\/05\/MaiorettoTiziana.jpg",1366,814,false],"portraits":["https:\/\/imagazine.it\/wp-content\/uploads\/2025\/05\/MaiorettoTiziana.jpg",1366,814,false],"thumbnail":["https:\/\/imagazine.it\/wp-content\/uploads\/2025\/05\/MaiorettoTiziana-150x150.jpg",150,150,true],"medium":["https:\/\/imagazine.it\/wp-content\/uploads\/2025\/05\/MaiorettoTiziana-300x179.jpg",300,179,true],"large":["https:\/\/imagazine.it\/wp-content\/uploads\/2025\/05\/MaiorettoTiziana-1024x610.jpg",640,381,true],"thumblist":["https:\/\/imagazine.it\/wp-content\/uploads\/2025\/05\/MaiorettoTiziana-300x300.jpg",300,300,true],"thumbrelated":["https:\/\/imagazine.it\/wp-content\/uploads\/2025\/05\/MaiorettoTiziana-500x500.jpg",500,500,true],"meccarouselthumb":["https:\/\/imagazine.it\/wp-content\/uploads\/2025\/05\/MaiorettoTiziana-474x324.jpg",474,324,true],"gridsquare":["https:\/\/imagazine.it\/wp-content\/uploads\/2025\/05\/MaiorettoTiziana-391x260.jpg",391,260,true],"tileview":["https:\/\/imagazine.it\/wp-content\/uploads\/2025\/05\/MaiorettoTiziana-300x400.jpg",300,400,true],"1536x1536":["https:\/\/imagazine.it\/wp-content\/uploads\/2025\/05\/MaiorettoTiziana.jpg",1366,814,false],"2048x2048":["https:\/\/imagazine.it\/wp-content\/uploads\/2025\/05\/MaiorettoTiziana.jpg",1366,814,false],"newsup-slider-full":["https:\/\/imagazine.it\/wp-content\/uploads\/2025\/05\/MaiorettoTiziana-1280x720.jpg",1280,720,true],"newsup-featured":["https:\/\/imagazine.it\/wp-content\/uploads\/2025\/05\/MaiorettoTiziana-1024x610.jpg",1024,610,true],"newsup-medium":["https:\/\/imagazine.it\/wp-content\/uploads\/2025\/05\/MaiorettoTiziana-720x380.jpg",720,380,true],"tptn_thumbnail":["https:\/\/imagazine.it\/wp-content\/uploads\/2025\/05\/MaiorettoTiziana-250x210.jpg",250,210,true],"sow-carousel-default":["https:\/\/imagazine.it\/wp-content\/uploads\/2025\/05\/MaiorettoTiziana-272x182.jpg",272,182,true]},"rttpg_author":{"display_name":"redazione","author_link":"https:\/\/imagazine.it\/home_desk\/author\/redazione\/"},"rttpg_comment":0,"rttpg_category":"<a href=\"https:\/\/imagazine.it\/home_desk\/category\/attualita\/\" rel=\"category tag\">ATTUALIT\u00c0<\/a>","rttpg_excerpt":"Adesioni solo online dal 27 maggio al 4 giugno per bambini dai 3 agli 11 anni. Dal 5 giugno le iscrizioni anche per il centro estivo Nido","_links":{"self":[{"href":"https:\/\/imagazine.it\/home_desk\/wp-json\/wp\/v2\/posts\/65540","targetHints":{"allow":["GET"]}}],"collection":[{"href":"https:\/\/imagazine.it\/home_desk\/wp-json\/wp\/v2\/posts"}],"about":[{"href":"https:\/\/imagazine.it\/home_desk\/wp-json\/wp\/v2\/types\/post"}],"author":[{"embeddable":true,"href":"https:\/\/imagazine.it\/home_desk\/wp-json\/wp\/v2\/users\/28"}],"replies":[{"embeddable":true,"href":"https:\/\/imagazine.it\/home_desk\/wp-json\/wp\/v2\/comments?post=65540"}],"version-history":[{"count":0,"href":"https:\/\/imagazine.it\/home_desk\/wp-json\/wp\/v2\/posts\/65540\/revisions"}],"wp:featuredmedia":[{"embeddable":true,"href":"https:\/\/imagazine.it\/home_desk\/wp-json\/wp\/v2\/media\/65541"}],"wp:attachment":[{"href":"https:\/\/imagazine.it\/home_desk\/wp-json\/wp\/v2\/media?parent=65540"}],"wp:term":[{"taxonomy":"category","embeddable":true,"href":"https:\/\/imagazine.it\/home_desk\/wp-json\/wp\/v2\/categories?post=65540"},{"taxonomy":"post_tag","embeddable":true,"href":"https:\/\/imagazine.it\/home_desk\/wp-json\/wp\/v2\/tags?post=65540"}],"curies":[{"name":"wp","href":"https:\/\/api.w.org\/{rel}","templated":true}]}}