{"id":65523,"date":"2025-05-26T12:18:00","date_gmt":"2025-05-26T10:18:00","guid":{"rendered":"https:\/\/imagazine.it\/home_desk\/?p=65523"},"modified":"2025-05-26T17:13:13","modified_gmt":"2025-05-26T15:13:13","slug":"qualita-della-vita-dei-giovani-gorizia-al-top-in-italia","status":"publish","type":"post","link":"https:\/\/imagazine.it\/home_desk\/qualita-della-vita-dei-giovani-gorizia-al-top-in-italia\/","title":{"rendered":"Qualit\u00e0 della vita dei giovani: Gorizia al top in Italia"},"content":{"rendered":"<p><span style=\"font-size: 10pt;\"><em>La classifica pubblicata da &#8220;Il Sole 24 ore&#8221;<\/em><\/span><\/p>\n<p>GORIZIA \u2013 Per il secondo anno consecutivo Gorizia si conferma al top in Italia per qualit\u00e0 della vita dei giovani.<\/p>\n<p>A rilevarlo \u00e8 la classifica de <em>Il Sole 24 ore <\/em>che fotografa le opportunit\u00e0 offerte dalle province ai residenti tra 18 e 35 anni, nell\u2019ambito della quarta edizione della rilevazione sul benessere delle diverse fasce d\u2019et\u00e0 nella penisola, con riferimento alle tre categorie bambini, giovani e anziani.<\/p>\n<p>I 15 parametri usati premiano nel caso di Gorizia aspetti legati\u00a0all\u2019occupazione stabile, alla\u00a0vita culturale<strong>\u00a0<\/strong>e a indicatori demografici che influenzano il benessere delle nuove generazioni.<\/p>\n<p>Al lusinghiero piazzamento della provincia di Gorizia contribuiscono il secondo posto in\u00a0Italia\u00a0per la presenza di realt\u00e0 che organizzano spettacoli.<\/p>\n<p>Secondo posto anche per numero di locali e organizzatori di eventi Siae in rapporto ai giovani residenti, quarto invece per trasformazioni contrattuali a tempo indeterminato.<\/p>\n<p>La provincia \u00e8 caratterizzata anche da una delle pi\u00f9\u00a0basse et\u00e0\u00a0medie della donna al parto del primo figlio (31,6 anni, rispetto alla media nazionale di 32,6).<\/p>\n<p>Un altro elemento rilevante \u00e8 l\u2019alta percentuale di giovani che ottengono un lavoro a tempo indeterminato, segno di stabilit\u00e0 economica. Buoni poi i risultati riscontrati sul fronte dei canoni di locazione e della disponibilit\u00e0 di aree sportive per residente.<\/p>\n<p>\u201cCome tutte le graduatorie \u2013 evidenzia il sindaco, <strong>Rodolfo Ziberna<\/strong> \u2013 anche questa \u00e8 da prendere con le pinze, ma permettermi di aggiungere che \u00e8 meglio farlo dalla prima posizione piuttosto che dall\u2019ultima. Precisiamo inoltre che si tratta di una valutazione provinciale. Gorizia si trova, per il secondo anno consecutivo, in testa nell\u2019indice rivolto ai giovani, quindi si tratta di un trend, non di un elemento dovuto a un fattore contingente\u201d.<\/p>\n<p>Proprio nell\u2019ottica di rafforzare il legame tra i giovani e la citt\u00e0, \u00e8 stato avviato un nuovo percorso di dialogo, che faccia incontrare e intrecciare le varie realt\u00e0 goriziane, a partire da operatori economici e universit\u00e0.<\/p>\n<p>Nei giorni scorsi gli assessori alle Politiche giovanili, <strong>Chiara Gatta<\/strong>, e a GO! 2025, <strong>Patrizia Artico<\/strong>, hanno incontrato i rappresentanti degli studenti universitari di Gorizia, in presenza e online, per un confronto concreto.<\/p>\n<p>\u201cL\u2019obiettivo \u00e8 di coinvolgere maggiormente gli studenti nel tessuto cittadino \u2013 affermano all\u2019unisono &#8211; restituendo slancio alle iniziative giovanili: per Gorizia, \u00e8 finita l\u2019epoca dell\u2019ordinanza antischiamazzi, che \u00e8 andata ben oltre le giuste motivazioni iniziali. Questo provvedimento non c\u2019\u00e8 pi\u00f9 da diversi anni, ma nell\u2019immaginario collettivo persiste ancora questa definizione della citt\u00e0, \u00e8 venuto il momento di voltare pagina, pur sempre nel rispetto dei residenti\u201d.<\/p>\n<p>Gatta e Artico annunciano che, insieme all\u2019assessore al Turismo, <strong>Luca Cagliari<\/strong>, e al delegato al Commercio, <strong>Alessio Zorzenon<\/strong>, saranno organizzate iniziative che vanno in questa direzione, animando la citt\u00e0 nei weekend e non solo e unendo le generazioni.<\/p>\n","protected":false},"excerpt":{"rendered":"<p>Secondo la rilevazione sul benessere delle diverse fasce d\u2019et\u00e0 nella penisola presentata da &#8220;Il Sole 24 Ore&#8221;, la provincia goriziana si conferma al primo posto<\/p>\n","protected":false},"author":28,"featured_media":65524,"comment_status":"closed","ping_status":"closed","sticky":false,"template":"","format":"image","meta":{"dwc-title":[""],"dwc-content":[""],"footnotes":""},"categories":[6],"tags":[363,2979,43],"class_list":["post-65523","post","type-post","status-publish","format-image","has-post-thumbnail","hentry","category-societa","tag-benessere","tag-classifiche","tag-gorizia","post_format-post-format-image"],"rttpg_featured_image_url":{"full":["https:\/\/imagazine.it\/wp-content\/uploads\/2025\/05\/sole24.jpg",1366,831,false],"landscape":["https:\/\/imagazine.it\/wp-content\/uploads\/2025\/05\/sole24.jpg",1366,831,false],"portraits":["https:\/\/imagazine.it\/wp-content\/uploads\/2025\/05\/sole24.jpg",1366,831,false],"thumbnail":["https:\/\/imagazine.it\/wp-content\/uploads\/2025\/05\/sole24-150x150.jpg",150,150,true],"medium":["https:\/\/imagazine.it\/wp-content\/uploads\/2025\/05\/sole24-300x183.jpg",300,183,true],"large":["https:\/\/imagazine.it\/wp-content\/uploads\/2025\/05\/sole24-1024x623.jpg",640,389,true],"thumblist":["https:\/\/imagazine.it\/wp-content\/uploads\/2025\/05\/sole24-300x300.jpg",300,300,true],"thumbrelated":["https:\/\/imagazine.it\/wp-content\/uploads\/2025\/05\/sole24-500x500.jpg",500,500,true],"meccarouselthumb":["https:\/\/imagazine.it\/wp-content\/uploads\/2025\/05\/sole24-474x324.jpg",474,324,true],"gridsquare":["https:\/\/imagazine.it\/wp-content\/uploads\/2025\/05\/sole24-391x260.jpg",391,260,true],"tileview":["https:\/\/imagazine.it\/wp-content\/uploads\/2025\/05\/sole24-300x400.jpg",300,400,true],"1536x1536":["https:\/\/imagazine.it\/wp-content\/uploads\/2025\/05\/sole24.jpg",1366,831,false],"2048x2048":["https:\/\/imagazine.it\/wp-content\/uploads\/2025\/05\/sole24.jpg",1366,831,false],"newsup-slider-full":["https:\/\/imagazine.it\/wp-content\/uploads\/2025\/05\/sole24-1280x720.jpg",1280,720,true],"newsup-featured":["https:\/\/imagazine.it\/wp-content\/uploads\/2025\/05\/sole24-1024x623.jpg",1024,623,true],"newsup-medium":["https:\/\/imagazine.it\/wp-content\/uploads\/2025\/05\/sole24-720x380.jpg",720,380,true],"tptn_thumbnail":["https:\/\/imagazine.it\/wp-content\/uploads\/2025\/05\/sole24-250x210.jpg",250,210,true],"sow-carousel-default":["https:\/\/imagazine.it\/wp-content\/uploads\/2025\/05\/sole24-272x182.jpg",272,182,true]},"rttpg_author":{"display_name":"redazione","author_link":"https:\/\/imagazine.it\/home_desk\/author\/redazione\/"},"rttpg_comment":0,"rttpg_category":"<a href=\"https:\/\/imagazine.it\/home_desk\/category\/societa\/\" rel=\"category tag\">SOCIET\u00c0<\/a>","rttpg_excerpt":"Secondo la rilevazione sul benessere delle diverse fasce d\u2019et\u00e0 nella penisola presentata da \"Il Sole 24 Ore\", la provincia goriziana si conferma al primo posto","_links":{"self":[{"href":"https:\/\/imagazine.it\/home_desk\/wp-json\/wp\/v2\/posts\/65523","targetHints":{"allow":["GET"]}}],"collection":[{"href":"https:\/\/imagazine.it\/home_desk\/wp-json\/wp\/v2\/posts"}],"about":[{"href":"https:\/\/imagazine.it\/home_desk\/wp-json\/wp\/v2\/types\/post"}],"author":[{"embeddable":true,"href":"https:\/\/imagazine.it\/home_desk\/wp-json\/wp\/v2\/users\/28"}],"replies":[{"embeddable":true,"href":"https:\/\/imagazine.it\/home_desk\/wp-json\/wp\/v2\/comments?post=65523"}],"version-history":[{"count":0,"href":"https:\/\/imagazine.it\/home_desk\/wp-json\/wp\/v2\/posts\/65523\/revisions"}],"wp:featuredmedia":[{"embeddable":true,"href":"https:\/\/imagazine.it\/home_desk\/wp-json\/wp\/v2\/media\/65524"}],"wp:attachment":[{"href":"https:\/\/imagazine.it\/home_desk\/wp-json\/wp\/v2\/media?parent=65523"}],"wp:term":[{"taxonomy":"category","embeddable":true,"href":"https:\/\/imagazine.it\/home_desk\/wp-json\/wp\/v2\/categories?post=65523"},{"taxonomy":"post_tag","embeddable":true,"href":"https:\/\/imagazine.it\/home_desk\/wp-json\/wp\/v2\/tags?post=65523"}],"curies":[{"name":"wp","href":"https:\/\/api.w.org\/{rel}","templated":true}]}}