{"id":65511,"date":"2025-05-20T17:58:35","date_gmt":"2025-05-20T15:58:35","guid":{"rendered":"https:\/\/imagazine.it\/home_desk\/?p=65511"},"modified":"2025-05-23T18:05:17","modified_gmt":"2025-05-23T16:05:17","slug":"basket-e-inclusione-dalla-bassa-un-esempio-per-tutti","status":"publish","type":"post","link":"https:\/\/imagazine.it\/home_desk\/basket-e-inclusione-dalla-bassa-un-esempio-per-tutti\/","title":{"rendered":"Basket e inclusione: dalla Bassa un esempio per tutti"},"content":{"rendered":"<p><span style=\"font-size: 10pt;\"><em>I partecipanti al torneo<\/em><\/span><\/p>\n<p>BAGNARIA ARSA \u2013 Appuntamento speciale con il torneo di basket con gli ospiti dei vari centri del Consorzio per l\u2019assistenza medica e psico pedagogica del Friuli Venezia Giulia.<\/p>\n<p>Diversi volontari, soci della sezione dei Veterani dello Sport di Cervignano, hanno offerto il loro contributo per la realizzazione della manifestazione.<\/p>\n<p>Oltre a <strong>Roberto Tomat<\/strong> e <strong>Sandro Cengarle<\/strong>, che hanno lavorato costantemente con questo gruppo dal mese di novembre scorso, assieme al presidente <strong>Giorgio Comisso<\/strong> erano presenti <strong>Franco Facchin<\/strong>, <strong>Giorgio Di Mattia<\/strong>, <strong>Fulvio Tomasin<\/strong>, <strong>Carlo Toso<\/strong> e <strong>Salvatore Uneddu<\/strong>; Sandro Giusti ha invece arbitrato tutte le gare in programma.<\/p>\n<p>Il torneo non prevedeva classifiche: si \u00e8 trattato di una festa che ha coinvolto oltre trenta ospiti dei centri che si sono alternati sul campo di gioco.<\/p>\n<p>Al termine delle gare sono intervenuti il presidente Comisso, l\u2019assessore allo sport del comune di Bagnaria Arsa, <strong>Nicola Pellizzari<\/strong>, il vicepresidente del CAMPP, <strong>Renato Bolzon<\/strong>, il sindaco di Cervignano, <strong>Andrea Balducci<\/strong>, e la dottoressa <strong>Lina Sommese<\/strong>, responsabile del centro di Privano.<\/p>\n<p>Anche i sindaci di Palmanova, <strong>Giuseppe Tellini<\/strong>, e quello di Bagnaria Arsa, <strong>Elisa Pizzamiglio<\/strong>, hanno assistito a buona parte della manifestazione dovendo poi assentarsi per altri impegni programmati.<\/p>\n<p>Comisso ha ricordato che la UNVS Nazionale ha voluto gratificare l\u2019attivit\u00e0 della sezione cervignanese inserendo l\u2019evento nel progetto \u201c<em>TO DO SPORT<\/em>\u201d nonch\u00e9 gli educatori di queste realt\u00e0 che con grande capacit\u00e0, dedizione e umanit\u00e0 si mettono a disposizione degli ospiti, guidandoli nella quotidianit\u00e0.<\/p>\n<figure id=\"attachment_65512\" aria-describedby=\"caption-attachment-65512\" style=\"width: 600px\" class=\"wp-caption aligncenter\"><img loading=\"lazy\" decoding=\"async\" class=\"size-full wp-image-65512\" src=\"https:\/\/imagazine.it\/wp-content\/uploads\/2025\/05\/250520b2.jpg\" alt=\"\" width=\"600\" height=\"796\" title=\"\" srcset=\"https:\/\/imagazine.it\/wp-content\/uploads\/2025\/05\/250520b2.jpg 600w, https:\/\/imagazine.it\/wp-content\/uploads\/2025\/05\/250520b2-226x300.jpg 226w\" sizes=\"auto, (max-width: 600px) 100vw, 600px\" \/><figcaption id=\"caption-attachment-65512\" class=\"wp-caption-text\">Il presidente Comisso consegna la medaglia ricordo a una educatrice del CAMPP<\/figcaption><\/figure>\n<p>A tutti loro ha consegnato un piccolo ricordo personalizzato della giornata.<\/p>\n<p>Dopo la consegna delle medaglie ai partecipanti e alle foto di rito, tutti si sono trasferiti al centro di Privano per un buffet organizzato dagli abili cuochi della struttura.<\/p>\n","protected":false},"excerpt":{"rendered":"<p>Il torneo con gli ospiti del CAMPP organizzato dai Veterani di Cervignano inserito nel progetto \u201cTO DO SPORT\u201d dell&#8217;UNVS Nazionale<\/p>\n","protected":false},"author":12,"featured_media":65513,"comment_status":"closed","ping_status":"closed","sticky":false,"template":"","format":"image","meta":{"dwc-title":[""],"dwc-content":[""],"footnotes":""},"categories":[38],"tags":[1479,255,119,885,2443,1646],"class_list":["post-65511","post","type-post","status-publish","format-image","has-post-thumbnail","hentry","category-sport","tag-bagnaria-arsa","tag-basket","tag-cervignano","tag-inclusione","tag-unvs","tag-veterani-sportivi","post_format-post-format-image"],"rttpg_featured_image_url":{"full":["https:\/\/imagazine.it\/wp-content\/uploads\/2025\/05\/250520-b1.jpg",1366,693,false],"landscape":["https:\/\/imagazine.it\/wp-content\/uploads\/2025\/05\/250520-b1.jpg",1366,693,false],"portraits":["https:\/\/imagazine.it\/wp-content\/uploads\/2025\/05\/250520-b1.jpg",1366,693,false],"thumbnail":["https:\/\/imagazine.it\/wp-content\/uploads\/2025\/05\/250520-b1-150x150.jpg",150,150,true],"medium":["https:\/\/imagazine.it\/wp-content\/uploads\/2025\/05\/250520-b1-300x152.jpg",300,152,true],"large":["https:\/\/imagazine.it\/wp-content\/uploads\/2025\/05\/250520-b1-1024x519.jpg",640,324,true],"thumblist":["https:\/\/imagazine.it\/wp-content\/uploads\/2025\/05\/250520-b1-300x300.jpg",300,300,true],"thumbrelated":["https:\/\/imagazine.it\/wp-content\/uploads\/2025\/05\/250520-b1-500x500.jpg",500,500,true],"meccarouselthumb":["https:\/\/imagazine.it\/wp-content\/uploads\/2025\/05\/250520-b1-474x324.jpg",474,324,true],"gridsquare":["https:\/\/imagazine.it\/wp-content\/uploads\/2025\/05\/250520-b1-391x260.jpg",391,260,true],"tileview":["https:\/\/imagazine.it\/wp-content\/uploads\/2025\/05\/250520-b1-300x400.jpg",300,400,true],"1536x1536":["https:\/\/imagazine.it\/wp-content\/uploads\/2025\/05\/250520-b1.jpg",1366,693,false],"2048x2048":["https:\/\/imagazine.it\/wp-content\/uploads\/2025\/05\/250520-b1.jpg",1366,693,false],"newsup-slider-full":["https:\/\/imagazine.it\/wp-content\/uploads\/2025\/05\/250520-b1-1280x693.jpg",1280,693,true],"newsup-featured":["https:\/\/imagazine.it\/wp-content\/uploads\/2025\/05\/250520-b1-1024x519.jpg",1024,519,true],"newsup-medium":["https:\/\/imagazine.it\/wp-content\/uploads\/2025\/05\/250520-b1-720x380.jpg",720,380,true],"tptn_thumbnail":["https:\/\/imagazine.it\/wp-content\/uploads\/2025\/05\/250520-b1-250x210.jpg",250,210,true],"sow-carousel-default":["https:\/\/imagazine.it\/wp-content\/uploads\/2025\/05\/250520-b1-272x182.jpg",272,182,true]},"rttpg_author":{"display_name":"Claudio Pizzin","author_link":"https:\/\/imagazine.it\/home_desk\/author\/pizzin\/"},"rttpg_comment":0,"rttpg_category":"<a href=\"https:\/\/imagazine.it\/home_desk\/category\/sport\/\" rel=\"category tag\">SPORT<\/a>","rttpg_excerpt":"Il torneo con gli ospiti del CAMPP organizzato dai Veterani di Cervignano inserito nel progetto \u201cTO DO SPORT\u201d dell'UNVS Nazionale","_links":{"self":[{"href":"https:\/\/imagazine.it\/home_desk\/wp-json\/wp\/v2\/posts\/65511","targetHints":{"allow":["GET"]}}],"collection":[{"href":"https:\/\/imagazine.it\/home_desk\/wp-json\/wp\/v2\/posts"}],"about":[{"href":"https:\/\/imagazine.it\/home_desk\/wp-json\/wp\/v2\/types\/post"}],"author":[{"embeddable":true,"href":"https:\/\/imagazine.it\/home_desk\/wp-json\/wp\/v2\/users\/12"}],"replies":[{"embeddable":true,"href":"https:\/\/imagazine.it\/home_desk\/wp-json\/wp\/v2\/comments?post=65511"}],"version-history":[{"count":0,"href":"https:\/\/imagazine.it\/home_desk\/wp-json\/wp\/v2\/posts\/65511\/revisions"}],"wp:featuredmedia":[{"embeddable":true,"href":"https:\/\/imagazine.it\/home_desk\/wp-json\/wp\/v2\/media\/65513"}],"wp:attachment":[{"href":"https:\/\/imagazine.it\/home_desk\/wp-json\/wp\/v2\/media?parent=65511"}],"wp:term":[{"taxonomy":"category","embeddable":true,"href":"https:\/\/imagazine.it\/home_desk\/wp-json\/wp\/v2\/categories?post=65511"},{"taxonomy":"post_tag","embeddable":true,"href":"https:\/\/imagazine.it\/home_desk\/wp-json\/wp\/v2\/tags?post=65511"}],"curies":[{"name":"wp","href":"https:\/\/api.w.org\/{rel}","templated":true}]}}