{"id":65484,"date":"2025-05-22T18:50:34","date_gmt":"2025-05-22T16:50:34","guid":{"rendered":"https:\/\/imagazine.it\/home_desk\/?p=65484"},"modified":"2025-05-22T18:50:34","modified_gmt":"2025-05-22T16:50:34","slug":"gorizia-stregata-dalla-magia-dellamore","status":"publish","type":"post","link":"https:\/\/imagazine.it\/home_desk\/gorizia-stregata-dalla-magia-dellamore\/","title":{"rendered":"Gorizia stregata dalla magia dell&#8217;amore"},"content":{"rendered":"<p><span style=\"font-size: 10pt;\"><em>Un momento dello spettacolo<\/em><\/span><\/p>\n<p>GORIZIA \u2013 Una serata nel mondo onirico di un\u2019opera senza tempo.<\/p>\n<p>O meglio di un\u2019opera in grado di rimanere immutata nei suoi ritmi ed esibizioni anche allo scorrere del tempo frenetico della societ\u00e0 contemporanea.<\/p>\n<p>E un pubblico dalle forti presenze di nuove generazioni \u00e8 stato il biglietto da visita ideale della rappresentazione goriziana de \u201c<em>Il lago dei cigni<\/em>\u201d.<\/p>\n<p>Sul palco del Verdi ha ripreso nuovamente vita \u2013 o forse non aveva mai conosciuto soste \u2013 la storia del principe Siegfried e della principessa Odette magistralmente interpretati da <strong>Oleksii Potomkin<\/strong> e <strong>Tetiana Svetli<\/strong><strong>\u0109na<\/strong>.<\/p>\n<p>Un amore, il loro, capace di resistere al vento del male soffiato dal mago Rothbart (di livello anche la prova di <strong>Dmytro Chebotar<\/strong>).<\/p>\n<p>E in questi tempi moderni, in balia di guerre e atrocit\u00e0, il messaggio di speranza, ma soprattutto di bellezza e fascino profuso da questi interpreti talentuosi, \u00e8 ossigeno puro per la nostra contemporaneit\u00e0.<\/p>\n<p>Da applausi la messa in scena del <strong>Balletto Internazionale Italiano<\/strong>, nato dalla coproduzione tra il Nuovo Balletto Classico di Reggio Emilia e l&#8217;Ukrainian Classical Ballet e l\u2019Ukrainian Classical Ballet di Kiev.<\/p>\n<p>Con l\u2019auspicio che la speranza di pace, in quella terra martoriata, possa divenire presto realt\u00e0.<\/p>\n","protected":false},"excerpt":{"rendered":"<p>Successo per &#8220;Il lago dei cigni&#8221; portato in scena al Verdi dal Balletto Internazionale Italiano. Con un messaggio quanto mai attuale<\/p>\n","protected":false},"author":39,"featured_media":65485,"comment_status":"closed","ping_status":"closed","sticky":false,"template":"","format":"image","meta":{"dwc-title":[""],"dwc-content":[""],"footnotes":""},"categories":[37],"tags":[1396,261,826,43,821,52],"class_list":["post-65484","post","type-post","status-publish","format-image","has-post-thumbnail","hentry","category-cultura-e-spettacolo","tag-balletto","tag-eventi","tag-eventi-fvg","tag-gorizia","tag-spettacoli","tag-teatro","post_format-post-format-image"],"rttpg_featured_image_url":{"full":["https:\/\/imagazine.it\/wp-content\/uploads\/2025\/05\/pas-de-trois.jpg",1366,1046,false],"landscape":["https:\/\/imagazine.it\/wp-content\/uploads\/2025\/05\/pas-de-trois.jpg",1366,1046,false],"portraits":["https:\/\/imagazine.it\/wp-content\/uploads\/2025\/05\/pas-de-trois.jpg",1366,1046,false],"thumbnail":["https:\/\/imagazine.it\/wp-content\/uploads\/2025\/05\/pas-de-trois-150x150.jpg",150,150,true],"medium":["https:\/\/imagazine.it\/wp-content\/uploads\/2025\/05\/pas-de-trois-300x230.jpg",300,230,true],"large":["https:\/\/imagazine.it\/wp-content\/uploads\/2025\/05\/pas-de-trois-1024x784.jpg",640,490,true],"thumblist":["https:\/\/imagazine.it\/wp-content\/uploads\/2025\/05\/pas-de-trois-300x300.jpg",300,300,true],"thumbrelated":["https:\/\/imagazine.it\/wp-content\/uploads\/2025\/05\/pas-de-trois-500x500.jpg",500,500,true],"meccarouselthumb":["https:\/\/imagazine.it\/wp-content\/uploads\/2025\/05\/pas-de-trois-474x324.jpg",474,324,true],"gridsquare":["https:\/\/imagazine.it\/wp-content\/uploads\/2025\/05\/pas-de-trois-391x260.jpg",391,260,true],"tileview":["https:\/\/imagazine.it\/wp-content\/uploads\/2025\/05\/pas-de-trois-300x400.jpg",300,400,true],"1536x1536":["https:\/\/imagazine.it\/wp-content\/uploads\/2025\/05\/pas-de-trois.jpg",1366,1046,false],"2048x2048":["https:\/\/imagazine.it\/wp-content\/uploads\/2025\/05\/pas-de-trois.jpg",1366,1046,false],"newsup-slider-full":["https:\/\/imagazine.it\/wp-content\/uploads\/2025\/05\/pas-de-trois-1280x720.jpg",1280,720,true],"newsup-featured":["https:\/\/imagazine.it\/wp-content\/uploads\/2025\/05\/pas-de-trois-1024x784.jpg",1024,784,true],"newsup-medium":["https:\/\/imagazine.it\/wp-content\/uploads\/2025\/05\/pas-de-trois-720x380.jpg",720,380,true],"tptn_thumbnail":["https:\/\/imagazine.it\/wp-content\/uploads\/2025\/05\/pas-de-trois-250x210.jpg",250,210,true],"sow-carousel-default":["https:\/\/imagazine.it\/wp-content\/uploads\/2025\/05\/pas-de-trois-272x182.jpg",272,182,true]},"rttpg_author":{"display_name":"Francesca Scarmignan","author_link":"https:\/\/imagazine.it\/home_desk\/author\/francesca-scarmignan\/"},"rttpg_comment":0,"rttpg_category":"<a href=\"https:\/\/imagazine.it\/home_desk\/category\/cultura-e-spettacolo\/\" rel=\"category tag\">CULTURA&amp;SPETTACOLO<\/a>","rttpg_excerpt":"Successo per \"Il lago dei cigni\" portato in scena al Verdi dal Balletto Internazionale Italiano. Con un messaggio quanto mai attuale","_links":{"self":[{"href":"https:\/\/imagazine.it\/home_desk\/wp-json\/wp\/v2\/posts\/65484","targetHints":{"allow":["GET"]}}],"collection":[{"href":"https:\/\/imagazine.it\/home_desk\/wp-json\/wp\/v2\/posts"}],"about":[{"href":"https:\/\/imagazine.it\/home_desk\/wp-json\/wp\/v2\/types\/post"}],"author":[{"embeddable":true,"href":"https:\/\/imagazine.it\/home_desk\/wp-json\/wp\/v2\/users\/39"}],"replies":[{"embeddable":true,"href":"https:\/\/imagazine.it\/home_desk\/wp-json\/wp\/v2\/comments?post=65484"}],"version-history":[{"count":0,"href":"https:\/\/imagazine.it\/home_desk\/wp-json\/wp\/v2\/posts\/65484\/revisions"}],"wp:featuredmedia":[{"embeddable":true,"href":"https:\/\/imagazine.it\/home_desk\/wp-json\/wp\/v2\/media\/65485"}],"wp:attachment":[{"href":"https:\/\/imagazine.it\/home_desk\/wp-json\/wp\/v2\/media?parent=65484"}],"wp:term":[{"taxonomy":"category","embeddable":true,"href":"https:\/\/imagazine.it\/home_desk\/wp-json\/wp\/v2\/categories?post=65484"},{"taxonomy":"post_tag","embeddable":true,"href":"https:\/\/imagazine.it\/home_desk\/wp-json\/wp\/v2\/tags?post=65484"}],"curies":[{"name":"wp","href":"https:\/\/api.w.org\/{rel}","templated":true}]}}