{"id":65479,"date":"2025-05-22T18:32:03","date_gmt":"2025-05-22T16:32:03","guid":{"rendered":"https:\/\/imagazine.it\/home_desk\/?p=65479"},"modified":"2025-05-22T18:32:03","modified_gmt":"2025-05-22T16:32:03","slug":"un-anno-di-ute-tra-musica-ed-emozioni","status":"publish","type":"post","link":"https:\/\/imagazine.it\/home_desk\/un-anno-di-ute-tra-musica-ed-emozioni\/","title":{"rendered":"Un anno di UTE tra musica ed emozioni"},"content":{"rendered":"<p><span style=\"font-size: 10pt;\"><em>L&#8217;intervento della presidente dell&#8217;Ute, Irina Coretti<\/em><\/span><\/p>\n<p>CERVIGNANO DEL FRIULI \u2013 Si \u00e8 concluso il 13\u00b0 anno accademico dell\u2019Universit\u00e0 della Terza Et\u00e0 della Citt\u00e0 di Cervignano e Bassa Friulana, come consuetudine con la \u201cfesta di fine anno\u201d.<\/p>\n<p>Nella sala \u201cDon Silvano\u201d, messa a disposizione dalla Parrocchia, si \u00e8 tenuto il tradizionale spettacolo che ha visto esibirsi con talento i coristi, i chitarristi e il gruppo di danza.<\/p>\n<p>Sono intervenuti il parroco <strong>don Sinuhe Marotta<\/strong> e il sindaco <strong>Andrea Balducci<\/strong> che hanno portato i loro saluti, complimentandosi per il grande lavoro svolto con professionalit\u00e0, impegno e dedizione.<\/p>\n<figure id=\"attachment_65480\" aria-describedby=\"caption-attachment-65480\" style=\"width: 1000px\" class=\"wp-caption aligncenter\"><img loading=\"lazy\" decoding=\"async\" class=\"size-full wp-image-65480\" src=\"https:\/\/imagazine.it\/wp-content\/uploads\/2025\/05\/ute-cervignano-03.jpg\" alt=\"\" width=\"1000\" height=\"750\" title=\"\" srcset=\"https:\/\/imagazine.it\/wp-content\/uploads\/2025\/05\/ute-cervignano-03.jpg 1000w, https:\/\/imagazine.it\/wp-content\/uploads\/2025\/05\/ute-cervignano-03-300x225.jpg 300w, https:\/\/imagazine.it\/wp-content\/uploads\/2025\/05\/ute-cervignano-03-768x576.jpg 768w\" sizes=\"auto, (max-width: 1000px) 100vw, 1000px\" \/><figcaption id=\"caption-attachment-65480\" class=\"wp-caption-text\">Il saluto di don Sinuhe Marotta<\/figcaption><\/figure>\n<p>Successivamente la presidente <strong>Irina Coretti<\/strong> ha offerto una prospettiva pi\u00f9 approfondita, rimarcando come le esibizioni, che il pubblico avrebbe avuto il piacere di ammirare di l\u00ec a poco, rappresentassero solamente la parte pi\u00f9 visibile e culminante di un processo ben pi\u00f9 ampio e complesso.<\/p>\n<p>Ha evidenziato il considerevole lavoro e il notevole impegno profuso non solo dal corpo docente, che ha sapientemente guidato e formato gli allievi, ma soprattutto dagli &#8220;studenti&#8221; stessi. Ha voluto rendere loro un tributo speciale per la seriet\u00e0 con cui hanno affrontato le prove, per l&#8217;abnegazione dimostrata e per l&#8217;impegno costante che ha contraddistinto il loro operato durante tutto l&#8217;anno.<\/p>\n<p>Poi sono iniziate le esibizioni dei danzerini che, guidati dalla maestra <strong>Jessy Magnani<\/strong>, hanno interpretato le musiche proposte, con il tormentone dell\u2019ultimo Festival di Sanremo \u2013 \u201c<em>Cuoricini<\/em>\u201d \u2013 come finale.<\/p>\n<p>Il coro, ben preparato dal giovane maestro <strong>Gabriele Avian<\/strong>, ha dimostrato grandi capacit\u00e0 vocali, concludendo il concerto con la celebre canzone <em>\u201cSignore delle Cime\u201d<\/em>.<\/p>\n<figure id=\"attachment_65481\" aria-describedby=\"caption-attachment-65481\" style=\"width: 1000px\" class=\"wp-caption aligncenter\"><img loading=\"lazy\" decoding=\"async\" class=\"size-full wp-image-65481\" src=\"https:\/\/imagazine.it\/wp-content\/uploads\/2025\/05\/ute-cervignano-04.jpg\" alt=\"\" width=\"1000\" height=\"750\" title=\"\" srcset=\"https:\/\/imagazine.it\/wp-content\/uploads\/2025\/05\/ute-cervignano-04.jpg 1000w, https:\/\/imagazine.it\/wp-content\/uploads\/2025\/05\/ute-cervignano-04-300x225.jpg 300w, https:\/\/imagazine.it\/wp-content\/uploads\/2025\/05\/ute-cervignano-04-768x576.jpg 768w\" sizes=\"auto, (max-width: 1000px) 100vw, 1000px\" \/><figcaption id=\"caption-attachment-65481\" class=\"wp-caption-text\">Coro e chitarre<\/figcaption><\/figure>\n<p>A terminare la mattinata sono state le \u201cchitarre\u201d che, guidate dal maestro <strong>Andrea Di Marco<\/strong>, hanno eseguito quattro brani; ad arricchire l&#8217;esibizione <strong>Italo Nardin<\/strong> che ha incantato la platea con la sua performance da solista.<\/p>\n<p>L&#8217;ultimo brano, particolarmente coinvolgente, ha visto esibirsi insieme le chitarre e i coristi in una sentita interpretazione di &#8220;<em>Piazza Grande<\/em>&#8221; di Lucio Dalla, che ha saputo emozionare profondamente tutti i presenti, regalando un finale toccante.<\/p>\n","protected":false},"excerpt":{"rendered":"<p>Successo di partecipazione a Cervignano per la tradizionale festa che ha sancito la conclusione dell&#8217;annata dell&#8217;Universit\u00e0 della Terza Et\u00e0<\/p>\n","protected":false},"author":22,"featured_media":65482,"comment_status":"closed","ping_status":"closed","sticky":false,"template":"","format":"image","meta":{"dwc-title":[""],"dwc-content":[""],"footnotes":""},"categories":[5],"tags":[119,2977,1186],"class_list":["post-65479","post","type-post","status-publish","format-image","has-post-thumbnail","hentry","category-attualita","tag-cervignano","tag-socialita-volontariato","tag-ute","post_format-post-format-image"],"rttpg_featured_image_url":{"full":["https:\/\/imagazine.it\/wp-content\/uploads\/2025\/05\/ute-cervignano-02.jpg",1366,729,false],"landscape":["https:\/\/imagazine.it\/wp-content\/uploads\/2025\/05\/ute-cervignano-02.jpg",1366,729,false],"portraits":["https:\/\/imagazine.it\/wp-content\/uploads\/2025\/05\/ute-cervignano-02.jpg",1366,729,false],"thumbnail":["https:\/\/imagazine.it\/wp-content\/uploads\/2025\/05\/ute-cervignano-02-150x150.jpg",150,150,true],"medium":["https:\/\/imagazine.it\/wp-content\/uploads\/2025\/05\/ute-cervignano-02-300x160.jpg",300,160,true],"large":["https:\/\/imagazine.it\/wp-content\/uploads\/2025\/05\/ute-cervignano-02-1024x546.jpg",640,341,true],"thumblist":["https:\/\/imagazine.it\/wp-content\/uploads\/2025\/05\/ute-cervignano-02-300x300.jpg",300,300,true],"thumbrelated":["https:\/\/imagazine.it\/wp-content\/uploads\/2025\/05\/ute-cervignano-02-500x500.jpg",500,500,true],"meccarouselthumb":["https:\/\/imagazine.it\/wp-content\/uploads\/2025\/05\/ute-cervignano-02-474x324.jpg",474,324,true],"gridsquare":["https:\/\/imagazine.it\/wp-content\/uploads\/2025\/05\/ute-cervignano-02-391x260.jpg",391,260,true],"tileview":["https:\/\/imagazine.it\/wp-content\/uploads\/2025\/05\/ute-cervignano-02-300x400.jpg",300,400,true],"1536x1536":["https:\/\/imagazine.it\/wp-content\/uploads\/2025\/05\/ute-cervignano-02.jpg",1366,729,false],"2048x2048":["https:\/\/imagazine.it\/wp-content\/uploads\/2025\/05\/ute-cervignano-02.jpg",1366,729,false],"newsup-slider-full":["https:\/\/imagazine.it\/wp-content\/uploads\/2025\/05\/ute-cervignano-02-1280x720.jpg",1280,720,true],"newsup-featured":["https:\/\/imagazine.it\/wp-content\/uploads\/2025\/05\/ute-cervignano-02-1024x546.jpg",1024,546,true],"newsup-medium":["https:\/\/imagazine.it\/wp-content\/uploads\/2025\/05\/ute-cervignano-02-720x380.jpg",720,380,true],"tptn_thumbnail":["https:\/\/imagazine.it\/wp-content\/uploads\/2025\/05\/ute-cervignano-02-250x210.jpg",250,210,true],"sow-carousel-default":["https:\/\/imagazine.it\/wp-content\/uploads\/2025\/05\/ute-cervignano-02-272x182.jpg",272,182,true]},"rttpg_author":{"display_name":"Livio Nonis","author_link":"https:\/\/imagazine.it\/home_desk\/author\/nonis\/"},"rttpg_comment":0,"rttpg_category":"<a href=\"https:\/\/imagazine.it\/home_desk\/category\/attualita\/\" rel=\"category tag\">ATTUALIT\u00c0<\/a>","rttpg_excerpt":"Successo di partecipazione a Cervignano per la tradizionale festa che ha sancito la conclusione dell'annata dell'Universit\u00e0 della Terza Et\u00e0","_links":{"self":[{"href":"https:\/\/imagazine.it\/home_desk\/wp-json\/wp\/v2\/posts\/65479","targetHints":{"allow":["GET"]}}],"collection":[{"href":"https:\/\/imagazine.it\/home_desk\/wp-json\/wp\/v2\/posts"}],"about":[{"href":"https:\/\/imagazine.it\/home_desk\/wp-json\/wp\/v2\/types\/post"}],"author":[{"embeddable":true,"href":"https:\/\/imagazine.it\/home_desk\/wp-json\/wp\/v2\/users\/22"}],"replies":[{"embeddable":true,"href":"https:\/\/imagazine.it\/home_desk\/wp-json\/wp\/v2\/comments?post=65479"}],"version-history":[{"count":0,"href":"https:\/\/imagazine.it\/home_desk\/wp-json\/wp\/v2\/posts\/65479\/revisions"}],"wp:featuredmedia":[{"embeddable":true,"href":"https:\/\/imagazine.it\/home_desk\/wp-json\/wp\/v2\/media\/65482"}],"wp:attachment":[{"href":"https:\/\/imagazine.it\/home_desk\/wp-json\/wp\/v2\/media?parent=65479"}],"wp:term":[{"taxonomy":"category","embeddable":true,"href":"https:\/\/imagazine.it\/home_desk\/wp-json\/wp\/v2\/categories?post=65479"},{"taxonomy":"post_tag","embeddable":true,"href":"https:\/\/imagazine.it\/home_desk\/wp-json\/wp\/v2\/tags?post=65479"}],"curies":[{"name":"wp","href":"https:\/\/api.w.org\/{rel}","templated":true}]}}