{"id":65464,"date":"2025-05-22T16:01:11","date_gmt":"2025-05-22T14:01:11","guid":{"rendered":"https:\/\/imagazine.it\/home_desk\/?p=65464"},"modified":"2025-05-23T11:59:00","modified_gmt":"2025-05-23T09:59:00","slug":"cantine-aperte-in-friuli-venezia-giulia","status":"publish","type":"post","link":"https:\/\/imagazine.it\/home_desk\/cantine-aperte-in-friuli-venezia-giulia\/","title":{"rendered":"Cantine Aperte in Friuli Venezia Giulia"},"content":{"rendered":"<p><span style=\"font-size: 10pt;\"><em>I visitatori di Cantine Aperte<\/em><\/span><\/p>\n<p>Torna, <strong>sabato 24 e domenica 25 maggio<\/strong>, <strong><em>Cantine Aperte<\/em><\/strong>, l\u2019evento organizzato dal <strong>Movimento Turismo del Vino<\/strong> che anche in Friuli Venezia Giulia aprir\u00e0 le porte, per la 32\u00aa volta, di <strong>un\u2019ottantina di cantine aderenti<\/strong>, consentendo ad appassionati e curiosi un\u2019immersione sensoriale a 360 gradi attorno al mondo del vino.<\/p>\n<p>\u201cOltre trent\u2019 anni fa, la prima edizione di <em>Cantine Aperte<\/em> \u2013 racconta la presidente del Movimento Turismo del Vino Fvg, <strong>Elda Felluga<\/strong> \u2013 non si parlava ancora di enoturismo e il Movimento \u00e8 stato il primo a creare un evento di questo genere e importanza, invitando le persone nelle cantine, diventate nel tempo non solo luoghi produttivi, ma centri di cultura e ospitalit\u00e0\u201d.<\/p>\n<p>\u201cQuest\u2019anno inoltre \u2013 prosegue Felluga \u2013 <em>Cantine Aperte<\/em> si sposa anche con il percorso transfrontaliero di Enosatira, un itinerario curioso e originale, tra Friuli Venezia Giulia e Slovenia, per celebrare i 25 anni del concorso internazionale <em>Spirito di Vino<\/em> nell\u2019anno di Nova Gorica e Gorizia capitale europea della cultura\u201d.<\/p>\n<h3><strong>Esperienze per tutti i gusti<\/strong><\/h3>\n<p>In tutte le cantine del Friuli Venezia Giulia che apriranno le loro porte per <em>Cantine Aperte<\/em> dalle 10 alle 18, il visitatore avr\u00e0 solo l\u2019imbarazzo della scelta su quale esperienza vivere.<\/p>\n<p>Dal \u201c<strong>Piatto Cantine Aperte<\/strong>\u201d alla musica, dalle verticali di vino alle degustazioni classiche, dallo yoga in vigna alle degustazioni d\u2019olio, dai laboratori di orchidee agli assaggi di vini d\u2019annata o di edizioni limitate che verranno proposte appositamente in questa occasione.<\/p>\n<p>Non mancher\u00e0 ovviamente uno degli appuntamenti pi\u00f9 apprezzati, quello con &#8220;<strong><em>A Tavola con il Vignaiolo<\/em><\/strong>&#8220;, 15 occasioni, tra cene (24 maggio) e pranzi (25 maggio) su prenotazione, in cui vini eccellenti del territorio, raccontati dagli stessi vignaioli, saranno abbinati a prelibati men\u00f9 in un\u2019atmosfera conviviale e unica.<\/p>\n<p>Per chi decider\u00e0 di godersi appieno il weekend, inoltre, ci sar\u00e0 anche la possibilit\u00e0 di pernottare nelle <strong>cantine del Buon Dormire<\/strong> e risvegliarsi immersi tra vigneti e colline.<\/p>\n<p>Per chi sceglier\u00e0 il binomio vino e arte, potr\u00e0 anche decidere di ripercorrere il filo conduttore che lega le cantine di \u201c<strong><em>Enosatira<\/em><\/strong>\u201d. Un viaggio in cui la satira delle vignette realizzate da disegnatori di tutto il mondo ed esposte in una quindicina di \u201cStanze del Vino\u201d tra Friuli Venezia Giulia e Slovenia diventa il collante per un itinerario alla scoperta dei sapori e del territorio, con ironia e curiosit\u00e0.<\/p>\n<h3><strong>Il kit <\/strong><\/h3>\n<p>Immancabile l\u2019elemento distintivo di Cantine Aperte, ovvero il <strong>kit composto da tracolla, calice, mappa e wine pass<\/strong>, che si potr\u00e0 acquistare direttamente nelle cantine.<\/p>\n<p>Grazie al kit sar\u00e0 possibile degustare il <strong>calice di benvenuto<\/strong> in tutte le 77 realt\u00e0 aderenti. Ma non solo, perch\u00e9 parte dell\u2019offerta sar\u00e0 devoluta ad associazioni benefiche del territorio che saranno presenti nella maggior parte delle cantine proprio per vendere i kit e raccontare, al contempo, il proprio impegno.<\/p>\n<h3><strong>La mappa<\/strong><\/h3>\n<p>Per costruire il proprio percorso, il Movimento Turismo del Vino ha predisposto anche un\u2019apposita <strong>mappa<\/strong> in cui trovare non solo l\u2019elenco di tutte le cantine aderenti nelle quattro province della regione, ognuna con un <strong>QR code<\/strong> che rimanda alle iniziative organizzate nella due giorni, ma anche una <strong>cartina<\/strong> con cui potersi costruire un proprio personale itinerario del gusto.<\/p>\n<p>Sono 51 le cantine aperte nella provincia di <strong>Udine<\/strong>, 17 in quella di <strong>Gorizia<\/strong>, 8 a <strong>Pordenone<\/strong> e 1 a <strong>Trieste<\/strong>. Per vivere al meglio l\u2019esperienza, \u00e8 consigliata la <strong>prenotazione<\/strong>.<\/p>\n<p>Ecco l&#8217;elenco di tutte le cantine aperte: <span style=\"text-decoration: underline;\"><a href=\"http:\/\/www.cantineaperte.info\" target=\"_blank\" rel=\"noopener\"><strong>www.cantineaperte.info<\/strong><\/a><\/span><\/p>\n","protected":false},"excerpt":{"rendered":"<p>Un\u2019ottantina di realt\u00e0 della regione apriranno le proprie porte per far vivere un\u2019esperienza sensoriale all\u2019insegna di grandi vini del territorio, degustazioni e abbinamenti gastronomici<\/p>\n","protected":false},"author":28,"featured_media":65465,"comment_status":"closed","ping_status":"closed","sticky":false,"template":"","format":"image","meta":{"dwc-title":[""],"dwc-content":[""],"footnotes":""},"categories":[8],"tags":[576,417,72,549],"class_list":["post-65464","post","type-post","status-publish","format-image","has-post-thumbnail","hentry","category-turismo","tag-enogastronomia","tag-food","tag-natura","tag-vino","post_format-post-format-image"],"rttpg_featured_image_url":{"full":["https:\/\/imagazine.it\/wp-content\/uploads\/2025\/05\/Cantine-Aperte-archivio-03.jpg",1366,911,false],"landscape":["https:\/\/imagazine.it\/wp-content\/uploads\/2025\/05\/Cantine-Aperte-archivio-03.jpg",1366,911,false],"portraits":["https:\/\/imagazine.it\/wp-content\/uploads\/2025\/05\/Cantine-Aperte-archivio-03.jpg",1366,911,false],"thumbnail":["https:\/\/imagazine.it\/wp-content\/uploads\/2025\/05\/Cantine-Aperte-archivio-03-150x150.jpg",150,150,true],"medium":["https:\/\/imagazine.it\/wp-content\/uploads\/2025\/05\/Cantine-Aperte-archivio-03-300x200.jpg",300,200,true],"large":["https:\/\/imagazine.it\/wp-content\/uploads\/2025\/05\/Cantine-Aperte-archivio-03-1024x683.jpg",640,427,true],"thumblist":["https:\/\/imagazine.it\/wp-content\/uploads\/2025\/05\/Cantine-Aperte-archivio-03-300x300.jpg",300,300,true],"thumbrelated":["https:\/\/imagazine.it\/wp-content\/uploads\/2025\/05\/Cantine-Aperte-archivio-03-500x500.jpg",500,500,true],"meccarouselthumb":["https:\/\/imagazine.it\/wp-content\/uploads\/2025\/05\/Cantine-Aperte-archivio-03-474x324.jpg",474,324,true],"gridsquare":["https:\/\/imagazine.it\/wp-content\/uploads\/2025\/05\/Cantine-Aperte-archivio-03-391x260.jpg",391,260,true],"tileview":["https:\/\/imagazine.it\/wp-content\/uploads\/2025\/05\/Cantine-Aperte-archivio-03-300x400.jpg",300,400,true],"1536x1536":["https:\/\/imagazine.it\/wp-content\/uploads\/2025\/05\/Cantine-Aperte-archivio-03.jpg",1366,911,false],"2048x2048":["https:\/\/imagazine.it\/wp-content\/uploads\/2025\/05\/Cantine-Aperte-archivio-03.jpg",1366,911,false],"newsup-slider-full":["https:\/\/imagazine.it\/wp-content\/uploads\/2025\/05\/Cantine-Aperte-archivio-03-1280x720.jpg",1280,720,true],"newsup-featured":["https:\/\/imagazine.it\/wp-content\/uploads\/2025\/05\/Cantine-Aperte-archivio-03-1024x683.jpg",1024,683,true],"newsup-medium":["https:\/\/imagazine.it\/wp-content\/uploads\/2025\/05\/Cantine-Aperte-archivio-03-720x380.jpg",720,380,true],"tptn_thumbnail":["https:\/\/imagazine.it\/wp-content\/uploads\/2025\/05\/Cantine-Aperte-archivio-03-250x210.jpg",250,210,true],"sow-carousel-default":["https:\/\/imagazine.it\/wp-content\/uploads\/2025\/05\/Cantine-Aperte-archivio-03-272x182.jpg",272,182,true]},"rttpg_author":{"display_name":"redazione","author_link":"https:\/\/imagazine.it\/home_desk\/author\/redazione\/"},"rttpg_comment":0,"rttpg_category":"<a href=\"https:\/\/imagazine.it\/home_desk\/category\/turismo\/\" rel=\"category tag\">TURISMO<\/a>","rttpg_excerpt":"Un\u2019ottantina di realt\u00e0 della regione apriranno le proprie porte per far vivere un\u2019esperienza sensoriale all\u2019insegna di grandi vini del territorio, degustazioni e abbinamenti gastronomici","_links":{"self":[{"href":"https:\/\/imagazine.it\/home_desk\/wp-json\/wp\/v2\/posts\/65464","targetHints":{"allow":["GET"]}}],"collection":[{"href":"https:\/\/imagazine.it\/home_desk\/wp-json\/wp\/v2\/posts"}],"about":[{"href":"https:\/\/imagazine.it\/home_desk\/wp-json\/wp\/v2\/types\/post"}],"author":[{"embeddable":true,"href":"https:\/\/imagazine.it\/home_desk\/wp-json\/wp\/v2\/users\/28"}],"replies":[{"embeddable":true,"href":"https:\/\/imagazine.it\/home_desk\/wp-json\/wp\/v2\/comments?post=65464"}],"version-history":[{"count":0,"href":"https:\/\/imagazine.it\/home_desk\/wp-json\/wp\/v2\/posts\/65464\/revisions"}],"wp:featuredmedia":[{"embeddable":true,"href":"https:\/\/imagazine.it\/home_desk\/wp-json\/wp\/v2\/media\/65465"}],"wp:attachment":[{"href":"https:\/\/imagazine.it\/home_desk\/wp-json\/wp\/v2\/media?parent=65464"}],"wp:term":[{"taxonomy":"category","embeddable":true,"href":"https:\/\/imagazine.it\/home_desk\/wp-json\/wp\/v2\/categories?post=65464"},{"taxonomy":"post_tag","embeddable":true,"href":"https:\/\/imagazine.it\/home_desk\/wp-json\/wp\/v2\/tags?post=65464"}],"curies":[{"name":"wp","href":"https:\/\/api.w.org\/{rel}","templated":true}]}}