{"id":65458,"date":"2025-05-22T12:43:40","date_gmt":"2025-05-22T10:43:40","guid":{"rendered":"https:\/\/imagazine.it\/home_desk\/?p=65458"},"modified":"2025-05-23T10:40:33","modified_gmt":"2025-05-23T08:40:33","slug":"guerre-e-relazioni-tossiche-18-eventi-tra-bassa-e-isontino","status":"publish","type":"post","link":"https:\/\/imagazine.it\/home_desk\/guerre-e-relazioni-tossiche-18-eventi-tra-bassa-e-isontino\/","title":{"rendered":"Guerre e relazioni tossiche: 18 eventi tra Bassa e Isontino"},"content":{"rendered":"<p><span style=\"font-size: 10pt;\"><em>(\u00a9 Luca A. d&#8217;Agostino &#8211; Phocus Agency)<\/em><\/span><\/p>\n<p>RONCHI DEI LEGIONARI \u2013 iniziato il conto alla rovescia per\u00a0<strong><em>Aspettando il Festival\u2026<\/em><\/strong>\u00a0di\u00a0<strong>Leali delle Notizie<\/strong>, l&#8217;ormai tradizionale anteprima del\u00a0<strong>Festival del Giornalismo<\/strong>, in programma\u00a0<strong>dal 10 al 15 giugno a Ronchi dei Legionari<\/strong>.<\/p>\n<p><strong>Dal 23 maggio all&#8217;1 giugno<\/strong>, 18 appuntamenti porteranno occasioni di riflessione su molti temi di attualit\u00e0 in dieci Comuni dell\u2019Isontino e della Bassa Friulana.<\/p>\n<p>Oltre a Ronchi, gli incontri faranno tappa ad\u00a0<strong>Aquileia, Doberd\u00f2 del Lago, Fogliano Redipuglia, Gorizia, Gradisca d&#8217;Isonzo, Sagrado, San Canzian d&#8217;Isonzo, San Pier d&#8217;Isonzo\u00a0<\/strong>e\u00a0<strong>Staranzano<\/strong>, con diversi appuntamenti al mattino pensati per le scuole.<\/p>\n<p>Il calendario del pre-festival tratter\u00e0 la situazione geopolitica internazionale e i conflitti in corso, da <strong>Gaza\u00a0<\/strong>all\u2019<strong>Ucraina<\/strong>, ma anche altri temi \u2018caldi\u2019 come il\u00a0<strong>cambiamento climatico<\/strong>, le\u00a0<strong>migrazioni\u00a0<\/strong>o le\u00a0<strong>relazioni tossiche<\/strong>.<\/p>\n<p>Non mancheranno, poi, i focus dedicati al giornalismo e agli anniversari storici, a partire dagli\u00a0<strong>80 anni dalla Liberazione<\/strong>, grazie a\u00a0<strong>Udo G\u00fcmpel<\/strong>, giornalista tedesco che illustrer\u00e0 il progetto \u2018<em>Le stragi naziste nell\u2019Italia occupata nella memoria dei loro autori\u2019<\/em>\u00a0(<strong>gioved\u00ec 29\u00a0<\/strong>maggio, doppio appuntamento alle 10 a Ronchi con la matin\u00e9e per le scuole, aperta anche al pubblico, e, alle 21, a Sagrado), in collaborazione con le locali sezioni di\u00a0<strong>Anpi\u00a0<\/strong>e\u00a0<strong>Aned<\/strong>.<\/p>\n<p>Attenzione anche alle mostre: tre allestimenti saranno inaugurati nel corso di <em>Aspettando il Festival<\/em>. Si parte il\u00a0<strong>23 maggio<\/strong>\u00a0con\u00a0<em>Human Distance<\/em>\u00a0di\u00a0<strong>Paolo Tanze\u00a0<\/strong>(visitabile fino al 31 agosto nella sede dell\u2019associazione in piazzetta Francesco Giuseppe, a <strong>Ronchi<\/strong>).<\/p>\n<p><strong>Sabato 31\u00a0<\/strong>maggio, nella Corte D\u2019Aviano di palazzo Torriani, a <strong>Gradisca<\/strong>, sar\u00e0 la volta dell\u2019esposizione diffusa dedicata al foto-giornalismo\u00a0<em>Tempi di cronaca, dai giornali ai social<\/em>\u00a0che, fino al 31 agosto, permetter\u00e0 di rivivere la grande Storia grazie agli scatti di\u00a0<strong>Luciano del Castillo, Franco Lannino\u00a0<\/strong>e\u00a0<strong>Manuel Silvestri<\/strong>; dopo il taglio del nastro, in programma alle 20, i tre fotoreporter si racconteranno al pubblico, moderati da\u00a0<strong>Luca D\u2019Agostino<\/strong>.<\/p>\n<p>Infine,\u00a0<strong>domenica 1 giugno<\/strong>, alle 17.15, nell\u2019Auditorium comunale Casa della Cultura di <strong>Ronchi<\/strong> si alzer\u00e0 il sipario su\u00a0<em>Ritratti di giornalisti nel conflitto Israele &#8211; Gaza<\/em>\u00a0(visitabile fino al 31 agosto), progetto dell\u2019artista e attivista\u00a0<strong>Gianluca Costantini\u00a0<\/strong>per non chiudere gli occhi di fronte ai drammatici numeri degli operatori dell\u2019informazione uccisi nella striscia di Gaza dal 7 ottobre 2023.<\/p>\n<p>L\u2019opera di Costantini si lega alla decisione del Comitato scientifico di assegnare l\u2019ottava edizione del\u00a0<strong>premio Leali delle Notizie in Memoria di Daphne Caruana Galizia alle giornaliste e ai giornalisti palestinesi di Gaza e Cisgiordania<\/strong>. Dopo il\u00a0<em>vernissage<\/em>, sar\u00e0 proiettato il documentario\u00a0<em>Investigating War Crimes In Gaza<\/em>\u00a0di\u00a0<em>Al Jazeera<\/em>, alla presenza del regista\u00a0<strong>Richard Sanders<\/strong>\u00a0(autore, giornalista e produttore televisivo), in dialogo con\u00a0<strong>Giulia Bosetti\u00a0<\/strong>(giornalista d\u2019inchiesta Rai).<\/p>\n<p>Per gli appuntamenti serali (tutti con inizio alle 21), si parte\u00a0<strong>venerd\u00ec 23\u00a0<\/strong>a Staranzano, in collaborazione con il\u00a0<em>Festival dell\u2019Acqua<\/em>, con la conferenza &#8211; spettacolo\u00a0<strong><em>Sex and the Climate<\/em><\/strong>\u00a0con\u00a0<strong>Stefano Caserini\u00a0<\/strong>ed\u00a0<strong>Erminio Cella<\/strong>.<\/p>\n<p><strong>Sabato 24<\/strong>, a Doberd\u00f2 del Lago, la presentazione de\u00a0<em>I pionieri\u00a0<\/em>di\u00a0<strong>Sergio Tav\u010dar\u00a0<\/strong>che, grazie alle sue telecronache su\u00a0<em>Telecapodistria<\/em>, ha scritto un pezzo di storia del giornalismo sportivo italiano; dialogher\u00e0 con lui il giornalista\u00a0<strong>Giuseppe Pisano<\/strong>.<\/p>\n<p><strong>Domenica 25<\/strong>, in sala Dora Bassi, a Gorizia, si riflette\u00a0<em>Detenzione amministrativa e nuovo patto europeo per l\u2019asilo<\/em>\u00a0con\u00a0<strong>Luca Casarini\u00a0<\/strong>(capomissione\u00a0<em>Mediterranea Saving Humans<\/em>) e\u00a0<strong>Nicola Cocco\u00a0<\/strong>(medico infettivologo, Rete Mai pi\u00f9 lager \u2013 No CPR, Societ\u00e0 di Medicina delle Migrazioni), moderati dall\u2019inviata\u00a0<strong>Chiara Proietti D\u2019Ambra<\/strong>.<\/p>\n<p><strong>Luned\u00ec 26<\/strong>\u00a0la rassegna far\u00e0 tappa a San Pier d\u2019Isonzo (nell\u2019area verde del Municipio) per parlare di\u00a0<em>Relazioni tossiche<\/em>\u00a0con\u00a0<strong>Gian Ettore Gassani<\/strong>\u00a0e\u00a0<strong>Stefano Callipo<\/strong>, moderati da\u00a0<strong>Anna Limpido<\/strong>.<\/p>\n<p>Il libro\u00a0<em>Vite al fronte\u00a0<\/em>di\u00a0<strong>Luca Steinmann\u00a0<\/strong>sar\u00e0 al centro dell\u2019appuntamento di\u00a0<strong>marted\u00ec 27 maggio<\/strong>\u00a0a San Canzian d\u2019Isonzo; l\u2019autore racconter\u00e0 la sua esperienza in diversi scenari di guerra in dialogo con <strong>Paolo Mosanghini<\/strong>.<\/p>\n<p><strong>Mercoled\u00ec 28<\/strong>, in collaborazione con l\u2019Ordine dei Giornalisti Fvg, spazio alla ricerca storica negli archivi con\u00a0<strong>Eugenio Ambrosi, Claudio Ern\u00e8\u00a0<\/strong>e\u00a0<strong>Antonietta Colombatti\u00a0<\/strong>(direttrice dell\u2019Archivio di Stato di Trieste), coordinati da\u00a0<strong>Pier Ugo Candido<\/strong>.<\/p>\n<p>Di progettazione in chiave inclusiva delle citt\u00e0 parleremo\u00a0<strong>venerd\u00ec 30<\/strong>\u00a0a Fogliano Redipuglia (piazzale del Municipio) con\u00a0<strong>Francesco Favero, Erica Gaiatto\u00a0<\/strong>e\u00a0<strong>Alberto Vanolo<\/strong>, introdotti da\u00a0<strong>William Del Negro<\/strong>\u00a0e moderati da\u00a0<strong>Roberto Covaz<\/strong>.<\/p>\n<p>Infine,\u00a0<strong>domenica 1<\/strong>\u00a0giugno, alle 20, a Ronchi dei Legionari, il calendario delle anteprime si chiuder\u00e0 con\u00a0<em>Migrare in montagna. Nuovi scenari nell&#8217;epoca della crisi climatica<\/em>\u00a0con\u00a0<strong>Gianni Tartari\u00a0<\/strong>(ambasciatore del Patto Europeo per il Clima e segretario di EuCliPa.IT) e\u00a0<strong>Marta Abb\u00e0\u00a0<\/strong>(giornalista e fisica dell\u2019ambiente, specializzata in diritti umani, climatici e digitali), che risponderanno alle sollecitazioni di\u00a0<strong>Morena Pinto<\/strong>.<\/p>\n<p>Anche quest\u2019anno, protagonisti di una parte degli appuntamenti saranno gli studenti, ai quali Leali delle Notizie vuole continuare a offrire occasioni di approfondimento e formazione.<\/p>\n<p>I ragazzi parleranno di disturbi alimentari e\u00a0<em>social media<\/em>\u00a0con\u00a0<strong>Sara Verrecchia\u00a0<\/strong>(venerd\u00ec 23) e di come difendersi dalle\u00a0<em>fake news<\/em>\u00a0con\u00a0<strong>Luca De Rosa\u00a0<\/strong>(luned\u00ec 26), ma anche di vicende del passato, grazie ad\u00a0<strong>Alessandro Cattunar<\/strong>\u00a0e alla sua\u00a0<em>Storia di una linea bianca<\/em>\u00a0(mercoled\u00ec 28) e al gi\u00e0 citato G\u00fcmpel, senza dimenticare il viaggio che la giornalista esperta di Africa\u00a0<strong>Antonella Napoli<\/strong>\u00a0permetter\u00e0 di fare alla scoperta delle periferie del mondo.<\/p>\n","protected":false},"excerpt":{"rendered":"<p>Al via gli incontri di &#8220;Aspettando il Festival\u2026&#8221;, a cura di Leali delle Notizie. In programma anche appuntamenti per le scuole<\/p>\n","protected":false},"author":28,"featured_media":65459,"comment_status":"closed","ping_status":"closed","sticky":false,"template":"","format":"image","meta":{"dwc-title":[""],"dwc-content":[""],"footnotes":""},"categories":[37],"tags":[2287,261,826,404,2438,405,149],"class_list":["post-65458","post","type-post","status-publish","format-image","has-post-thumbnail","hentry","category-cultura-e-spettacolo","tag-approfondimenti","tag-eventi","tag-eventi-fvg","tag-giornalismo","tag-incontri","tag-leali-delle-notizie","tag-ronchi","post_format-post-format-image"],"rttpg_featured_image_url":{"full":["https:\/\/imagazine.it\/wp-content\/uploads\/2025\/05\/aspettando.jpg",1366,909,false],"landscape":["https:\/\/imagazine.it\/wp-content\/uploads\/2025\/05\/aspettando.jpg",1366,909,false],"portraits":["https:\/\/imagazine.it\/wp-content\/uploads\/2025\/05\/aspettando.jpg",1366,909,false],"thumbnail":["https:\/\/imagazine.it\/wp-content\/uploads\/2025\/05\/aspettando-150x150.jpg",150,150,true],"medium":["https:\/\/imagazine.it\/wp-content\/uploads\/2025\/05\/aspettando-300x200.jpg",300,200,true],"large":["https:\/\/imagazine.it\/wp-content\/uploads\/2025\/05\/aspettando-1024x681.jpg",640,426,true],"thumblist":["https:\/\/imagazine.it\/wp-content\/uploads\/2025\/05\/aspettando-300x300.jpg",300,300,true],"thumbrelated":["https:\/\/imagazine.it\/wp-content\/uploads\/2025\/05\/aspettando-500x500.jpg",500,500,true],"meccarouselthumb":["https:\/\/imagazine.it\/wp-content\/uploads\/2025\/05\/aspettando-474x324.jpg",474,324,true],"gridsquare":["https:\/\/imagazine.it\/wp-content\/uploads\/2025\/05\/aspettando-391x260.jpg",391,260,true],"tileview":["https:\/\/imagazine.it\/wp-content\/uploads\/2025\/05\/aspettando-300x400.jpg",300,400,true],"1536x1536":["https:\/\/imagazine.it\/wp-content\/uploads\/2025\/05\/aspettando.jpg",1366,909,false],"2048x2048":["https:\/\/imagazine.it\/wp-content\/uploads\/2025\/05\/aspettando.jpg",1366,909,false],"newsup-slider-full":["https:\/\/imagazine.it\/wp-content\/uploads\/2025\/05\/aspettando-1280x720.jpg",1280,720,true],"newsup-featured":["https:\/\/imagazine.it\/wp-content\/uploads\/2025\/05\/aspettando-1024x681.jpg",1024,681,true],"newsup-medium":["https:\/\/imagazine.it\/wp-content\/uploads\/2025\/05\/aspettando-720x380.jpg",720,380,true],"tptn_thumbnail":["https:\/\/imagazine.it\/wp-content\/uploads\/2025\/05\/aspettando-250x210.jpg",250,210,true],"sow-carousel-default":["https:\/\/imagazine.it\/wp-content\/uploads\/2025\/05\/aspettando-272x182.jpg",272,182,true]},"rttpg_author":{"display_name":"redazione","author_link":"https:\/\/imagazine.it\/home_desk\/author\/redazione\/"},"rttpg_comment":0,"rttpg_category":"<a href=\"https:\/\/imagazine.it\/home_desk\/category\/cultura-e-spettacolo\/\" rel=\"category tag\">CULTURA&amp;SPETTACOLO<\/a>","rttpg_excerpt":"Al via gli incontri di \"Aspettando il Festival\u2026\", a cura di Leali delle Notizie. In programma anche appuntamenti per le scuole","_links":{"self":[{"href":"https:\/\/imagazine.it\/home_desk\/wp-json\/wp\/v2\/posts\/65458","targetHints":{"allow":["GET"]}}],"collection":[{"href":"https:\/\/imagazine.it\/home_desk\/wp-json\/wp\/v2\/posts"}],"about":[{"href":"https:\/\/imagazine.it\/home_desk\/wp-json\/wp\/v2\/types\/post"}],"author":[{"embeddable":true,"href":"https:\/\/imagazine.it\/home_desk\/wp-json\/wp\/v2\/users\/28"}],"replies":[{"embeddable":true,"href":"https:\/\/imagazine.it\/home_desk\/wp-json\/wp\/v2\/comments?post=65458"}],"version-history":[{"count":0,"href":"https:\/\/imagazine.it\/home_desk\/wp-json\/wp\/v2\/posts\/65458\/revisions"}],"wp:featuredmedia":[{"embeddable":true,"href":"https:\/\/imagazine.it\/home_desk\/wp-json\/wp\/v2\/media\/65459"}],"wp:attachment":[{"href":"https:\/\/imagazine.it\/home_desk\/wp-json\/wp\/v2\/media?parent=65458"}],"wp:term":[{"taxonomy":"category","embeddable":true,"href":"https:\/\/imagazine.it\/home_desk\/wp-json\/wp\/v2\/categories?post=65458"},{"taxonomy":"post_tag","embeddable":true,"href":"https:\/\/imagazine.it\/home_desk\/wp-json\/wp\/v2\/tags?post=65458"}],"curies":[{"name":"wp","href":"https:\/\/api.w.org\/{rel}","templated":true}]}}