{"id":65449,"date":"2025-05-21T18:20:30","date_gmt":"2025-05-21T16:20:30","guid":{"rendered":"https:\/\/imagazine.it\/home_desk\/?p=65449"},"modified":"2025-05-22T17:53:31","modified_gmt":"2025-05-22T15:53:31","slug":"anche-stefano-bollani-nellestate-musicale-di-lignano","status":"publish","type":"post","link":"https:\/\/imagazine.it\/home_desk\/anche-stefano-bollani-nellestate-musicale-di-lignano\/","title":{"rendered":"Anche Stefano Bollani nell&#8217;estate musicale di Lignano"},"content":{"rendered":"<p><span style=\"font-size: 10pt;\"><em>Stefano Bollani<\/em><\/span><\/p>\n<p>LIGNANO SABBIADORO \u2013 Torna il <strong>Lignano Summer Live Festival<\/strong>, rassegna di concerti e spettacoli gratuiti organizzata da <strong>Lignano Sabbiadoro Gestioni Spa<\/strong> in collaborazione con l\u2019Assessorato al Turismo del <strong>Comune di Lignano Sabbiadoro<\/strong>.<\/p>\n<p>Tra luglio e agosto, la Beach Arena di Sabbiadoro (Ufficio spiaggia 5) e Piazza Marcello d\u2019Olivo a Pineta ospiteranno <strong>cinque appuntamenti<\/strong> con protagonisti alcuni dei nomi pi\u00f9 amati della scena musicale italiana.<\/p>\n<p>Sabato <strong>12 luglio BigMama <\/strong>sar\u00e0 in concerto in Piazza Marcello d\u2019Olivo a Lignano Pineta, mentre sette giorni dopo (19 luglio) nello stesso luogo sar\u00e0 la volta di<strong> Drusilla Foer<\/strong>.<\/p>\n<p><strong>Domenica 27 luglio <\/strong>la Beach Arena ospiter\u00e0 invece lo spettacolo comico musicale degli<strong> Oblivion<\/strong>.<\/p>\n<p><strong>Luned\u00ec 4 agosto <\/strong>sempre alla Beach Arena sar\u00e0 la volta del concerto di <strong>Francesco Renga<\/strong>.<\/p>\n<p>Quattro giorni dopo (8 agosto), stesso luogo, viaggio musicale nella memoria collettiva con le sigle dei cartoni animati pi\u00f9 amati, rivisitate in chiave ironica e rock con la serata<strong> Cristina D\u2019Avena feat. Gem Boy Show<\/strong>.<\/p>\n<p>Ma la grande novit\u00e0, che arricchisce ulteriormente il calendario qui sopra gi\u00e0 pubblicato, \u00e8 l\u2019annuncio del concerto gratuito del Maestro<strong> Stefano Bollani<\/strong>, che si terr\u00e0 il marted\u00ec <strong>5 agosto all\u2019Arena Alpe Adria<\/strong> nell\u2019ambito del suo acclamato <strong>Piano Solo Tour<\/strong>.<\/p>\n<p>Tutti gli spettacoli sono a <strong>ingresso libero<\/strong>, fino a esaurimento posti.<\/p>\n","protected":false},"excerpt":{"rendered":"<p>Dopo Drusilla Foer, Big Mama e Francesco Renga, altro concerto gratuito nell&#8217;ambito del Summer Live Festival<\/p>\n","protected":false},"author":28,"featured_media":65450,"comment_status":"closed","ping_status":"closed","sticky":false,"template":"","format":"image","meta":{"dwc-title":[""],"dwc-content":[""],"footnotes":""},"categories":[37],"tags":[861,261,826,225,55],"class_list":["post-65449","post","type-post","status-publish","format-image","has-post-thumbnail","hentry","category-cultura-e-spettacolo","tag-concerti","tag-eventi","tag-eventi-fvg","tag-lignano","tag-musica","post_format-post-format-image"],"rttpg_featured_image_url":{"full":["https:\/\/imagazine.it\/wp-content\/uploads\/2025\/05\/Bollani_foto_small.jpg",1366,847,false],"landscape":["https:\/\/imagazine.it\/wp-content\/uploads\/2025\/05\/Bollani_foto_small.jpg",1366,847,false],"portraits":["https:\/\/imagazine.it\/wp-content\/uploads\/2025\/05\/Bollani_foto_small.jpg",1366,847,false],"thumbnail":["https:\/\/imagazine.it\/wp-content\/uploads\/2025\/05\/Bollani_foto_small-150x150.jpg",150,150,true],"medium":["https:\/\/imagazine.it\/wp-content\/uploads\/2025\/05\/Bollani_foto_small-300x186.jpg",300,186,true],"large":["https:\/\/imagazine.it\/wp-content\/uploads\/2025\/05\/Bollani_foto_small-1024x635.jpg",640,397,true],"thumblist":["https:\/\/imagazine.it\/wp-content\/uploads\/2025\/05\/Bollani_foto_small-300x300.jpg",300,300,true],"thumbrelated":["https:\/\/imagazine.it\/wp-content\/uploads\/2025\/05\/Bollani_foto_small-500x500.jpg",500,500,true],"meccarouselthumb":["https:\/\/imagazine.it\/wp-content\/uploads\/2025\/05\/Bollani_foto_small-474x324.jpg",474,324,true],"gridsquare":["https:\/\/imagazine.it\/wp-content\/uploads\/2025\/05\/Bollani_foto_small-391x260.jpg",391,260,true],"tileview":["https:\/\/imagazine.it\/wp-content\/uploads\/2025\/05\/Bollani_foto_small-300x400.jpg",300,400,true],"1536x1536":["https:\/\/imagazine.it\/wp-content\/uploads\/2025\/05\/Bollani_foto_small.jpg",1366,847,false],"2048x2048":["https:\/\/imagazine.it\/wp-content\/uploads\/2025\/05\/Bollani_foto_small.jpg",1366,847,false],"newsup-slider-full":["https:\/\/imagazine.it\/wp-content\/uploads\/2025\/05\/Bollani_foto_small-1280x720.jpg",1280,720,true],"newsup-featured":["https:\/\/imagazine.it\/wp-content\/uploads\/2025\/05\/Bollani_foto_small-1024x635.jpg",1024,635,true],"newsup-medium":["https:\/\/imagazine.it\/wp-content\/uploads\/2025\/05\/Bollani_foto_small-720x380.jpg",720,380,true],"tptn_thumbnail":["https:\/\/imagazine.it\/wp-content\/uploads\/2025\/05\/Bollani_foto_small-250x210.jpg",250,210,true],"sow-carousel-default":["https:\/\/imagazine.it\/wp-content\/uploads\/2025\/05\/Bollani_foto_small-272x182.jpg",272,182,true]},"rttpg_author":{"display_name":"redazione","author_link":"https:\/\/imagazine.it\/home_desk\/author\/redazione\/"},"rttpg_comment":0,"rttpg_category":"<a href=\"https:\/\/imagazine.it\/home_desk\/category\/cultura-e-spettacolo\/\" rel=\"category tag\">CULTURA&amp;SPETTACOLO<\/a>","rttpg_excerpt":"Dopo Drusilla Foer, Big Mama e Francesco Renga, altro concerto gratuito nell'ambito del Summer Live Festival","_links":{"self":[{"href":"https:\/\/imagazine.it\/home_desk\/wp-json\/wp\/v2\/posts\/65449","targetHints":{"allow":["GET"]}}],"collection":[{"href":"https:\/\/imagazine.it\/home_desk\/wp-json\/wp\/v2\/posts"}],"about":[{"href":"https:\/\/imagazine.it\/home_desk\/wp-json\/wp\/v2\/types\/post"}],"author":[{"embeddable":true,"href":"https:\/\/imagazine.it\/home_desk\/wp-json\/wp\/v2\/users\/28"}],"replies":[{"embeddable":true,"href":"https:\/\/imagazine.it\/home_desk\/wp-json\/wp\/v2\/comments?post=65449"}],"version-history":[{"count":0,"href":"https:\/\/imagazine.it\/home_desk\/wp-json\/wp\/v2\/posts\/65449\/revisions"}],"wp:featuredmedia":[{"embeddable":true,"href":"https:\/\/imagazine.it\/home_desk\/wp-json\/wp\/v2\/media\/65450"}],"wp:attachment":[{"href":"https:\/\/imagazine.it\/home_desk\/wp-json\/wp\/v2\/media?parent=65449"}],"wp:term":[{"taxonomy":"category","embeddable":true,"href":"https:\/\/imagazine.it\/home_desk\/wp-json\/wp\/v2\/categories?post=65449"},{"taxonomy":"post_tag","embeddable":true,"href":"https:\/\/imagazine.it\/home_desk\/wp-json\/wp\/v2\/tags?post=65449"}],"curies":[{"name":"wp","href":"https:\/\/api.w.org\/{rel}","templated":true}]}}