{"id":65190,"date":"2025-05-13T17:49:46","date_gmt":"2025-05-13T15:49:46","guid":{"rendered":"https:\/\/imagazine.it\/home_desk\/?p=65190"},"modified":"2025-05-14T18:58:03","modified_gmt":"2025-05-14T16:58:03","slug":"ciclismo-trieste-pronta-a-celebrare-il-tricolore","status":"publish","type":"post","link":"https:\/\/imagazine.it\/home_desk\/ciclismo-trieste-pronta-a-celebrare-il-tricolore\/","title":{"rendered":"Ciclismo: Trieste pronta a celebrare il tricolore"},"content":{"rendered":"<p><span style=\"font-size: 10pt;\"><em>(\u00a9 Photors.it)<\/em><\/span><\/p>\n<p>TRIESTE\u00a0\u2013 Trieste si prepara a vivere due giornate di grande ciclismo all&#8217;insegna del tricolore.<\/p>\n<p><strong>Sabato 21 e domenica 22 giugno<\/strong>, infatti, con la regia organizzativa della\u00a0<strong>Sc Cottur<\/strong>\u00a0si disputeranno le due prove, maschile e femminile, valide per il Campionato Italiano Juniores.<\/p>\n<p>Un doppio appuntamento di grande prestigio quello che porter\u00e0 il futuro del ciclismo italiano a sfidarsi sulle strade triestine per assegnare la maglia pi\u00f9 bella, quella che consentir\u00e0 ai migliori atleti di indossare il tricolore almeno fino a fine 2025.<\/p>\n<p>Sono circa 400 gli atleti e le atlete di 17 e 18 anni attesi in Friuli Venezia Giulia per il fine settimana scelto dalla Federazione Ciclistica Italiana per assegnare i titoli nazionali; in vista di questo evento, il presidente della Struttura Tecnica della FCI, <strong>Fabrizio Bontempi<\/strong>, accompagnato dai CT della nazionale italiana\u00a0<strong>Edoardo Salvoldi\u00a0<\/strong>e\u00a0<strong>Marco Velo\u00a0<\/strong>e dal vicepresidente del Comitato Regionale Friuli Venezia Giulia,\u00a0<strong>Michele Biz<\/strong>, hanno effettuato il sopralluogo di rito per verificare il tracciato prescelto dagli organizzatori della Sc Cottur.<\/p>\n<p>Accompagnati dal presidente della Sc Cottur,\u00a0<strong>Francesco Seriani<\/strong>, dal consigliere della societ\u00e0 triestina <strong>Emilio Dibiagio<\/strong> e dal direttore di Corsa,\u00a0<strong>Michele Franceschetto<\/strong>, i dirigenti della FCI hanno potuto toccare con mano la bellezza e la selettivit\u00e0 del tracciato triestino che sar\u00e0 ufficializzato nelle prossime settimane.<\/p>\n<p>Ricco di appuntamenti sar\u00e0 anche il calendario delle manifestazioni collaterali che anticiperanno e accompagneranno le giornate tricolori: tra i primi eventi gi\u00e0 ufficializzati ci sono la <em>Pedalata Giordano Cottur<\/em>, aperta a tutti, per le vie cittadine che si svolger\u00e0 venerd\u00ec 21 giugno e la <em>Gimkana Citt\u00e0 di Trieste<\/em> in programma sabato 21 giugno.<\/p>\n","protected":false},"excerpt":{"rendered":"<p>Appuntamento al 21 e 22 giugno con i Campionati Italiani su strada riservati alle categorie Juniores maschili e femminili<\/p>\n","protected":false},"author":28,"featured_media":65191,"comment_status":"closed","ping_status":"closed","sticky":false,"template":"","format":"image","meta":{"dwc-title":[""],"dwc-content":[""],"footnotes":""},"categories":[38],"tags":[1512,2951,83,65],"class_list":["post-65190","post","type-post","status-publish","format-image","has-post-thumbnail","hentry","category-sport","tag-ciclismo","tag-cottur","tag-giovani","tag-trieste","post_format-post-format-image"],"rttpg_featured_image_url":{"full":["https:\/\/imagazine.it\/wp-content\/uploads\/2025\/05\/cottur-tricolori-trieste.jpg",1366,839,false],"landscape":["https:\/\/imagazine.it\/wp-content\/uploads\/2025\/05\/cottur-tricolori-trieste.jpg",1366,839,false],"portraits":["https:\/\/imagazine.it\/wp-content\/uploads\/2025\/05\/cottur-tricolori-trieste.jpg",1366,839,false],"thumbnail":["https:\/\/imagazine.it\/wp-content\/uploads\/2025\/05\/cottur-tricolori-trieste-150x150.jpg",150,150,true],"medium":["https:\/\/imagazine.it\/wp-content\/uploads\/2025\/05\/cottur-tricolori-trieste-300x184.jpg",300,184,true],"large":["https:\/\/imagazine.it\/wp-content\/uploads\/2025\/05\/cottur-tricolori-trieste-1024x629.jpg",640,393,true],"thumblist":["https:\/\/imagazine.it\/wp-content\/uploads\/2025\/05\/cottur-tricolori-trieste-300x300.jpg",300,300,true],"thumbrelated":["https:\/\/imagazine.it\/wp-content\/uploads\/2025\/05\/cottur-tricolori-trieste-500x500.jpg",500,500,true],"meccarouselthumb":["https:\/\/imagazine.it\/wp-content\/uploads\/2025\/05\/cottur-tricolori-trieste-474x324.jpg",474,324,true],"gridsquare":["https:\/\/imagazine.it\/wp-content\/uploads\/2025\/05\/cottur-tricolori-trieste-391x260.jpg",391,260,true],"tileview":["https:\/\/imagazine.it\/wp-content\/uploads\/2025\/05\/cottur-tricolori-trieste-300x400.jpg",300,400,true],"1536x1536":["https:\/\/imagazine.it\/wp-content\/uploads\/2025\/05\/cottur-tricolori-trieste.jpg",1366,839,false],"2048x2048":["https:\/\/imagazine.it\/wp-content\/uploads\/2025\/05\/cottur-tricolori-trieste.jpg",1366,839,false],"newsup-slider-full":["https:\/\/imagazine.it\/wp-content\/uploads\/2025\/05\/cottur-tricolori-trieste-1280x720.jpg",1280,720,true],"newsup-featured":["https:\/\/imagazine.it\/wp-content\/uploads\/2025\/05\/cottur-tricolori-trieste-1024x629.jpg",1024,629,true],"newsup-medium":["https:\/\/imagazine.it\/wp-content\/uploads\/2025\/05\/cottur-tricolori-trieste-720x380.jpg",720,380,true],"tptn_thumbnail":["https:\/\/imagazine.it\/wp-content\/uploads\/2025\/05\/cottur-tricolori-trieste-250x210.jpg",250,210,true],"sow-carousel-default":["https:\/\/imagazine.it\/wp-content\/uploads\/2025\/05\/cottur-tricolori-trieste-272x182.jpg",272,182,true]},"rttpg_author":{"display_name":"redazione","author_link":"https:\/\/imagazine.it\/home_desk\/author\/redazione\/"},"rttpg_comment":0,"rttpg_category":"<a href=\"https:\/\/imagazine.it\/home_desk\/category\/sport\/\" rel=\"category tag\">SPORT<\/a>","rttpg_excerpt":"Appuntamento al 21 e 22 giugno con i Campionati Italiani su strada riservati alle categorie Juniores maschili e femminili","_links":{"self":[{"href":"https:\/\/imagazine.it\/home_desk\/wp-json\/wp\/v2\/posts\/65190","targetHints":{"allow":["GET"]}}],"collection":[{"href":"https:\/\/imagazine.it\/home_desk\/wp-json\/wp\/v2\/posts"}],"about":[{"href":"https:\/\/imagazine.it\/home_desk\/wp-json\/wp\/v2\/types\/post"}],"author":[{"embeddable":true,"href":"https:\/\/imagazine.it\/home_desk\/wp-json\/wp\/v2\/users\/28"}],"replies":[{"embeddable":true,"href":"https:\/\/imagazine.it\/home_desk\/wp-json\/wp\/v2\/comments?post=65190"}],"version-history":[{"count":0,"href":"https:\/\/imagazine.it\/home_desk\/wp-json\/wp\/v2\/posts\/65190\/revisions"}],"wp:featuredmedia":[{"embeddable":true,"href":"https:\/\/imagazine.it\/home_desk\/wp-json\/wp\/v2\/media\/65191"}],"wp:attachment":[{"href":"https:\/\/imagazine.it\/home_desk\/wp-json\/wp\/v2\/media?parent=65190"}],"wp:term":[{"taxonomy":"category","embeddable":true,"href":"https:\/\/imagazine.it\/home_desk\/wp-json\/wp\/v2\/categories?post=65190"},{"taxonomy":"post_tag","embeddable":true,"href":"https:\/\/imagazine.it\/home_desk\/wp-json\/wp\/v2\/tags?post=65190"}],"curies":[{"name":"wp","href":"https:\/\/api.w.org\/{rel}","templated":true}]}}