{"id":65152,"date":"2025-05-12T12:21:29","date_gmt":"2025-05-12T10:21:29","guid":{"rendered":"https:\/\/imagazine.it\/home_desk\/?p=65152"},"modified":"2025-05-14T12:13:18","modified_gmt":"2025-05-14T10:13:18","slug":"facilitatori-digitali-per-i-bandi-dellater","status":"publish","type":"post","link":"https:\/\/imagazine.it\/home_desk\/facilitatori-digitali-per-i-bandi-dellater\/","title":{"rendered":"Facilitatori digitali per i bandi dell&#8217;ATER"},"content":{"rendered":"<p><span style=\"font-size: 10pt;\"><em>Da sinistra: Lorenzo Puzzi, \u00a0direttore Ater Udine, Vanessa Colosetti presidente Ater Udine, Michela Minigher dell\u2019associazione MEC di Udine<\/em><\/span><\/p>\n<p>UDINE \u2013 Un totale di <strong>8.740 alloggi<\/strong> distribuiti tra i Comuni dell\u2019Alto Friuli, con 1.142 unit\u00e0, e quelli del Medio e Basso Friuli, dove si concentra la maggior parte del patrimonio, pari a 7.598 unit\u00e0.<\/p>\n<p>Questi i dati presentati oggi a Udine nel suo quartier generale dall\u2019Azienda Territoriale per l\u2019Edilizia Residenziale (ATER) di Udine.<\/p>\n<p>La gran parte degli alloggi, pari a 8.329, rientra nell\u2019ambito dell\u2019edilizia sovvenzionata, di cui 7.574 di propriet\u00e0 ATER e 755 in gestione per conto dei Comuni.<\/p>\n<p>A questi si aggiungono 411 alloggi riconducibili ad altre forme di edilizia a canone calmierato, con 367 di propriet\u00e0 diretta dell\u2019ente e 44 comunali.<\/p>\n<p>In qualit\u00e0 di amministratore di condominio, ATER gestisce inoltre <strong>ulteriori 2.089 alloggi di<\/strong><strong> propriet\u00e0 di terzi<\/strong>, a testimonianza dell\u2019ampiezza e della complessit\u00e0 del patrimonio sotto la sua responsabilit\u00e0.<\/p>\n<p>\u201cQuesti numeri \u2013 ha dichiarato la presidente <strong>Vanessa Colosetti<\/strong> \u2013 ci confermano quanto sia centrale il ruolo di ATER nel garantire il diritto all\u2019abitare per migliaia di cittadini, in particolare per le fasce pi\u00f9 fragili della popolazione; lavoriamo ogni giorno per migliorare l\u2019efficienza gestionale, la qualit\u00e0 del patrimonio e per dare risposte concrete a un bisogno abitativo che evolve e cresce. L\u2019edilizia pubblica non \u00e8 solo un servizio, ma un pilastro fondamentale di coesione sociale per il nostro territorio\u201d.<\/p>\n<p>L\u2019analisi dell\u2019<strong>et\u00e0<\/strong> <strong>degli immobili<\/strong> evidenzia che oltre la met\u00e0 degli alloggi (52%) \u00e8 stata costruita o completamente ristrutturata tra il 1975 e il 1990, mentre solo il 4% risale al periodo pi\u00f9 recente, tra il 2011 e il 2024,<br \/>\ne un ulteriore 4% a prima del 1948.<\/p>\n<p>La capacit\u00e0 di soddisfare la domanda di edilizia sovvenzionata mostra nel 2024 un lieve incremento rispetto all\u2019anno precedente, con 2.141 domande valide da soddisfare su un totale di 3.375, pari al 63%, a fronte di una media quinquennale del 69%.<\/p>\n<p>In riferimento ai <strong>canoni applicati<\/strong>, la maggior parte dei contratti si colloca nella fascia A, con un canone medio mensile di 74 euro per nuclei familiari con ISEE fino a 10.000 euro, mentre solo il 2% degli inquilini rientra nella fascia C, con un canone medio di 412 euro. Il canone mensile medio complessivo si attesta sui 124 euro.<\/p>\n<p>Dal punto di vista socio-demografico, il <strong>46% dei nuclei familiari \u00e8 composto da una sola persona<\/strong>, e solo il 14% include quattro o pi\u00f9 componenti.<\/p>\n<p>Gli <strong>inquilini italiani rappresentano l\u201982% del totale<\/strong>, mentre le persone con cittadinanza extra-comunitaria costituiscono il 16%.<\/p>\n<p>Per quanto riguarda l\u2019et\u00e0, quasi <strong>un terzo degli inquilini (29%) ha pi\u00f9 di 65 anni<\/strong>, mentre le fasce giovanili e adulte si distribuiscono in modo abbastanza uniforme.<\/p>\n<h3><strong>Nuovo bando per l\u2019assegnazione di alloggi a Udine<\/strong><\/h3>\n<p>La situazione attuale a Udine vede 2.987 alloggi, di cui 2.930 destinati a locazione a canone sovvenzionato (LA1) e 57 a canone fisso (LAF).<\/p>\n<p>Attualmente 307 unit\u00e0 LA1 sono in manutenzione, 59 disponibili, 73 sospese e 11 disdette. Gli alloggi pronti saranno assegnati nel breve termine sulla graduatoria attuale, aggiornata lo scorso 19 febbraio con l\u2019inserimento di aspiranti over\u202f65 e sfrattati.<\/p>\n<p>Il bando, attivo dal 19 maggio e aperto 4 mesi, prevede l\u2019arrivo di circa 2.000 domande. Gli uffici effettueranno l\u2019istruttoria e la Commissione per l\u2019accertamento dei requisiti soggettivi provveder\u00e0 a valutare le domande per l\u2019assegnazione degli alloggi nei successivi 8 mesi. A seguire, sono previste <strong>150 nuove assegnazioni su alloggi entro il 2026<\/strong>.<\/p>\n<p>Tra le novit\u00e0, oltre ai canali tradizionali (sportelli ATER), la domanda oltre che online tramite Spid\/Cie, un servizio di supporto digitale ATER\u2011MEC, sms informativi per gli interessati e sportelli telefonici (0432\/491111) attivi 8\u201318.<\/p>\n<h3><strong>Accordo con ETS per promuovere l\u2019alfabetizzazione digitale<\/strong><\/h3>\n<p>Con l\u2019obiettivo di garantire maggiore equit\u00e0 nell\u2019accesso alle risorse abitative pubbliche, l\u2019<strong>Ater<\/strong> Udine ha sottoscritto un accordo con l\u2019ETS Associazione Media Educazione Comunit\u00e0 APS (Associazione MEC di Udine) per <strong>promuovere l\u2019alfabetizzazione digitale <\/strong>dei futuri assegnatari di alloggi di edilizia residenziale pubblica.<\/p>\n<p>Le premesse di questo accordo costituiscono parte integrante e sostanziale del progetto, fondato sui principi della sussidiariet\u00e0 orizzontale.<\/p>\n<p>Con il lancio del nuovo bando per l\u2019assegnazione degli alloggi di edilizia residenziale pubblica a Udine, le <strong>domande potranno essere presentate online<\/strong> tramite il portale \u201cBandi\u201d sul sito istituzionale di Ater Udine, previa autenticazione con Spid e seguendo le procedure indicate.<\/p>\n<p>Per tutta la durata del bando, <strong>tre operatori professionali<\/strong> saranno disponibili presso le postazioni dedicate nei giorni di luned\u00ec, marted\u00ec e gioved\u00ec.<\/p>\n<p>L\u2019assistenza sar\u00e0 erogata su appuntamento, da fissare chiamando il numero <strong>0432 491111<\/strong> e seguendo le istruzioni del call center.<\/p>\n<p>Gli operatori supporteranno gli utenti nella compilazione della domanda online e nella scansione dei documenti richiesti, assicurando cos\u00ec un servizio inclusivo e a misura di tutti.<\/p>\n","protected":false},"excerpt":{"rendered":"<p>Il nuovo bando dell&#8217;Azienda Territoriale per l\u2019Edilizia Residenziale di Udine prevede domande anche online. Ecco come richiedere l&#8217;aiuto degli esperti<\/p>\n","protected":false},"author":28,"featured_media":65153,"comment_status":"closed","ping_status":"closed","sticky":false,"template":"","format":"image","meta":{"dwc-title":[""],"dwc-content":[""],"footnotes":""},"categories":[5],"tags":[902,1397,101],"class_list":["post-65152","post","type-post","status-publish","format-image","has-post-thumbnail","hentry","category-attualita","tag-ater","tag-casa","tag-udine","post_format-post-format-image"],"rttpg_featured_image_url":{"full":["https:\/\/imagazine.it\/wp-content\/uploads\/2025\/05\/colosetti-in-centro.jpg",1366,834,false],"landscape":["https:\/\/imagazine.it\/wp-content\/uploads\/2025\/05\/colosetti-in-centro.jpg",1366,834,false],"portraits":["https:\/\/imagazine.it\/wp-content\/uploads\/2025\/05\/colosetti-in-centro.jpg",1366,834,false],"thumbnail":["https:\/\/imagazine.it\/wp-content\/uploads\/2025\/05\/colosetti-in-centro-150x150.jpg",150,150,true],"medium":["https:\/\/imagazine.it\/wp-content\/uploads\/2025\/05\/colosetti-in-centro-300x183.jpg",300,183,true],"large":["https:\/\/imagazine.it\/wp-content\/uploads\/2025\/05\/colosetti-in-centro-1024x625.jpg",640,391,true],"thumblist":["https:\/\/imagazine.it\/wp-content\/uploads\/2025\/05\/colosetti-in-centro-300x300.jpg",300,300,true],"thumbrelated":["https:\/\/imagazine.it\/wp-content\/uploads\/2025\/05\/colosetti-in-centro-500x500.jpg",500,500,true],"meccarouselthumb":["https:\/\/imagazine.it\/wp-content\/uploads\/2025\/05\/colosetti-in-centro-474x324.jpg",474,324,true],"gridsquare":["https:\/\/imagazine.it\/wp-content\/uploads\/2025\/05\/colosetti-in-centro-391x260.jpg",391,260,true],"tileview":["https:\/\/imagazine.it\/wp-content\/uploads\/2025\/05\/colosetti-in-centro-300x400.jpg",300,400,true],"1536x1536":["https:\/\/imagazine.it\/wp-content\/uploads\/2025\/05\/colosetti-in-centro.jpg",1366,834,false],"2048x2048":["https:\/\/imagazine.it\/wp-content\/uploads\/2025\/05\/colosetti-in-centro.jpg",1366,834,false],"newsup-slider-full":["https:\/\/imagazine.it\/wp-content\/uploads\/2025\/05\/colosetti-in-centro-1280x720.jpg",1280,720,true],"newsup-featured":["https:\/\/imagazine.it\/wp-content\/uploads\/2025\/05\/colosetti-in-centro-1024x625.jpg",1024,625,true],"newsup-medium":["https:\/\/imagazine.it\/wp-content\/uploads\/2025\/05\/colosetti-in-centro-720x380.jpg",720,380,true],"tptn_thumbnail":["https:\/\/imagazine.it\/wp-content\/uploads\/2025\/05\/colosetti-in-centro-250x210.jpg",250,210,true],"sow-carousel-default":["https:\/\/imagazine.it\/wp-content\/uploads\/2025\/05\/colosetti-in-centro-272x182.jpg",272,182,true]},"rttpg_author":{"display_name":"redazione","author_link":"https:\/\/imagazine.it\/home_desk\/author\/redazione\/"},"rttpg_comment":0,"rttpg_category":"<a href=\"https:\/\/imagazine.it\/home_desk\/category\/attualita\/\" rel=\"category tag\">ATTUALIT\u00c0<\/a>","rttpg_excerpt":"Il nuovo bando dell'Azienda Territoriale per l\u2019Edilizia Residenziale di Udine prevede domande anche online. Ecco come richiedere l'aiuto degli esperti","_links":{"self":[{"href":"https:\/\/imagazine.it\/home_desk\/wp-json\/wp\/v2\/posts\/65152","targetHints":{"allow":["GET"]}}],"collection":[{"href":"https:\/\/imagazine.it\/home_desk\/wp-json\/wp\/v2\/posts"}],"about":[{"href":"https:\/\/imagazine.it\/home_desk\/wp-json\/wp\/v2\/types\/post"}],"author":[{"embeddable":true,"href":"https:\/\/imagazine.it\/home_desk\/wp-json\/wp\/v2\/users\/28"}],"replies":[{"embeddable":true,"href":"https:\/\/imagazine.it\/home_desk\/wp-json\/wp\/v2\/comments?post=65152"}],"version-history":[{"count":0,"href":"https:\/\/imagazine.it\/home_desk\/wp-json\/wp\/v2\/posts\/65152\/revisions"}],"wp:featuredmedia":[{"embeddable":true,"href":"https:\/\/imagazine.it\/home_desk\/wp-json\/wp\/v2\/media\/65153"}],"wp:attachment":[{"href":"https:\/\/imagazine.it\/home_desk\/wp-json\/wp\/v2\/media?parent=65152"}],"wp:term":[{"taxonomy":"category","embeddable":true,"href":"https:\/\/imagazine.it\/home_desk\/wp-json\/wp\/v2\/categories?post=65152"},{"taxonomy":"post_tag","embeddable":true,"href":"https:\/\/imagazine.it\/home_desk\/wp-json\/wp\/v2\/tags?post=65152"}],"curies":[{"name":"wp","href":"https:\/\/api.w.org\/{rel}","templated":true}]}}