{"id":64991,"date":"2025-05-05T15:40:30","date_gmt":"2025-05-05T13:40:30","guid":{"rendered":"https:\/\/imagazine.it\/home_desk\/?p=64991"},"modified":"2025-05-07T15:19:12","modified_gmt":"2025-05-07T13:19:12","slug":"ritmica-altra-pioggia-di-medaglie-per-tara-dragas","status":"publish","type":"post","link":"https:\/\/imagazine.it\/home_desk\/ritmica-altra-pioggia-di-medaglie-per-tara-dragas\/","title":{"rendered":"Ritmica: altra pioggia di medaglie per Tara Draga\u0161"},"content":{"rendered":"<p><span style=\"font-size: 10pt;\"><em>Da sinistra Spela e Tara Draga\u0161 <\/em><\/span><\/p>\n<p>UDINE &#8211; Dopo il bronzo al nastro alla World Cup di fine aprile, <strong>Tara Draga\u0161<\/strong> continua a mietere successi.<\/p>\n<p>L\u2019atleta dell\u2019<strong>Associazione<\/strong> <strong>Sportiva Udinese<\/strong> che veste la maglia delle Fiamme Oro, nel fine settimana ha conquistato l\u2019argento nell\u2019all-around (con 110.050 punti) all\u2019European Cup di\u00a0ginnastica ritmica, ospitata dalla Milli Gymnastika Arenasi di\u00a0Baku, in Azerbaigian.<\/p>\n<p>Ma non solo, nelle prove di qualifica \u00e8 salita sul podio con tre attrezzi: bronzo al cerchio (27.600), argento alle clavette (28.000, con un esercizio da 12.4 di difficolt\u00e0) e al nastro (27.200).<\/p>\n<p>Una quattro giorni di gare che l&#8217;ha vista brillare fino alla <em>cross battle<\/em>, lo scontro diretto agli ottavi di finale, in cui ad avere la meglio \u00e8 stata l\u2019israeliana Lian Rona, nella rotazione con la palla.<\/p>\n<p>\u00ab<em>Siamo davvero contente di com&#8217;\u00e8 andata a Baku <\/em>&#8211; ha chiarito l&#8217;allenatrice, Spela Draga\u0161<em> -. Tara ha dimostrato pi\u00f9 stabilit\u00e0 nelle esecuzioni e con questa spedizione l&#8217;auspicio \u00e8 che si sia guadagnata un posto all\u2019Europeo<\/em>\u00bb.<\/p>\n<p>La 18enne ha portato in pedana esercizi molto puliti, mostrando ancora una volta quanto nastro e clavette siamo maggiormente nelle sue corde.<\/p>\n<p>Almeno in questa fase, come ha chiarito l&#8217;allenatrice: \u00ab<em>Tara ha eseguito ottimi giri, buoni rischi e ha fatto vedere di nuovo che clavette e nastro sono gli attrezzi che le riescono meglio. Lo ha dimostrato entrando in finale in coppa del Mondo e anche in questa gara<\/em>\u00bb.<\/p>\n","protected":false},"excerpt":{"rendered":"<p>L&#8217;atleta dell&#8217;ASU Udine conquista tre argenti e un bronzo  all\u2019European Cup di Baku. Passo decisivo per la convocazione all&#8217;Europeo<\/p>\n","protected":false},"author":28,"featured_media":64992,"comment_status":"closed","ping_status":"closed","sticky":false,"template":"","format":"image","meta":{"dwc-title":[""],"dwc-content":[""],"footnotes":""},"categories":[38],"tags":[2942,476,475,101],"class_list":["post-64991","post","type-post","status-publish","format-image","has-post-thumbnail","hentry","category-sport","tag-baku","tag-ginnastica","tag-ritmica","tag-udine","post_format-post-format-image"],"rttpg_featured_image_url":{"full":["https:\/\/imagazine.it\/wp-content\/uploads\/2025\/05\/5maggio2025_Tara_Baku.jpg",1366,722,false],"landscape":["https:\/\/imagazine.it\/wp-content\/uploads\/2025\/05\/5maggio2025_Tara_Baku.jpg",1366,722,false],"portraits":["https:\/\/imagazine.it\/wp-content\/uploads\/2025\/05\/5maggio2025_Tara_Baku.jpg",1366,722,false],"thumbnail":["https:\/\/imagazine.it\/wp-content\/uploads\/2025\/05\/5maggio2025_Tara_Baku-150x150.jpg",150,150,true],"medium":["https:\/\/imagazine.it\/wp-content\/uploads\/2025\/05\/5maggio2025_Tara_Baku-300x159.jpg",300,159,true],"large":["https:\/\/imagazine.it\/wp-content\/uploads\/2025\/05\/5maggio2025_Tara_Baku-1024x541.jpg",640,338,true],"thumblist":["https:\/\/imagazine.it\/wp-content\/uploads\/2025\/05\/5maggio2025_Tara_Baku-300x300.jpg",300,300,true],"thumbrelated":["https:\/\/imagazine.it\/wp-content\/uploads\/2025\/05\/5maggio2025_Tara_Baku-500x500.jpg",500,500,true],"meccarouselthumb":["https:\/\/imagazine.it\/wp-content\/uploads\/2025\/05\/5maggio2025_Tara_Baku-474x324.jpg",474,324,true],"gridsquare":["https:\/\/imagazine.it\/wp-content\/uploads\/2025\/05\/5maggio2025_Tara_Baku-391x260.jpg",391,260,true],"tileview":["https:\/\/imagazine.it\/wp-content\/uploads\/2025\/05\/5maggio2025_Tara_Baku-300x400.jpg",300,400,true],"1536x1536":["https:\/\/imagazine.it\/wp-content\/uploads\/2025\/05\/5maggio2025_Tara_Baku.jpg",1366,722,false],"2048x2048":["https:\/\/imagazine.it\/wp-content\/uploads\/2025\/05\/5maggio2025_Tara_Baku.jpg",1366,722,false],"newsup-slider-full":["https:\/\/imagazine.it\/wp-content\/uploads\/2025\/05\/5maggio2025_Tara_Baku-1280x720.jpg",1280,720,true],"newsup-featured":["https:\/\/imagazine.it\/wp-content\/uploads\/2025\/05\/5maggio2025_Tara_Baku-1024x541.jpg",1024,541,true],"newsup-medium":["https:\/\/imagazine.it\/wp-content\/uploads\/2025\/05\/5maggio2025_Tara_Baku-720x380.jpg",720,380,true],"tptn_thumbnail":["https:\/\/imagazine.it\/wp-content\/uploads\/2025\/05\/5maggio2025_Tara_Baku-250x210.jpg",250,210,true],"sow-carousel-default":["https:\/\/imagazine.it\/wp-content\/uploads\/2025\/05\/5maggio2025_Tara_Baku-272x182.jpg",272,182,true]},"rttpg_author":{"display_name":"redazione","author_link":"https:\/\/imagazine.it\/home_desk\/author\/redazione\/"},"rttpg_comment":0,"rttpg_category":"<a href=\"https:\/\/imagazine.it\/home_desk\/category\/sport\/\" rel=\"category tag\">SPORT<\/a>","rttpg_excerpt":"L'atleta dell'ASU Udine conquista tre argenti e un bronzo all\u2019European Cup di Baku. Passo decisivo per la convocazione all'Europeo","_links":{"self":[{"href":"https:\/\/imagazine.it\/home_desk\/wp-json\/wp\/v2\/posts\/64991","targetHints":{"allow":["GET"]}}],"collection":[{"href":"https:\/\/imagazine.it\/home_desk\/wp-json\/wp\/v2\/posts"}],"about":[{"href":"https:\/\/imagazine.it\/home_desk\/wp-json\/wp\/v2\/types\/post"}],"author":[{"embeddable":true,"href":"https:\/\/imagazine.it\/home_desk\/wp-json\/wp\/v2\/users\/28"}],"replies":[{"embeddable":true,"href":"https:\/\/imagazine.it\/home_desk\/wp-json\/wp\/v2\/comments?post=64991"}],"version-history":[{"count":0,"href":"https:\/\/imagazine.it\/home_desk\/wp-json\/wp\/v2\/posts\/64991\/revisions"}],"wp:featuredmedia":[{"embeddable":true,"href":"https:\/\/imagazine.it\/home_desk\/wp-json\/wp\/v2\/media\/64992"}],"wp:attachment":[{"href":"https:\/\/imagazine.it\/home_desk\/wp-json\/wp\/v2\/media?parent=64991"}],"wp:term":[{"taxonomy":"category","embeddable":true,"href":"https:\/\/imagazine.it\/home_desk\/wp-json\/wp\/v2\/categories?post=64991"},{"taxonomy":"post_tag","embeddable":true,"href":"https:\/\/imagazine.it\/home_desk\/wp-json\/wp\/v2\/tags?post=64991"}],"curies":[{"name":"wp","href":"https:\/\/api.w.org\/{rel}","templated":true}]}}