{"id":64871,"date":"2025-04-29T18:24:07","date_gmt":"2025-04-29T16:24:07","guid":{"rendered":"https:\/\/imagazine.it\/home_desk\/?p=64871"},"modified":"2025-04-30T18:00:21","modified_gmt":"2025-04-30T16:00:21","slug":"porto-nogaro-entra-nel-futuro","status":"publish","type":"post","link":"https:\/\/imagazine.it\/home_desk\/porto-nogaro-entra-nel-futuro\/","title":{"rendered":"Porto Nogaro entra nel futuro"},"content":{"rendered":"<p><span style=\"font-size: 10pt;\"><em>Le autorit\u00e0 intervenute all&#8217;inaugurazione (ph. Regione FVG)<\/em><\/span><\/p>\n<p>SAN GIORGIO DI NOGARO \u2013 Inaugurati i lavori di rifacimento e sistemazione dell&#8217;accesso all&#8217;<strong>area<\/strong> <strong>portuale Margreth<\/strong>, realizzati dal <strong>Consorzio Cosef<\/strong> a San Giorgio di Nogaro.<\/p>\n<p>I lavori sono stati interamente assistiti da un contributo straordinario regionale di <strong>3 milioni di euro<\/strong>, concessi in due tranche, 2.500.000 a fine 2020 e 500.000 per adeguamento prezzi delle materie prime ed energetici, nel maggio del 2023.<\/p>\n<p>&#8220;Sono stati realizzati parcheggi serviti anche da servizi necessari per gli autotrasportatori in attesa di fare dogana e di entrare all&#8217;interno del contesto portuale; una serie di parcheggi a servizio di chi invece sosta all&#8217;interno di questo contesto, magari anche per pi\u00f9 giorni, e la separazione dei flussi viabilistici di accesso al porto, in modo tale da renderlo sicuro evitando incidenti che in passato si sono verificati con frequenza&#8221;, ha spiegato l&#8217;assessore regionale alle Infrastrutture, <strong>Cristina Amirante<\/strong>.<\/p>\n<p>L&#8217;assessore ha inoltre ribadito che prosegue anche la progettazione, cofinanziata al 35% da fondi europei, per il nuovo raccordo ferroviario.<\/p>\n<p>&#8220;Un&#8217;opera che vale 100 milioni di euro \u2013 ha affermato Amirante \u2013 e divenuta fondamentale perch\u00e9 adesso il raccordo passa in mezzo alle case e in prossimit\u00e0 della strada con molti punti pericolosi e non ha neanche un raggio di curvatura che consente ai treni di accedere ad una certa velocit\u00e0 e in sicurezza alle aree delle aziende. Il progetto \u00e8 gi\u00e0 sviluppato a livello definitivo esecutivo e con tutti gli accordi gi\u00e0 siglati sia sul territorio che con Rete Ferroviaria Italiana e con il supporto prezioso del Consorzio&#8221;.<\/p>\n<p>Le opere inaugurate oggi dal <span style=\"text-decoration: underline;\"><a href=\"https:\/\/imagazine.it\/home_desk\/marco-bruseschi-ambiente-a-sviluppo\/\">presidente del Cosef, <strong>Marco Bruseschi<\/strong><\/a><\/span> \u2013 alla presenza tra gli altri del sindaco <strong>Pietro Del Frate<\/strong> e del direttore di Confindustria Udine <strong>Michele Nencioni<\/strong> \u2013 hanno previsto tre interventi principali.<\/p>\n<p><iframe loading=\"lazy\" title=\"Nuova viabilit\u00e0 Porto Margreth\" width=\"640\" height=\"360\" src=\"https:\/\/www.youtube.com\/embed\/EsSPnJihIBo?feature=oembed\" frameborder=\"0\" allow=\"accelerometer; autoplay; clipboard-write; encrypted-media; gyroscope; picture-in-picture; web-share\" referrerpolicy=\"strict-origin-when-cross-origin\" allowfullscreen><\/iframe><\/p>\n<h3>Gli interventi<\/h3>\n<p>Il primo \u00e8 la realizzazione di una rotatoria su via Fermi (ex SP 80) all&#8217;altezza di via Meucci per risolvere il problema dell&#8217;accessibilit\u00e0 in sicurezza all&#8217;area portuale da parte di tutti i veicoli in transito.<\/p>\n<p>Il precedente accesso al Porto era consentito tramite un passaggio diretto posto in corrispondenza del varco doganale in via Fermi, che risultava essere pericoloso (costo 673.000 euro).<\/p>\n<p>\u00c8 stata prevista anche la realizzazione di un&#8217;ampia zona di sosta per i camion in arrivo e in uscita dall&#8217;area portuale.<\/p>\n<p>La zona \u00e8 stata pavimentata ed \u00e8 previsto uno spazio dedicato all&#8217;atterraggio dell&#8217;elicottero del Pronto soccorso e uno per le ispezioni doganali (costo 1.342.000 euro).<\/p>\n<p>Infine, sono state sostituite le garitte e rifatto il varco di ingresso al recinto doganale del porto, a fronte del fatto che le strutture preesistenti, realizzate dal Consorzio dell&#8217;Aussa Corno una ventina di anni fa, non erano ormai pi\u00f9 in grado di rispettare gli standard di sicurezza e salubrit\u00e0 (costo 985.000 euro).<\/p>\n<p>Al fianco di questi interventi, l&#8217;Amministrazione regionale \u00e8 impegnata nella realizzazione diretta dell&#8217;elettrificazione della banchina di Porto Nogaro, con annesso impianto fotovoltaico, con lavori finanziati dal PNC e da fondi regionali, per un costo complessivo di 7.800.000 euro che vedranno la loro conclusione a giugno 2026.<\/p>\n","protected":false},"excerpt":{"rendered":"<p>Inaugurati i lavori di rifacimento e sistemazione dell&#8217;accesso all&#8217;area portuale Margreth. Pronto il progetto del nuovo raccordo ferroviario<\/p>\n","protected":false},"author":28,"featured_media":64872,"comment_status":"closed","ping_status":"closed","sticky":false,"template":"","format":"image","meta":{"dwc-title":[""],"dwc-content":[""],"footnotes":""},"categories":[5],"tags":[2796,1872,384,442,1958,87],"class_list":["post-64871","post","type-post","status-publish","format-image","has-post-thumbnail","hentry","category-attualita","tag-cosef","tag-infrastrutture","tag-lavori","tag-san-giorgio","tag-sviluppo","tag-viabilita","post_format-post-format-image"],"rttpg_featured_image_url":{"full":["https:\/\/imagazine.it\/wp-content\/uploads\/2025\/04\/porto-nogaro-inaugurazione.jpg",1366,918,false],"landscape":["https:\/\/imagazine.it\/wp-content\/uploads\/2025\/04\/porto-nogaro-inaugurazione.jpg",1366,918,false],"portraits":["https:\/\/imagazine.it\/wp-content\/uploads\/2025\/04\/porto-nogaro-inaugurazione.jpg",1366,918,false],"thumbnail":["https:\/\/imagazine.it\/wp-content\/uploads\/2025\/04\/porto-nogaro-inaugurazione-150x150.jpg",150,150,true],"medium":["https:\/\/imagazine.it\/wp-content\/uploads\/2025\/04\/porto-nogaro-inaugurazione-300x202.jpg",300,202,true],"large":["https:\/\/imagazine.it\/wp-content\/uploads\/2025\/04\/porto-nogaro-inaugurazione-1024x688.jpg",640,430,true],"thumblist":["https:\/\/imagazine.it\/wp-content\/uploads\/2025\/04\/porto-nogaro-inaugurazione-300x300.jpg",300,300,true],"thumbrelated":["https:\/\/imagazine.it\/wp-content\/uploads\/2025\/04\/porto-nogaro-inaugurazione-500x500.jpg",500,500,true],"meccarouselthumb":["https:\/\/imagazine.it\/wp-content\/uploads\/2025\/04\/porto-nogaro-inaugurazione-474x324.jpg",474,324,true],"gridsquare":["https:\/\/imagazine.it\/wp-content\/uploads\/2025\/04\/porto-nogaro-inaugurazione-391x260.jpg",391,260,true],"tileview":["https:\/\/imagazine.it\/wp-content\/uploads\/2025\/04\/porto-nogaro-inaugurazione-300x400.jpg",300,400,true],"1536x1536":["https:\/\/imagazine.it\/wp-content\/uploads\/2025\/04\/porto-nogaro-inaugurazione.jpg",1366,918,false],"2048x2048":["https:\/\/imagazine.it\/wp-content\/uploads\/2025\/04\/porto-nogaro-inaugurazione.jpg",1366,918,false],"newsup-slider-full":["https:\/\/imagazine.it\/wp-content\/uploads\/2025\/04\/porto-nogaro-inaugurazione-1280x720.jpg",1280,720,true],"newsup-featured":["https:\/\/imagazine.it\/wp-content\/uploads\/2025\/04\/porto-nogaro-inaugurazione-1024x688.jpg",1024,688,true],"newsup-medium":["https:\/\/imagazine.it\/wp-content\/uploads\/2025\/04\/porto-nogaro-inaugurazione-720x380.jpg",720,380,true],"tptn_thumbnail":["https:\/\/imagazine.it\/wp-content\/uploads\/2025\/04\/porto-nogaro-inaugurazione-250x210.jpg",250,210,true],"sow-carousel-default":["https:\/\/imagazine.it\/wp-content\/uploads\/2025\/04\/porto-nogaro-inaugurazione-272x182.jpg",272,182,true]},"rttpg_author":{"display_name":"redazione","author_link":"https:\/\/imagazine.it\/home_desk\/author\/redazione\/"},"rttpg_comment":0,"rttpg_category":"<a href=\"https:\/\/imagazine.it\/home_desk\/category\/attualita\/\" rel=\"category tag\">ATTUALIT\u00c0<\/a>","rttpg_excerpt":"Inaugurati i lavori di rifacimento e sistemazione dell'accesso all'area portuale Margreth. Pronto il progetto del nuovo raccordo ferroviario","_links":{"self":[{"href":"https:\/\/imagazine.it\/home_desk\/wp-json\/wp\/v2\/posts\/64871","targetHints":{"allow":["GET"]}}],"collection":[{"href":"https:\/\/imagazine.it\/home_desk\/wp-json\/wp\/v2\/posts"}],"about":[{"href":"https:\/\/imagazine.it\/home_desk\/wp-json\/wp\/v2\/types\/post"}],"author":[{"embeddable":true,"href":"https:\/\/imagazine.it\/home_desk\/wp-json\/wp\/v2\/users\/28"}],"replies":[{"embeddable":true,"href":"https:\/\/imagazine.it\/home_desk\/wp-json\/wp\/v2\/comments?post=64871"}],"version-history":[{"count":0,"href":"https:\/\/imagazine.it\/home_desk\/wp-json\/wp\/v2\/posts\/64871\/revisions"}],"wp:featuredmedia":[{"embeddable":true,"href":"https:\/\/imagazine.it\/home_desk\/wp-json\/wp\/v2\/media\/64872"}],"wp:attachment":[{"href":"https:\/\/imagazine.it\/home_desk\/wp-json\/wp\/v2\/media?parent=64871"}],"wp:term":[{"taxonomy":"category","embeddable":true,"href":"https:\/\/imagazine.it\/home_desk\/wp-json\/wp\/v2\/categories?post=64871"},{"taxonomy":"post_tag","embeddable":true,"href":"https:\/\/imagazine.it\/home_desk\/wp-json\/wp\/v2\/tags?post=64871"}],"curies":[{"name":"wp","href":"https:\/\/api.w.org\/{rel}","templated":true}]}}