{"id":64794,"date":"2025-04-28T15:09:32","date_gmt":"2025-04-28T13:09:32","guid":{"rendered":"https:\/\/imagazine.it\/home_desk\/?p=64794"},"modified":"2025-04-29T18:24:32","modified_gmt":"2025-04-29T16:24:32","slug":"gorizia-e-nova-gorica-nella-storia-della-filatelia","status":"publish","type":"post","link":"https:\/\/imagazine.it\/home_desk\/gorizia-e-nova-gorica-nella-storia-della-filatelia\/","title":{"rendered":"Gorizia e Nova Gorica nella storia della filatelia"},"content":{"rendered":"<p><span style=\"font-size: 10pt;\"><em>L&#8217;annullo filatelico<\/em><\/span><\/p>\n<p>GORIZIA \u2013 Svelato il francobollo appartenente alla serie tematica \u201c<em>Le eccellenze del Patrimonio culturale italiano<\/em>\u201d dedicato a <strong>Nova Gorica e Gorizia Capitale Europea della Cultura 2025<\/strong>.<\/p>\n<p>Congiunto con la Repubblica di Slovenia, la sua emissione rientra fra le iniziative del ministero delle Imprese e del Made in Italy.<\/p>\n<p>La presentazione \u00e8 stata ospitata dal Parco del Municipio, mentre l\u2019atrio del Comune ha accolto una postazione di Poste Italiane per avere l\u2019annullo postale e per prendere visione del folder e del materiale filatelico dedicato all\u2019evento.<\/p>\n<p>\u201c\u00c8 un momento straordinario, perch\u00e9 il francobollo girer\u00e0 in tutto il mondo, dato che raggiunger\u00e0 tutte le amministrazioni postali. Possiamo dire che anche nella filatelia Gorizia e Nova Gorica sono entrate nella storia\u201d, ha affermato il sindaco di Gorizia, <strong>Rodolfo Ziberna<\/strong>.<\/p>\n<p>\u201cQuesto francobollo \u2013 ha sottolineato il primo cittadino di Nova Gorica, <strong>Samo Turel<\/strong> \u2013 porter\u00e0 il nostro progetto congiunto nel mondo\u201d.<\/p>\n<p>Alla presentazione \u00e8 intervenuto anche il presidente del consiglio regionale, <strong>Mauro Bordin<\/strong>.<\/p>\n<p>Presenti alla cerimonia <strong>Claudio Fiorentino<\/strong>, direttore di filiale di Poste italiane di Gorizia, <strong>Claudio Vescovi<\/strong>, responsabile Coordinamento commerciale macroaree Centro Nord di Poste italiane, e <strong>Luca Giani<\/strong>, delegato del Dirigente Casa del Made in Italy del Friuli Venezia Giulia e Veneto.<\/p>\n<p>Autori delle immagini usate per il materiale filatelico sono <strong>Fabrice Gallina<\/strong>, <strong>Chiara Gatta<\/strong> e <strong>Massimiliano Stabile<\/strong>.<\/p>\n<div id=\"metaslider-id-64796\" style=\"max-width: 700px;\" class=\"ml-slider-3-108-0 metaslider metaslider-flex metaslider-64796 ml-slider has-dots-nav ms-theme-default-base\" role=\"region\" aria-label=\"Francobollo GO!2025\" data-height=\"500\" data-width=\"700\">\n    <div id=\"metaslider_container_64796\">\n        <div id=\"metaslider_64796\">\n            <ul class='slides'>\n                <li style=\"display: block; width: 100%;\" class=\"slide-64800 ms-image \" aria-roledescription=\"slide\" data-date=\"2025-04-28 15:08:35\" data-filename=\"Francobollo-6.jpg\" data-slide-type=\"image\"><img loading=\"lazy\" decoding=\"async\" width=\"800\" height=\"1067\" src=\"https:\/\/imagazine.it\/wp-content\/uploads\/2025\/04\/Francobollo-6.jpg\" class=\"slider-64796 slide-64800 msDefaultImage\" alt=\"\" rel=\"\" title=\"_Francobollo 6\" srcset=\"https:\/\/imagazine.it\/wp-content\/uploads\/2025\/04\/Francobollo-6.jpg 800w, https:\/\/imagazine.it\/wp-content\/uploads\/2025\/04\/Francobollo-6-225x300.jpg 225w, https:\/\/imagazine.it\/wp-content\/uploads\/2025\/04\/Francobollo-6-768x1024.jpg 768w, https:\/\/imagazine.it\/wp-content\/uploads\/2025\/04\/Francobollo-6-300x400.jpg 300w\" sizes=\"auto, (max-width: 800px) 100vw, 800px\"><\/li>\n                <li style=\"display: none; width: 100%;\" class=\"slide-64801 ms-image \" aria-roledescription=\"slide\" data-date=\"2025-04-28 15:08:35\" data-filename=\"Francobollo-7.jpg\" data-slide-type=\"image\"><img loading=\"lazy\" decoding=\"async\" width=\"1000\" height=\"750\" src=\"https:\/\/imagazine.it\/wp-content\/uploads\/2025\/04\/Francobollo-7.jpg\" class=\"slider-64796 slide-64801 msDefaultImage\" alt=\"\" rel=\"\" title=\"_Francobollo 7\" srcset=\"https:\/\/imagazine.it\/wp-content\/uploads\/2025\/04\/Francobollo-7.jpg 1000w, https:\/\/imagazine.it\/wp-content\/uploads\/2025\/04\/Francobollo-7-300x225.jpg 300w, https:\/\/imagazine.it\/wp-content\/uploads\/2025\/04\/Francobollo-7-768x576.jpg 768w\" sizes=\"auto, (max-width: 1000px) 100vw, 1000px\"><\/li>\n                <li style=\"display: none; width: 100%;\" class=\"slide-64802 ms-image \" aria-roledescription=\"slide\" data-date=\"2025-04-28 15:08:35\" data-filename=\"Francobollo-8.jpg\" data-slide-type=\"image\"><img loading=\"lazy\" decoding=\"async\" width=\"1000\" height=\"750\" src=\"https:\/\/imagazine.it\/wp-content\/uploads\/2025\/04\/Francobollo-8.jpg\" class=\"slider-64796 slide-64802 msDefaultImage\" alt=\"\" rel=\"\" title=\"_Francobollo 8\" srcset=\"https:\/\/imagazine.it\/wp-content\/uploads\/2025\/04\/Francobollo-8.jpg 1000w, https:\/\/imagazine.it\/wp-content\/uploads\/2025\/04\/Francobollo-8-300x225.jpg 300w, https:\/\/imagazine.it\/wp-content\/uploads\/2025\/04\/Francobollo-8-768x576.jpg 768w\" sizes=\"auto, (max-width: 1000px) 100vw, 1000px\"><\/li>\n            <\/ul>\n        <\/div>\n        \n    <\/div>\n<\/div>\n","protected":false},"excerpt":{"rendered":"<p>Svelato il francobollo congiunto tra Italia e Slovenia dedicato alla Capitale Europea della Cultura. Raggiunger\u00e0 tutto il mondo<\/p>\n","protected":false},"author":28,"featured_media":64795,"comment_status":"closed","ping_status":"closed","sticky":false,"template":"","format":"image","meta":{"dwc-title":[""],"dwc-content":[""],"footnotes":""},"categories":[6],"tags":[1431,123,43,184,1036],"class_list":["post-64794","post","type-post","status-publish","format-image","has-post-thumbnail","hentry","category-societa","tag-francobolli","tag-go2025","tag-gorizia","tag-nova-gorica","tag-poste","post_format-post-format-image"],"rttpg_featured_image_url":{"full":["https:\/\/imagazine.it\/wp-content\/uploads\/2025\/04\/Francobollo-3.jpeg",1366,876,false],"landscape":["https:\/\/imagazine.it\/wp-content\/uploads\/2025\/04\/Francobollo-3.jpeg",1366,876,false],"portraits":["https:\/\/imagazine.it\/wp-content\/uploads\/2025\/04\/Francobollo-3.jpeg",1366,876,false],"thumbnail":["https:\/\/imagazine.it\/wp-content\/uploads\/2025\/04\/Francobollo-3-150x150.jpeg",150,150,true],"medium":["https:\/\/imagazine.it\/wp-content\/uploads\/2025\/04\/Francobollo-3-300x192.jpeg",300,192,true],"large":["https:\/\/imagazine.it\/wp-content\/uploads\/2025\/04\/Francobollo-3-1024x657.jpeg",640,411,true],"thumblist":["https:\/\/imagazine.it\/wp-content\/uploads\/2025\/04\/Francobollo-3-300x300.jpeg",300,300,true],"thumbrelated":["https:\/\/imagazine.it\/wp-content\/uploads\/2025\/04\/Francobollo-3-500x500.jpeg",500,500,true],"meccarouselthumb":["https:\/\/imagazine.it\/wp-content\/uploads\/2025\/04\/Francobollo-3-474x324.jpeg",474,324,true],"gridsquare":["https:\/\/imagazine.it\/wp-content\/uploads\/2025\/04\/Francobollo-3-391x260.jpeg",391,260,true],"tileview":["https:\/\/imagazine.it\/wp-content\/uploads\/2025\/04\/Francobollo-3-300x400.jpeg",300,400,true],"1536x1536":["https:\/\/imagazine.it\/wp-content\/uploads\/2025\/04\/Francobollo-3.jpeg",1366,876,false],"2048x2048":["https:\/\/imagazine.it\/wp-content\/uploads\/2025\/04\/Francobollo-3.jpeg",1366,876,false],"newsup-slider-full":["https:\/\/imagazine.it\/wp-content\/uploads\/2025\/04\/Francobollo-3-1280x720.jpeg",1280,720,true],"newsup-featured":["https:\/\/imagazine.it\/wp-content\/uploads\/2025\/04\/Francobollo-3-1024x657.jpeg",1024,657,true],"newsup-medium":["https:\/\/imagazine.it\/wp-content\/uploads\/2025\/04\/Francobollo-3-720x380.jpeg",720,380,true],"tptn_thumbnail":["https:\/\/imagazine.it\/wp-content\/uploads\/2025\/04\/Francobollo-3-250x210.jpeg",250,210,true],"sow-carousel-default":["https:\/\/imagazine.it\/wp-content\/uploads\/2025\/04\/Francobollo-3-272x182.jpeg",272,182,true]},"rttpg_author":{"display_name":"redazione","author_link":"https:\/\/imagazine.it\/home_desk\/author\/redazione\/"},"rttpg_comment":0,"rttpg_category":"<a href=\"https:\/\/imagazine.it\/home_desk\/category\/societa\/\" rel=\"category tag\">SOCIET\u00c0<\/a>","rttpg_excerpt":"Svelato il francobollo congiunto tra Italia e Slovenia dedicato alla Capitale Europea della Cultura. Raggiunger\u00e0 tutto il mondo","_links":{"self":[{"href":"https:\/\/imagazine.it\/home_desk\/wp-json\/wp\/v2\/posts\/64794","targetHints":{"allow":["GET"]}}],"collection":[{"href":"https:\/\/imagazine.it\/home_desk\/wp-json\/wp\/v2\/posts"}],"about":[{"href":"https:\/\/imagazine.it\/home_desk\/wp-json\/wp\/v2\/types\/post"}],"author":[{"embeddable":true,"href":"https:\/\/imagazine.it\/home_desk\/wp-json\/wp\/v2\/users\/28"}],"replies":[{"embeddable":true,"href":"https:\/\/imagazine.it\/home_desk\/wp-json\/wp\/v2\/comments?post=64794"}],"version-history":[{"count":0,"href":"https:\/\/imagazine.it\/home_desk\/wp-json\/wp\/v2\/posts\/64794\/revisions"}],"wp:featuredmedia":[{"embeddable":true,"href":"https:\/\/imagazine.it\/home_desk\/wp-json\/wp\/v2\/media\/64795"}],"wp:attachment":[{"href":"https:\/\/imagazine.it\/home_desk\/wp-json\/wp\/v2\/media?parent=64794"}],"wp:term":[{"taxonomy":"category","embeddable":true,"href":"https:\/\/imagazine.it\/home_desk\/wp-json\/wp\/v2\/categories?post=64794"},{"taxonomy":"post_tag","embeddable":true,"href":"https:\/\/imagazine.it\/home_desk\/wp-json\/wp\/v2\/tags?post=64794"}],"curies":[{"name":"wp","href":"https:\/\/api.w.org\/{rel}","templated":true}]}}