{"id":64656,"date":"2025-04-17T15:41:35","date_gmt":"2025-04-17T13:41:35","guid":{"rendered":"https:\/\/imagazine.it\/home_desk\/?p=64656"},"modified":"2025-04-18T11:54:08","modified_gmt":"2025-04-18T09:54:08","slug":"primavera-culturale-a-monfalcone","status":"publish","type":"post","link":"https:\/\/imagazine.it\/home_desk\/primavera-culturale-a-monfalcone\/","title":{"rendered":"Primavera culturale a Monfalcone"},"content":{"rendered":"<p><span style=\"font-size: 10pt;\"><em>La Rocca di Monfalcone<\/em><\/span><\/p>\n<p>MONFALCONE \u2013 Presentato il calendario di aperture straordinarie dei principali siti turistici che dal 18 aprile al 5 maggio aprono le loro porte con orari estesi e giornate speciali.<\/p>\n<p>La <strong>Galleria Comunale d&#8217;Arte Contemporanea<\/strong> di Monfalcone amplier\u00e0 i propri orari a partire dal 19 aprile per consentire a un pubblico pi\u00f9 ampio di visitare la mostra &#8220;<em>Da Boccioni a Martini. Arte nelle Venezie ai tempi di Ungaretti sul Carso<\/em>&#8220;.<\/p>\n<p>Il calendario di apertura prevede da sabato 19 a mercoled\u00ec 30 aprile l\u2019orario 9-13\/14-19; dall&#8217;1 al 4 maggio l\u2019orario continuato dalle 9 alle 19.<\/p>\n<h3>Al MuCa<\/h3>\n<p>Il <strong>MuCa<\/strong> apre le sue sale nei weekend festivi con orario continuato 10-18 dal 18 al 21 aprile, dal 25 al 28 aprile e dal 2 al 5 maggio, con un&#8217;apertura straordinaria anche il 1\u00b0 maggio, sempre nello stesso orario.<\/p>\n<p>Dal 18 al 21 aprile, sulla scia della giornata del <em>Made in Italy<\/em> del 15 aprile, il museo offrir\u00e0 visite guidate speciali dedicate alle &#8220;regine del mare&#8221;, le navi da crociera di seconda generazione prodotte a Monfalcone.<\/p>\n<p>Durante queste visite, prenotabili all&#8217;indirizzo\u00a0<a href=\"mailto:info@mucamonfalcone.it\">info@mucamonfalcone.it<\/a>, i visitatori potranno scoprire il passato, presente e futuro delle costruzioni navali,.<\/p>\n<p>Il <strong>Museo Medievale<\/strong> sar\u00e0 visitabile ogni mercoled\u00ec e nei weekend con orario 10-13 e 15-18 nelle seguenti date: mercoled\u00ec 16 e dal 18 al 20 aprile; mercoled\u00ec 23 e dal 25 al 27 aprile; mercoled\u00ec 30 e dal 2 al 4 maggio, oltre alle aperture straordinarie per Pasquetta (21 aprile) e il 1\u00b0 maggio.<\/p>\n<p>La storica <strong>Rocca<\/strong> di Monfalcone invita a scoprire le sue mura nei weekend del 19-20 aprile (Pasqua) e del 3-4 maggio (orario 10-13\/15-18), con un appuntamento speciale il 26 aprile per la Rievocazione storica (10-18) con servizio Roccabus.<\/p>\n<p>Il 25 aprile la Rocca sar\u00e0 aperta dalle 10 alle 13 in concomitanza con la 70\u00aa edizione della Coppa Montes, gara ciclistica di rilevanza internazionale riservata alla categoria juniores che si svolger\u00e0 sulle strade del Friuli Venezia Giulia con un percorso di circa 109 km.<\/p>\n<p>La competizione \u00e8 stata inserita nel calendario UCI (Unione Ciclistica Internazionale), classe 1.1. MJ, e costituisce un importante trampolino di lancio per molti giovani ciclisti di talento.<\/p>\n<p>Per questa edizione \u00e8 prevista la partecipazione di 12 rappresentative nazionali, per un totale di 176 atleti, selezionati sulla base delle prime dieci posizioni del ranking mondiale e nazionale, che attraverseranno 27 Comuni della Regione, con partenza e arrivo a Monfalcone.<\/p>\n<h3>Pasquetta e rievocazione: doppio evento sulla Rocca<\/h3>\n<p>Per Pasquetta, il 21 aprile, la roccaforte medievale offrir\u00e0 una giornata speciale. Si inizier\u00e0 alle ore 11 con una visita guidata alla Rocca, con la possibilit\u00e0 di un libero pic-nic nell\u2019area per un momento speciale dedicato al pranzo.<\/p>\n<p>Il programma del pomeriggio inizia alle 14.30 con &#8220;Roccafantasy&#8221;, un&#8217;iniziativa che unisce la visita guidata alla Rocca con una Caccia al tesoro pensata appositamente per i pi\u00f9 piccoli. Alle 16 ci sar\u00e0 un&#8217;ulteriore visita guidata aperta a tutti.<\/p>\n<p>L&#8217;ingresso sar\u00e0 libero, con divieto di accendere fuochi. Sar\u00e0 disponibile un punto ristoro e un servizio di collegamento Roccabus gratuito per facilitare l&#8217;accesso alla sommit\u00e0. In caso di maltempo, l&#8217;evento sar\u00e0 annullato.<\/p>\n<p>Sabato 26 aprile, i leggendari scontri tra Longobardi e Romani saranno di nuovo di scena sulla Rocca (orario 10-18), nell&#8217;ambito della rievocazione storica &#8220;<strong><em>La Rocca nel Medioevo. Limes tra Longobardi e Romani<\/em><\/strong>&#8220;, co-organizzata con l&#8217;Associazione Luce nella Storia e il CCM.<\/p>\n<h3>I gruppi storici<\/h3>\n<p>I gruppi storici Invicti Lupi, Avar Project, Romani di Numerus Italorum e Compagnia delle lame nere allestiranno, nel fossato della Rocca, alcuni accampamenti per mostrare ai visitatori come si viveva nell&#8217;ultimo periodo del mondo romano e in epoca longobarda, come si svolgevano le attivit\u00e0 artigianali, i tornei e i combattimenti.<\/p>\n<p>La giornata inizier\u00e0 alle ore 10 con l&#8217;apertura dell&#8217;accampamento e il saluto delle associazioni partecipanti. Presso il Museo Medievale in Piazza Unit\u00e0 d&#8217;Italia, alle ore 10.30, \u00e8 prevista una visita guidata seguita da una passeggiata fino alla Rocca per partecipare alla rievocazione storica.<\/p>\n<p>Contemporaneamente, alla Rocca si terranno presentazioni di manifattura artigianale ed esibizioni tematiche, seguite alle 11.30 da uno spettacolo d&#8217;arme a cura delle associazioni dei Longobardi e Romani. Nel pomeriggio, a partire dalle 14, proseguiranno i laboratori artigianali, mentre alle 15.30 si svolger\u00e0 la rievocazione della battaglia tra Longobardi e Romani.<\/p>\n<p>Alle 17 si terr\u00e0 una conferenza tematica su &#8220;<em>La Rocca e il territorio al tempo dei Longobardi e Romani<\/em>&#8220;, con chiusura ufficiale e saluti alle 18.<\/p>\n<p>Per partecipare alle visite guidate (sia quella del mattino al Museo Medievale, sia quelle pomeridiane alla Rocca) \u00e8 necessaria la prenotazione al numero 3346000121 o via email a\u00a0<a href=\"mailto:booking@comune.monfalcone.go.it\">booking@comune.monfalcone.go.it<\/a>.<\/p>\n<p>L&#8217;ingresso \u00e8 libero, sar\u00e0 disponibile un punto ristoro e un servizio di collegamento con Roccabus gratuito.<\/p>\n<p>In caso di maltempo, l&#8217;evento si terr\u00e0 sabato 3 maggio 2025.<\/p>\n<p>Sia a Pasquetta, sia domenica 27 aprile, sia il 1\u00b0 maggio la Rocca sar\u00e0 visitabile dalle 10 alle 13 e dalle 15 alle18.<\/p>\n","protected":false},"excerpt":{"rendered":"<p>Aperture straordinarie dei musei e siti storici. Dal 18 aprile al 5 maggio orari estesi, visite guidate e appuntamenti speciali<\/p>\n","protected":false},"author":28,"featured_media":64657,"comment_status":"closed","ping_status":"closed","sticky":false,"template":"","format":"image","meta":{"dwc-title":[""],"dwc-content":[""],"footnotes":""},"categories":[37],"tags":[],"class_list":["post-64656","post","type-post","status-publish","format-image","has-post-thumbnail","hentry","category-cultura-e-spettacolo","post_format-post-format-image"],"rttpg_featured_image_url":{"full":["https:\/\/imagazine.it\/wp-content\/uploads\/2025\/04\/20231119_152613.jpg",1366,786,false],"landscape":["https:\/\/imagazine.it\/wp-content\/uploads\/2025\/04\/20231119_152613.jpg",1366,786,false],"portraits":["https:\/\/imagazine.it\/wp-content\/uploads\/2025\/04\/20231119_152613.jpg",1366,786,false],"thumbnail":["https:\/\/imagazine.it\/wp-content\/uploads\/2025\/04\/20231119_152613-150x150.jpg",150,150,true],"medium":["https:\/\/imagazine.it\/wp-content\/uploads\/2025\/04\/20231119_152613-300x173.jpg",300,173,true],"large":["https:\/\/imagazine.it\/wp-content\/uploads\/2025\/04\/20231119_152613-1024x589.jpg",640,368,true],"thumblist":["https:\/\/imagazine.it\/wp-content\/uploads\/2025\/04\/20231119_152613-300x300.jpg",300,300,true],"thumbrelated":["https:\/\/imagazine.it\/wp-content\/uploads\/2025\/04\/20231119_152613-500x500.jpg",500,500,true],"meccarouselthumb":["https:\/\/imagazine.it\/wp-content\/uploads\/2025\/04\/20231119_152613-474x324.jpg",474,324,true],"gridsquare":["https:\/\/imagazine.it\/wp-content\/uploads\/2025\/04\/20231119_152613-391x260.jpg",391,260,true],"tileview":["https:\/\/imagazine.it\/wp-content\/uploads\/2025\/04\/20231119_152613-300x400.jpg",300,400,true],"1536x1536":["https:\/\/imagazine.it\/wp-content\/uploads\/2025\/04\/20231119_152613.jpg",1366,786,false],"2048x2048":["https:\/\/imagazine.it\/wp-content\/uploads\/2025\/04\/20231119_152613.jpg",1366,786,false],"newsup-slider-full":["https:\/\/imagazine.it\/wp-content\/uploads\/2025\/04\/20231119_152613-1280x720.jpg",1280,720,true],"newsup-featured":["https:\/\/imagazine.it\/wp-content\/uploads\/2025\/04\/20231119_152613-1024x589.jpg",1024,589,true],"newsup-medium":["https:\/\/imagazine.it\/wp-content\/uploads\/2025\/04\/20231119_152613-720x380.jpg",720,380,true],"tptn_thumbnail":["https:\/\/imagazine.it\/wp-content\/uploads\/2025\/04\/20231119_152613-250x210.jpg",250,210,true],"sow-carousel-default":["https:\/\/imagazine.it\/wp-content\/uploads\/2025\/04\/20231119_152613-272x182.jpg",272,182,true]},"rttpg_author":{"display_name":"redazione","author_link":"https:\/\/imagazine.it\/home_desk\/author\/redazione\/"},"rttpg_comment":0,"rttpg_category":"<a href=\"https:\/\/imagazine.it\/home_desk\/category\/cultura-e-spettacolo\/\" rel=\"category tag\">CULTURA&amp;SPETTACOLO<\/a>","rttpg_excerpt":"Aperture straordinarie dei musei e siti storici. Dal 18 aprile al 5 maggio orari estesi, visite guidate e appuntamenti speciali","_links":{"self":[{"href":"https:\/\/imagazine.it\/home_desk\/wp-json\/wp\/v2\/posts\/64656","targetHints":{"allow":["GET"]}}],"collection":[{"href":"https:\/\/imagazine.it\/home_desk\/wp-json\/wp\/v2\/posts"}],"about":[{"href":"https:\/\/imagazine.it\/home_desk\/wp-json\/wp\/v2\/types\/post"}],"author":[{"embeddable":true,"href":"https:\/\/imagazine.it\/home_desk\/wp-json\/wp\/v2\/users\/28"}],"replies":[{"embeddable":true,"href":"https:\/\/imagazine.it\/home_desk\/wp-json\/wp\/v2\/comments?post=64656"}],"version-history":[{"count":0,"href":"https:\/\/imagazine.it\/home_desk\/wp-json\/wp\/v2\/posts\/64656\/revisions"}],"wp:featuredmedia":[{"embeddable":true,"href":"https:\/\/imagazine.it\/home_desk\/wp-json\/wp\/v2\/media\/64657"}],"wp:attachment":[{"href":"https:\/\/imagazine.it\/home_desk\/wp-json\/wp\/v2\/media?parent=64656"}],"wp:term":[{"taxonomy":"category","embeddable":true,"href":"https:\/\/imagazine.it\/home_desk\/wp-json\/wp\/v2\/categories?post=64656"},{"taxonomy":"post_tag","embeddable":true,"href":"https:\/\/imagazine.it\/home_desk\/wp-json\/wp\/v2\/tags?post=64656"}],"curies":[{"name":"wp","href":"https:\/\/api.w.org\/{rel}","templated":true}]}}