{"id":64326,"date":"2025-04-09T18:41:20","date_gmt":"2025-04-09T16:41:20","guid":{"rendered":"https:\/\/imagazine.it\/home_desk\/?p=64326"},"modified":"2025-04-10T16:16:04","modified_gmt":"2025-04-10T14:16:04","slug":"stefano-furini-il-violinista-passionale","status":"publish","type":"post","link":"https:\/\/imagazine.it\/home_desk\/stefano-furini-il-violinista-passionale\/","title":{"rendered":"Stefano Furini: il violinista passionale"},"content":{"rendered":"<p><span style=\"font-size: 10pt;\"><em>Stefano Furini (\u00a9 Teatro Verdi Trieste\/VisualArt &#8211; Fabio Parenzan)<\/em><\/span><\/p>\n<p>Nonostante gli impegni si accavallino senza soluzione di continuit\u00e0, <strong>Stefano Furini <\/strong>emana un\u2019energia contagiosa.<\/p>\n<p>Ci sentiamo al rientro dalla sua ultima <em>tourn\u00e9e <\/em>con l\u2019Orchestra Filarmonica della Scala. \u00abUn contesto \u2013 confida \u2013 in cui le aspettative sono sempre altissime. Anche in questi concerti siamo stati all\u2019altezza della situazione. Suono con loro da tanti anni e ogni volta le soddisfazioni sono molteplici\u00bb<\/p>\n<p><strong>Stefano Furini, riavvolgiamo il nastro della sua carriera. Quando \u00e8 nata la passione per la musica?<\/strong><\/p>\n<p>\u00abNata per un obbligo, in tenera et\u00e0. Da bambino volevo fare il medico, ma non c\u2019\u00e8 stato verso di scegliere. Mio padre, musicista, mi ha introdotto subito alla musica. Alla fine lui ha avuto ragione: ho fatto il violinista e le cose sono andate direi pi\u00f9 che bene\u00bb.<\/p>\n<p><strong>Lei \u00e8 originario di Padova: come si trova un veneto a Trieste?<\/strong><\/p>\n<p>\u00abMagnificamente. Il prossimo 14 ottobre saranno 35 anni che vivo a Trieste. Mi sono innamorato della citt\u00e0 appena arrivato, nel 1990. Il Friuli Venezia Giulia, poi, \u00e8 una terra magnifica\u00bb.<\/p>\n<p><strong>Cosa le piace di pi\u00f9 della regione? <\/strong><\/p>\n<p>\u00abMi piace moltissimo il mare di Trieste e altrettanto la campagna friulana, dove sogno di andare presto a vivere. Trieste \u00e8 una citt\u00e0 affascinante con una storia meravigliosa, forse non ancora completamente sviscerata e con tanti angoli nascosti. Il Friuli \u00e8 una zona stupenda con una straordinaria volont\u00e0 di conservare ancora le tradizioni, come poche volte mi \u00e8 capitato di vedere\u00bb.<\/p>\n<p><strong>Si ricorda il suo primo concerto?<\/strong><\/p>\n<p>\u00abAvevo 8 anni e suonavo da un paio di anni. Feci dei duetti con mio padre che mi accompagnava al violino, mentre un caro amico che non c\u2019\u00e8 pi\u00f9 mi accompagnava al piano. All\u2019epoca c\u2019era l\u2019abitudine di fare tanta musica da camera. Fino ai 16 anni il gioved\u00ec era un appuntamento tra amici immancabile dedicato proprio a questo genere\u00bb.<\/p>\n<p><strong>Dal 1990 ricopre il ruolo di primo violino di spalla dell\u2019Orchestra del Teatro Verdi di Trieste. Cosa significa per lei?<\/strong><\/p>\n<p>\u00abQuando arrivai il posto era vacante: dopo il mio primo anno di attivit\u00e0 venne bandito subito un concorso, che io vinsi. \u00c8 un ruolo che a me piace moltissimo. Nella mia carriera non ho mai desiderato fare il solista. Ho sempre desiderato fare la spalla, anche perch\u00e9 allievo di Piero Toso, che era stato un grandissimo interprete del ruolo. Per me \u00e8 stata la realizzazione di un sogno. \u00c8 una grande responsabilit\u00e0 perch\u00e9 purtroppo la spalla non \u00e8 personaggio simpatico nell\u2019orchestra: \u00e8 una sorta di gendarme\u00bb.<\/p>\n<p><strong>In questi 35 anni come si \u00e8 evoluta l\u2019Orchestra del Verdi?<\/strong><\/p>\n<p>\u00abLe orchestre sono animali perennemente in evoluzione. Quando sono arrivato trovai una realt\u00e0 di grande livello, i componenti erano coesi e trasmettevano una forte personalit\u00e0. Poi sono arrivati anni bui, con l\u2019abbandono da parte della politica nazionale e con difficolt\u00e0 serie. L\u2019orchestra all\u2019inizio contava 16 violini primi, successivamente ridotti fino ai 12 di oggi. In questo periodo, fortunatamente, le cose sono cambiate e stiamo nuovamente riassumendo. Adesso l\u2019orchestra sta tornando a un ottimo livello, con giovani molto validi. E il futuro si prospetta ottimo. Posso dirlo perch\u00e9 sono uno dei componenti pi\u00f9 anziani e ho vissuto tutte le evoluzioni\u00bb.<\/p>\n<p><strong>Suonare in un\u2019orchestra quali difficolt\u00e0 comporta?<\/strong><\/p>\n<p>\u00abNon \u00e8 il musicista a scegliere l\u2019interpretazione, ma il direttore. L\u2019orchestrale deve assecondarlo in tutto\u00bb.<\/p>\n<p><strong>E se il direttore sbaglia?<\/strong><\/p>\n<p>\u00abNella mia carriera ho imparato a non fidarmi di nessuno, nemmeno dei pi\u00f9 bravi. Per mille motivi, infatti, ogni direttore pu\u00f2 distrarsi durante il concerto: perch\u00e9 impegnato a seguire il palcoscenico, perch\u00e9 un cantante d\u00e0 problemi o perch\u00e9 deve semplicemente dare l\u2019attacco a qualcun altro che non sei tu\u2026 E in tutti questi casi io devo sopperire. Ci vuole un livello di attenzione massimale, con un orecchio sempre pronto a captare qualsiasi cosa succeda\u00bb.<\/p>\n<p><strong>Tra i tanti in cui \u00e8 stato protagonista, c\u2019\u00e8 un concerto a cui \u00e8 particolarmente legato?<\/strong><\/p>\n<p>\u00abSvariati, ma a due sono particolarmente legato. Il primo \u00e8 il concerto sinfonico con Daniel Oren a Trieste, dove lui diresse e cant\u00f2 i \u201c<em>Chichester psalms\u201d <\/em>di Bernstein. L\u2019ultimo di questi salmi prevede che una voce bianca debba cantare. All\u2019epoca non lo sapevo, perch\u00e9 ero giovane e inesperto. Quel brano, inoltre, Bernstein lo aveva dedicato proprio a Oren\u00bb.<\/p>\n<p><strong>Cosa accadde?<\/strong><\/p>\n<p>\u00abNon appena diede l\u2019attacco all\u2019orchestra, Oren si gir\u00f2 verso il pubblico e cominci\u00f2 a cantare in falsetto. Fu qualcosa di magico, un\u2019emozione fortissima che ricorder\u00f2 per tutta la vita\u00bb.<\/p>\n<p><strong>Ha detto che \u00e8 legato a due concerti: qual \u00e8 il secondo? <\/strong><\/p>\n<p>\u00abLa mia prima inaugurazione della Scala, diretto da Daniel Barenboim. Indimenticabile\u00bb.<\/p>\n<figure id=\"attachment_64327\" aria-describedby=\"caption-attachment-64327\" style=\"width: 640px\" class=\"wp-caption aligncenter\"><img loading=\"lazy\" decoding=\"async\" class=\"size-large wp-image-64327\" src=\"https:\/\/imagazine.it\/wp-content\/uploads\/2025\/04\/foto-di-F.Parenzan-04913-788x1024.jpg\" alt=\"\" width=\"640\" height=\"832\" title=\"\" srcset=\"https:\/\/imagazine.it\/wp-content\/uploads\/2025\/04\/foto-di-F.Parenzan-04913-788x1024.jpg 788w, https:\/\/imagazine.it\/wp-content\/uploads\/2025\/04\/foto-di-F.Parenzan-04913-231x300.jpg 231w, https:\/\/imagazine.it\/wp-content\/uploads\/2025\/04\/foto-di-F.Parenzan-04913-768x997.jpg 768w, https:\/\/imagazine.it\/wp-content\/uploads\/2025\/04\/foto-di-F.Parenzan-04913.jpg 800w\" sizes=\"auto, (max-width: 640px) 100vw, 640px\" \/><figcaption id=\"caption-attachment-64327\" class=\"wp-caption-text\">Stefano Furini (\u00a9 Teatro Verdi Trieste\/VisualArt &#8211; Fabio Parenzan)<\/figcaption><\/figure>\n<p><strong>Nella sua lunga carriera musicale si \u00e8 confrontato con numerosi musicisti: chi \u00e8 stato il pi\u00f9 importante nel suo percorso di crescita?<\/strong><\/p>\n<p>\u00abDue violinisti scomparsi, purtroppo. Uno si chiamava Vittorio Cacciatori, sconosciuto ai pi\u00f9. Smise la carriera di violinista per intraprendere quella di direttore per un problema di cefalee. Mi port\u00f2 a suonare in Svizzera all\u2019et\u00e0 di 15 anni; al secondo concerto con lui mi fece diventare la spalla dell\u2019orchestra. Mi diede tantissima fiducia. Insieme sostenemmo centinaia di concerti che mi diedero la notoriet\u00e0 per giungere poi a Trieste. L\u2019altro violinista era il triestino Franco Gulli, grande mentore\u00bb.<\/p>\n<p><strong>Qual \u00e8 le qualit\u00e0 indispensabile per diventare un musicista?<\/strong><\/p>\n<p>\u00abSentire la musica, perch\u00e9 violinisti ce ne sono tanti: suonano migliaia di note che non hanno nessun sapore. Musicisti che suonano tre note in grado di far sognare sono molti di meno\u00bb.<\/p>\n<p><strong>Quali sono gli autori che Stefano Furini predilige interpretare?<\/strong><\/p>\n<p>\u00abMahler e Puccini. Sono un passionale. Le emozioni di quel genere di musica mi calzano a pennello\u00bb.<\/p>\n<p><strong>Lei \u00e8 anche componente del Triestango, ensemble di musica da camera che suona Astor Piazzolla: che genere di esperienza \u00e8?<\/strong><\/p>\n<p>\u00abUn\u2019esperienza strana giunta a ciel sereno. Andai a sostituire un violinista che non poteva partecipare ai concerti e cos\u00ec entrai in questo gruppo. Eseguiamo tango dagli albori fino ai contemporanei che hanno scritto brani anche per noi. Un\u2019esperienza speciale perch\u00e9 suoni e non balli. Ma quasi quasi mentre suoni anche balli\u00bb.<\/p>\n<p><strong>Stefano Furini quanto tempo dedica alla musica?<\/strong><\/p>\n<p>\u00abIl pi\u00f9 possibile, nel senso che non ho tempo. Il tempo \u00e8 un lusso enorme. Non esiste l\u2019orologio o l\u2019impegno di famiglia. Prima c\u2019\u00e8 la \u201ccondanna\u201d della musica, poi c\u2019\u00e8 il tempo libero: che siano dieci minuti o gli istanti prima di addormentarsi nel letto\u00bb.<\/p>\n<p><strong>Quali sono gli impegni di Stefano Furini per il prossimo futuro?<\/strong><\/p>\n<p>\u00abNell\u2019immediato stiamo allestendo <em>\u201cL\u2019olandese volante\u201d <\/em>di Wagner col Teatro Verdi. In contemporanea diriger\u00f2 una riduzione delle <em>\u201cNozze di Figaro\u201d <\/em>di Mozart per le scuole e non solo. Il 19 ottobre al Teatro Comunale di Monfalcone sar\u00f2 in concerto con il Sontium Ensemble, gruppo nato con me e Cristina Monticoli, che prevede 5 prime parti del Teatro Verdi di Trieste e 5 dell\u2019RTV di Lubiana. Una realt\u00e0 di altissimo livello e dai forti contenuti di unione tra Friuli Venezia Giulia e Slovenia\u00bb.<\/p>\n<p><strong>Qual \u00e8 invece il sogno che vorrebbe realizzare? <\/strong><\/p>\n<p>\u00abAvere una casa capiente in Friuli, con un granaio in cui allestire una sala nella quale ospitare masterclass, in cui gli allievi possono fermarsi con i docenti al di l\u00e0 delle lezioni, creando un rapporto speciale di empatia. Coinvolgendo anche i produttori enogastronomici del territorio affinch\u00e9 possano far conoscere e provare i loro prodotti ai partecipanti e al pubblico di questi eventi\u00bb.<\/p>\n","protected":false},"excerpt":{"rendered":"<p>Da 35 anni \u00e8 il primo violino di spalla dell\u2019Orchestra del Teatro Verdi di Trieste. \u00abUna citt\u00e0 che amo, ma il mio sogno \u00e8 una casa in Friuli dove ospitare musicisti e masterclass\u00bb. Nel frattempo la sua attivit\u00e0 concertistica non conosce sosta. \u00abLe principali emozioni vissute? Tante, ma quella sera che sentii cantare Daniel Oren\u2026\u00bb<\/p>\n","protected":false},"author":3,"featured_media":64328,"comment_status":"closed","ping_status":"closed","sticky":false,"template":"","format":"image","meta":{"dwc-title":[""],"dwc-content":[""],"footnotes":""},"categories":[37],"tags":[861,2900,55,65],"class_list":["post-64326","post","type-post","status-publish","format-image","has-post-thumbnail","hentry","category-cultura-e-spettacolo","tag-concerti","tag-furini","tag-musica","tag-trieste","post_format-post-format-image"],"rttpg_featured_image_url":{"full":["https:\/\/imagazine.it\/wp-content\/uploads\/2025\/04\/Stefano-Furini-Maestro-Concertatore-e-Direttore-foto-di-F.Parenzan-00574.jpg",1366,900,false],"landscape":["https:\/\/imagazine.it\/wp-content\/uploads\/2025\/04\/Stefano-Furini-Maestro-Concertatore-e-Direttore-foto-di-F.Parenzan-00574.jpg",1366,900,false],"portraits":["https:\/\/imagazine.it\/wp-content\/uploads\/2025\/04\/Stefano-Furini-Maestro-Concertatore-e-Direttore-foto-di-F.Parenzan-00574.jpg",1366,900,false],"thumbnail":["https:\/\/imagazine.it\/wp-content\/uploads\/2025\/04\/Stefano-Furini-Maestro-Concertatore-e-Direttore-foto-di-F.Parenzan-00574-150x150.jpg",150,150,true],"medium":["https:\/\/imagazine.it\/wp-content\/uploads\/2025\/04\/Stefano-Furini-Maestro-Concertatore-e-Direttore-foto-di-F.Parenzan-00574-300x198.jpg",300,198,true],"large":["https:\/\/imagazine.it\/wp-content\/uploads\/2025\/04\/Stefano-Furini-Maestro-Concertatore-e-Direttore-foto-di-F.Parenzan-00574-1024x675.jpg",640,422,true],"thumblist":["https:\/\/imagazine.it\/wp-content\/uploads\/2025\/04\/Stefano-Furini-Maestro-Concertatore-e-Direttore-foto-di-F.Parenzan-00574-300x300.jpg",300,300,true],"thumbrelated":["https:\/\/imagazine.it\/wp-content\/uploads\/2025\/04\/Stefano-Furini-Maestro-Concertatore-e-Direttore-foto-di-F.Parenzan-00574-500x500.jpg",500,500,true],"meccarouselthumb":["https:\/\/imagazine.it\/wp-content\/uploads\/2025\/04\/Stefano-Furini-Maestro-Concertatore-e-Direttore-foto-di-F.Parenzan-00574-474x324.jpg",474,324,true],"gridsquare":["https:\/\/imagazine.it\/wp-content\/uploads\/2025\/04\/Stefano-Furini-Maestro-Concertatore-e-Direttore-foto-di-F.Parenzan-00574-391x260.jpg",391,260,true],"tileview":["https:\/\/imagazine.it\/wp-content\/uploads\/2025\/04\/Stefano-Furini-Maestro-Concertatore-e-Direttore-foto-di-F.Parenzan-00574-300x400.jpg",300,400,true],"1536x1536":["https:\/\/imagazine.it\/wp-content\/uploads\/2025\/04\/Stefano-Furini-Maestro-Concertatore-e-Direttore-foto-di-F.Parenzan-00574.jpg",1366,900,false],"2048x2048":["https:\/\/imagazine.it\/wp-content\/uploads\/2025\/04\/Stefano-Furini-Maestro-Concertatore-e-Direttore-foto-di-F.Parenzan-00574.jpg",1366,900,false],"newsup-slider-full":["https:\/\/imagazine.it\/wp-content\/uploads\/2025\/04\/Stefano-Furini-Maestro-Concertatore-e-Direttore-foto-di-F.Parenzan-00574-1280x720.jpg",1280,720,true],"newsup-featured":["https:\/\/imagazine.it\/wp-content\/uploads\/2025\/04\/Stefano-Furini-Maestro-Concertatore-e-Direttore-foto-di-F.Parenzan-00574-1024x675.jpg",1024,675,true],"newsup-medium":["https:\/\/imagazine.it\/wp-content\/uploads\/2025\/04\/Stefano-Furini-Maestro-Concertatore-e-Direttore-foto-di-F.Parenzan-00574-720x380.jpg",720,380,true],"tptn_thumbnail":["https:\/\/imagazine.it\/wp-content\/uploads\/2025\/04\/Stefano-Furini-Maestro-Concertatore-e-Direttore-foto-di-F.Parenzan-00574-250x210.jpg",250,210,true],"sow-carousel-default":["https:\/\/imagazine.it\/wp-content\/uploads\/2025\/04\/Stefano-Furini-Maestro-Concertatore-e-Direttore-foto-di-F.Parenzan-00574-272x182.jpg",272,182,true]},"rttpg_author":{"display_name":"Andrea Doncovio","author_link":"https:\/\/imagazine.it\/home_desk\/author\/andrea\/"},"rttpg_comment":0,"rttpg_category":"<a href=\"https:\/\/imagazine.it\/home_desk\/category\/cultura-e-spettacolo\/\" rel=\"category tag\">CULTURA&amp;SPETTACOLO<\/a>","rttpg_excerpt":"Da 35 anni \u00e8 il primo violino di spalla dell\u2019Orchestra del Teatro Verdi di Trieste. \u00abUna citt\u00e0 che amo, ma il mio sogno \u00e8 una casa in Friuli dove ospitare musicisti e masterclass\u00bb. Nel frattempo la sua attivit\u00e0 concertistica non conosce sosta. \u00abLe principali emozioni vissute? Tante, ma quella sera che sentii cantare Daniel Oren\u2026\u00bb","_links":{"self":[{"href":"https:\/\/imagazine.it\/home_desk\/wp-json\/wp\/v2\/posts\/64326","targetHints":{"allow":["GET"]}}],"collection":[{"href":"https:\/\/imagazine.it\/home_desk\/wp-json\/wp\/v2\/posts"}],"about":[{"href":"https:\/\/imagazine.it\/home_desk\/wp-json\/wp\/v2\/types\/post"}],"author":[{"embeddable":true,"href":"https:\/\/imagazine.it\/home_desk\/wp-json\/wp\/v2\/users\/3"}],"replies":[{"embeddable":true,"href":"https:\/\/imagazine.it\/home_desk\/wp-json\/wp\/v2\/comments?post=64326"}],"version-history":[{"count":0,"href":"https:\/\/imagazine.it\/home_desk\/wp-json\/wp\/v2\/posts\/64326\/revisions"}],"wp:featuredmedia":[{"embeddable":true,"href":"https:\/\/imagazine.it\/home_desk\/wp-json\/wp\/v2\/media\/64328"}],"wp:attachment":[{"href":"https:\/\/imagazine.it\/home_desk\/wp-json\/wp\/v2\/media?parent=64326"}],"wp:term":[{"taxonomy":"category","embeddable":true,"href":"https:\/\/imagazine.it\/home_desk\/wp-json\/wp\/v2\/categories?post=64326"},{"taxonomy":"post_tag","embeddable":true,"href":"https:\/\/imagazine.it\/home_desk\/wp-json\/wp\/v2\/tags?post=64326"}],"curies":[{"name":"wp","href":"https:\/\/api.w.org\/{rel}","templated":true}]}}