{"id":64298,"date":"2025-04-09T11:10:01","date_gmt":"2025-04-09T09:10:01","guid":{"rendered":"https:\/\/imagazine.it\/home_desk\/?p=64298"},"modified":"2025-04-10T12:24:46","modified_gmt":"2025-04-10T10:24:46","slug":"premio-terzani-ai-giornalisti-palestinesi-uccisi-a-gaza","status":"publish","type":"post","link":"https:\/\/imagazine.it\/home_desk\/premio-terzani-ai-giornalisti-palestinesi-uccisi-a-gaza\/","title":{"rendered":"Premio Terzani ai giornalisti palestinesi uccisi a Gaza"},"content":{"rendered":"<p><em><span style=\"font-size: 10pt;\">Wael al-Dahdouh <\/span><\/em><\/p>\n<p>UDINE \u2013 Viene dedicata alla memoria delle<strong> giornaliste e dei giornalisti palestinesi<\/strong> <strong>uccisi a Gaza la XXI edizione del Premio letterario internazionale Tiziano Terzani<\/strong>, riconoscimento istituito dal <strong>festival vicino\/lontano di Udine<\/strong> insieme alla famiglia Terzani.<\/p>\n<p>Lo ha annunciato oggi la presidente della Giuria,<strong> Angela Terzani Staude<\/strong>.<\/p>\n<p>\u00abDal 7 ottobre 2023,\u00a0giorno dell\u2019attacco terroristico di Hamas, <strong>s<\/strong><strong>ono ol<\/strong><strong>tre 200 i giornalisti, i fotoreporter e gli operatori della comunicazione<\/strong> \u2013 ha ricordato, rendendo nota la motivazione \u2013 che hanno scontato con la loro vita, e spesso anche con quella dei loro cari, l\u2019impegno di testimoniare i fatti dall\u2019interno e impedire una narrazione unilaterale e controllata\u00bb.<\/p>\n<p>\u00abDivenuti bersaglio dell\u2019esercito di Israele \u2013 ha aggiunto \u2013 n\u00e9 il giubbotto antiproiettile, n\u00e9 il casco con la scritta PRESS ha potuto proteggerli, in flagrante violazione del diritto umanitario e della libert\u00e0 di stampa. Mai, nella storia, il tributo pagato dal giornalismo \u00e8 stato cos\u00ec pesante\u00bb.<\/p>\n<p>La Giuria ha sentito cos\u00ec l\u2019urgenza di<strong> rinunciare \u2013 eccezionalmente \u2013 a premiare un\u2019opera letteraria, per rendere invece onore a chi ha pagato con la vita il diritto\/dovere di informare<\/strong>.<\/p>\n<p>\u201c<em>Erano tutti giornalisti palestinesi<\/em> \u2013 si legge nella motivazione \u2013 <em>perch\u00e9, da subito, la stampa internazionale \u00e8 stata deliberatamente tenuta fuori dalla Striscia. E cos\u00ec, ci\u00f2 che sappiamo, ci\u00f2 che da Gaza esce, lo si deve al loro coraggio: senza la loro testimonianza, e la loro denuncia, oggi non avremmo chiare le proporzioni della tragedia di una popolazione ridotta allo stremo da mesi e mesi di bombardamenti indiscriminati e dal blocco degli aiuti umanitari, in una guerra di sterminio e distruzione<\/em><strong>\u201d<\/strong>.<\/p>\n<h3>La scelta<\/h3>\n<p>\u00abMio marito \u2013 ha ricordato Angela Terzani &#8211; era un giornalista. Per molti anni \u00e8 stato un corrispondente di guerra, talvolta scomodo, ma sempre in prima linea nella copertura dei conflitti. Una delle sue convinzioni pi\u00f9 profonde era che si dovessero sempre ascoltare \u201cle ragioni degli altri\u201d e che contro il rischio di scivolare nella barbarie dell\u2019intolleranza e del fanatismo questo fosse l\u2019unico modo per cominciare a intendersi e per rendere possibile la convivenza pacifica tra popoli diversi. Attribuiva al giornalismo questa precisa responsabilit\u00e0: mettersi in ascolto delle ragioni degli uni e delle ragioni degli altri\u00bb.<\/p>\n<p>\u201c<em>La giuria del Premio Letterario Internazionale Tiziano Terzani<\/em> \u2013 conclude la motivazione \u2013 <em>sente l\u2019urgenza di lanciare un allarme e, con decisione unanime, rende onore al sacrificio di chi \u00e8 stato messo a tacere e non pu\u00f2 pi\u00f9 raccontare \u201cl&#8217;altra parte della storia<\/em><em>\u201d, conferendo il Premio Terzani 2025 \u2013 ad memoriam \u2013 ai giornalisti e alle giornaliste di Gaza<\/em>\u201d.<\/p>\n<p>I giurati ringraziano tutti gli autori che erano comunque stati candidati a questa edizione del Premio e le loro case editrici.<\/p>\n<h3>Il premio<\/h3>\n<p>Le pubblicazioni dedicate al Vicino Oriente in concorso verranno segnalate in occasione della <strong>Serata del Premio Terzani<\/strong>, in programma a <strong>Udine, al Teatro Nuovo Giovanni da Udine, sabato 10 maggio <\/strong>(ore 21).<\/p>\n<p>Saranno a Udine a ricevere simbolicamente il Premio, a nome dei tanti colleghi uccisi durante la guerra, <strong>Wael al-Dahdouh<\/strong> e <strong>Safwat al-Kahlout<\/strong>, entrambi giornalisti di Gaza per l\u2019emittente <em>Al Jazeera<\/em>.<\/p>\n<p>Durante la guerra <strong>hanno subito l\u2019uccisione di 500 familiari e amici.<\/strong> Al-Dahdouh ha perso, sotto i bombardamenti, la moglie e tre figli, uno dei quali giornalista. Professionisti che per fare il loro lavoro \u2013 e hanno continuato a farlo con infinita determinazione \u2013 hanno pagato un prezzo altissimo.<\/p>\n<p>Parteciperanno a una riflessione a pi\u00f9 voci, condotta dal giornalista <strong>Marco Damilano<\/strong>, <span style=\"text-decoration: underline;\"><a href=\"https:\/\/imagazine.it\/home_desk\/premio-luchetta-marco-damilano-presidente-di-giuria\/\">da poco nominato presidente della giuria del Premio Luchetta<\/a><\/span>.<\/p>\n<p>Interverr\u00e0 <strong>Paola Caridi<\/strong>, storica, saggista e giornalista, una delle pi\u00f9 autorevoli esperte di Vicino Oriente, su cui ha scritto saggi fondamentali.<\/p>\n<p>La Giuria che ha assegnato il Premio Terzani 2025 \u00e8 composta da <strong>Angela Terzani<\/strong> (presidente), <strong>Saskia Terzani<\/strong>, <strong>Enza Campino<\/strong>,<strong> Toni Capuozzo<\/strong>,<strong> Marco Del Corona<\/strong>,<strong> Andrea Filippi<\/strong>,<strong> Milena Gabanelli<\/strong>,<strong> Nicola Gasbarro<\/strong>,<strong> Carla Nicolini<\/strong>,<strong> Marco Pacini<\/strong>,<strong> Paolo Pecile<\/strong>,<strong> Remo Andrea Politeo<\/strong>,<strong> Marino Sinibaldi<\/strong>,<strong> Mario Soldaini<\/strong>.<\/p>\n","protected":false},"excerpt":{"rendered":"<p>Per la prima volta non saranno premiati autori di libri. &#8220;Rendere onore al sacrificio di chi \u00e8 stato messo a tacere e non pu\u00f2 pi\u00f9 raccontare&#8221;<\/p>\n","protected":false},"author":28,"featured_media":64299,"comment_status":"closed","ping_status":"closed","sticky":false,"template":"","format":"image","meta":{"dwc-title":[""],"dwc-content":[""],"footnotes":""},"categories":[37],"tags":[2308,138,981,490,101],"class_list":["post-64298","post","type-post","status-publish","format-image","has-post-thumbnail","hentry","category-cultura-e-spettacolo","tag-gaza","tag-guerra","tag-premio","tag-terzani","tag-udine","post_format-post-format-image"],"rttpg_featured_image_url":{"full":["https:\/\/imagazine.it\/wp-content\/uploads\/2025\/04\/Wael-al-Dahdouh.jpg",1366,894,false],"landscape":["https:\/\/imagazine.it\/wp-content\/uploads\/2025\/04\/Wael-al-Dahdouh.jpg",1366,894,false],"portraits":["https:\/\/imagazine.it\/wp-content\/uploads\/2025\/04\/Wael-al-Dahdouh.jpg",1366,894,false],"thumbnail":["https:\/\/imagazine.it\/wp-content\/uploads\/2025\/04\/Wael-al-Dahdouh-150x150.jpg",150,150,true],"medium":["https:\/\/imagazine.it\/wp-content\/uploads\/2025\/04\/Wael-al-Dahdouh-300x196.jpg",300,196,true],"large":["https:\/\/imagazine.it\/wp-content\/uploads\/2025\/04\/Wael-al-Dahdouh-1024x670.jpg",640,419,true],"thumblist":["https:\/\/imagazine.it\/wp-content\/uploads\/2025\/04\/Wael-al-Dahdouh-300x300.jpg",300,300,true],"thumbrelated":["https:\/\/imagazine.it\/wp-content\/uploads\/2025\/04\/Wael-al-Dahdouh-500x500.jpg",500,500,true],"meccarouselthumb":["https:\/\/imagazine.it\/wp-content\/uploads\/2025\/04\/Wael-al-Dahdouh-474x324.jpg",474,324,true],"gridsquare":["https:\/\/imagazine.it\/wp-content\/uploads\/2025\/04\/Wael-al-Dahdouh-391x260.jpg",391,260,true],"tileview":["https:\/\/imagazine.it\/wp-content\/uploads\/2025\/04\/Wael-al-Dahdouh-300x400.jpg",300,400,true],"1536x1536":["https:\/\/imagazine.it\/wp-content\/uploads\/2025\/04\/Wael-al-Dahdouh.jpg",1366,894,false],"2048x2048":["https:\/\/imagazine.it\/wp-content\/uploads\/2025\/04\/Wael-al-Dahdouh.jpg",1366,894,false],"newsup-slider-full":["https:\/\/imagazine.it\/wp-content\/uploads\/2025\/04\/Wael-al-Dahdouh-1280x720.jpg",1280,720,true],"newsup-featured":["https:\/\/imagazine.it\/wp-content\/uploads\/2025\/04\/Wael-al-Dahdouh-1024x670.jpg",1024,670,true],"newsup-medium":["https:\/\/imagazine.it\/wp-content\/uploads\/2025\/04\/Wael-al-Dahdouh-720x380.jpg",720,380,true],"tptn_thumbnail":["https:\/\/imagazine.it\/wp-content\/uploads\/2025\/04\/Wael-al-Dahdouh-250x210.jpg",250,210,true],"sow-carousel-default":["https:\/\/imagazine.it\/wp-content\/uploads\/2025\/04\/Wael-al-Dahdouh-272x182.jpg",272,182,true]},"rttpg_author":{"display_name":"redazione","author_link":"https:\/\/imagazine.it\/home_desk\/author\/redazione\/"},"rttpg_comment":0,"rttpg_category":"<a href=\"https:\/\/imagazine.it\/home_desk\/category\/cultura-e-spettacolo\/\" rel=\"category tag\">CULTURA&amp;SPETTACOLO<\/a>","rttpg_excerpt":"Per la prima volta non saranno premiati autori di libri. \"Rendere onore al sacrificio di chi \u00e8 stato messo a tacere e non pu\u00f2 pi\u00f9 raccontare\"","_links":{"self":[{"href":"https:\/\/imagazine.it\/home_desk\/wp-json\/wp\/v2\/posts\/64298","targetHints":{"allow":["GET"]}}],"collection":[{"href":"https:\/\/imagazine.it\/home_desk\/wp-json\/wp\/v2\/posts"}],"about":[{"href":"https:\/\/imagazine.it\/home_desk\/wp-json\/wp\/v2\/types\/post"}],"author":[{"embeddable":true,"href":"https:\/\/imagazine.it\/home_desk\/wp-json\/wp\/v2\/users\/28"}],"replies":[{"embeddable":true,"href":"https:\/\/imagazine.it\/home_desk\/wp-json\/wp\/v2\/comments?post=64298"}],"version-history":[{"count":0,"href":"https:\/\/imagazine.it\/home_desk\/wp-json\/wp\/v2\/posts\/64298\/revisions"}],"wp:featuredmedia":[{"embeddable":true,"href":"https:\/\/imagazine.it\/home_desk\/wp-json\/wp\/v2\/media\/64299"}],"wp:attachment":[{"href":"https:\/\/imagazine.it\/home_desk\/wp-json\/wp\/v2\/media?parent=64298"}],"wp:term":[{"taxonomy":"category","embeddable":true,"href":"https:\/\/imagazine.it\/home_desk\/wp-json\/wp\/v2\/categories?post=64298"},{"taxonomy":"post_tag","embeddable":true,"href":"https:\/\/imagazine.it\/home_desk\/wp-json\/wp\/v2\/tags?post=64298"}],"curies":[{"name":"wp","href":"https:\/\/api.w.org\/{rel}","templated":true}]}}