{"id":64252,"date":"2025-04-08T11:03:43","date_gmt":"2025-04-08T09:03:43","guid":{"rendered":"https:\/\/imagazine.it\/home_desk\/?p=64252"},"modified":"2025-04-08T11:03:43","modified_gmt":"2025-04-08T09:03:43","slug":"dal-presepe-un-sostegno-allinfanzia","status":"publish","type":"post","link":"https:\/\/imagazine.it\/home_desk\/dal-presepe-un-sostegno-allinfanzia\/","title":{"rendered":"Dal presepe un sostegno all&#8217;infanzia"},"content":{"rendered":"<p><span style=\"font-size: 10pt;\"><em>La Nativit\u00e0 allestita sul Lussari<\/em><\/span><\/p>\n<p>CAMPOLONGO TAPOGLIANO \u2013 Si parla di Natale anche se siamo in prossimit\u00e0 di Pasqua.<\/p>\n<p>Perch\u00e9 <strong>Graziano Tomasin<\/strong>, maestro falegname, \u00e8 riuscito a realizzare compiutamente i tre obiettivi che si era ripromesso con le offerte dei visitatori che hanno ammirato il suo presepe durante lo scorso periodo natalizio.<\/p>\n<p>Nella <span style=\"text-decoration: underline;\"><a href=\"https:\/\/imagazine.it\/home_desk\/rivivere-il-fvg-attraverso-il-presepe\/\">sua opera ha infuso l\u2019anima del territorio regionale<\/a><\/span>, intrecciando sapientemente culture, tradizioni e linguaggi diversi, dando vita a un presepe, tutto realizzato a mano, che riflette l\u2019identit\u00e0 multiforme del Friuli Venezia Giulia.<\/p>\n<p>Un percorso che partiva dalle acque del Piave al rifugio Calvi, per concludersi a Trieste, con la visita al castello di Miramare, immerso nel parco secolare.<\/p>\n<p>Nel santuario del Monte Lussari, meta di pellegrinaggio per le comunit\u00e0 friulana, slovena e tedesca, un luogo di grande spiritualit\u00e0 e valore storico, era stata allestita la Nativit\u00e0.<\/p>\n<p>Sono stati raggiunti tre obiettivi importanti: la donazione di un divano e alcune poltroncine alla <strong>scuola dell&#8217;infanzia di Tapogliano<\/strong>; la fornitura di materassini colorati alla <strong>scuola primaria di Campolongo<\/strong> per le attivit\u00e0 di educazione motoria; e, infine, un contributo destinato alla ricerca presso l\u2019ospedale infantile <strong>\u201cBurlo Garofalo\u201d<\/strong> di Trieste.<\/p>\n","protected":false},"excerpt":{"rendered":"<p>Il maestro falegname Graziano Tomasin ha donato i proventi alle scuole di Campolongo Tapogliano e al Burlo Garofolo<\/p>\n","protected":false},"author":22,"featured_media":64253,"comment_status":"closed","ping_status":"closed","sticky":false,"template":"","format":"image","meta":{"dwc-title":[""],"dwc-content":[""],"footnotes":""},"categories":[5],"tags":[146,376,1230,2322,145,377],"class_list":["post-64252","post","type-post","status-publish","format-image","has-post-thumbnail","hentry","category-attualita","tag-beneficenza","tag-campolongo","tag-infanzia","tag-presepe","tag-solidarieta","tag-tapogliano","post_format-post-format-image"],"rttpg_featured_image_url":{"full":["https:\/\/imagazine.it\/wp-content\/uploads\/2025\/04\/presepe-tomasin-07.jpg",1366,848,false],"landscape":["https:\/\/imagazine.it\/wp-content\/uploads\/2025\/04\/presepe-tomasin-07.jpg",1366,848,false],"portraits":["https:\/\/imagazine.it\/wp-content\/uploads\/2025\/04\/presepe-tomasin-07.jpg",1366,848,false],"thumbnail":["https:\/\/imagazine.it\/wp-content\/uploads\/2025\/04\/presepe-tomasin-07-150x150.jpg",150,150,true],"medium":["https:\/\/imagazine.it\/wp-content\/uploads\/2025\/04\/presepe-tomasin-07-300x186.jpg",300,186,true],"large":["https:\/\/imagazine.it\/wp-content\/uploads\/2025\/04\/presepe-tomasin-07-1024x636.jpg",640,398,true],"thumblist":["https:\/\/imagazine.it\/wp-content\/uploads\/2025\/04\/presepe-tomasin-07-300x300.jpg",300,300,true],"thumbrelated":["https:\/\/imagazine.it\/wp-content\/uploads\/2025\/04\/presepe-tomasin-07-500x500.jpg",500,500,true],"meccarouselthumb":["https:\/\/imagazine.it\/wp-content\/uploads\/2025\/04\/presepe-tomasin-07-474x324.jpg",474,324,true],"gridsquare":["https:\/\/imagazine.it\/wp-content\/uploads\/2025\/04\/presepe-tomasin-07-391x260.jpg",391,260,true],"tileview":["https:\/\/imagazine.it\/wp-content\/uploads\/2025\/04\/presepe-tomasin-07-300x400.jpg",300,400,true],"1536x1536":["https:\/\/imagazine.it\/wp-content\/uploads\/2025\/04\/presepe-tomasin-07.jpg",1366,848,false],"2048x2048":["https:\/\/imagazine.it\/wp-content\/uploads\/2025\/04\/presepe-tomasin-07.jpg",1366,848,false],"newsup-slider-full":["https:\/\/imagazine.it\/wp-content\/uploads\/2025\/04\/presepe-tomasin-07-1280x720.jpg",1280,720,true],"newsup-featured":["https:\/\/imagazine.it\/wp-content\/uploads\/2025\/04\/presepe-tomasin-07-1024x636.jpg",1024,636,true],"newsup-medium":["https:\/\/imagazine.it\/wp-content\/uploads\/2025\/04\/presepe-tomasin-07-720x380.jpg",720,380,true],"tptn_thumbnail":["https:\/\/imagazine.it\/wp-content\/uploads\/2025\/04\/presepe-tomasin-07-250x210.jpg",250,210,true],"sow-carousel-default":["https:\/\/imagazine.it\/wp-content\/uploads\/2025\/04\/presepe-tomasin-07-272x182.jpg",272,182,true]},"rttpg_author":{"display_name":"Livio Nonis","author_link":"https:\/\/imagazine.it\/home_desk\/author\/nonis\/"},"rttpg_comment":0,"rttpg_category":"<a href=\"https:\/\/imagazine.it\/home_desk\/category\/attualita\/\" rel=\"category tag\">ATTUALIT\u00c0<\/a>","rttpg_excerpt":"Il maestro falegname Graziano Tomasin ha donato i proventi alle scuole di Campolongo Tapogliano e al Burlo Garofolo","_links":{"self":[{"href":"https:\/\/imagazine.it\/home_desk\/wp-json\/wp\/v2\/posts\/64252","targetHints":{"allow":["GET"]}}],"collection":[{"href":"https:\/\/imagazine.it\/home_desk\/wp-json\/wp\/v2\/posts"}],"about":[{"href":"https:\/\/imagazine.it\/home_desk\/wp-json\/wp\/v2\/types\/post"}],"author":[{"embeddable":true,"href":"https:\/\/imagazine.it\/home_desk\/wp-json\/wp\/v2\/users\/22"}],"replies":[{"embeddable":true,"href":"https:\/\/imagazine.it\/home_desk\/wp-json\/wp\/v2\/comments?post=64252"}],"version-history":[{"count":0,"href":"https:\/\/imagazine.it\/home_desk\/wp-json\/wp\/v2\/posts\/64252\/revisions"}],"wp:featuredmedia":[{"embeddable":true,"href":"https:\/\/imagazine.it\/home_desk\/wp-json\/wp\/v2\/media\/64253"}],"wp:attachment":[{"href":"https:\/\/imagazine.it\/home_desk\/wp-json\/wp\/v2\/media?parent=64252"}],"wp:term":[{"taxonomy":"category","embeddable":true,"href":"https:\/\/imagazine.it\/home_desk\/wp-json\/wp\/v2\/categories?post=64252"},{"taxonomy":"post_tag","embeddable":true,"href":"https:\/\/imagazine.it\/home_desk\/wp-json\/wp\/v2\/tags?post=64252"}],"curies":[{"name":"wp","href":"https:\/\/api.w.org\/{rel}","templated":true}]}}