{"id":64242,"date":"2025-04-07T16:44:11","date_gmt":"2025-04-07T14:44:11","guid":{"rendered":"https:\/\/imagazine.it\/home_desk\/?p=64242"},"modified":"2025-04-08T18:28:46","modified_gmt":"2025-04-08T16:28:46","slug":"una-donna-alla-guida-delluniversita-di-trieste","status":"publish","type":"post","link":"https:\/\/imagazine.it\/home_desk\/una-donna-alla-guida-delluniversita-di-trieste\/","title":{"rendered":"Una donna alla guida dell&#8217;Universit\u00e0 di Trieste"},"content":{"rendered":"<p><span style=\"font-size: 10pt;\"><em>Da sinistra Garofolo e Vianelli<\/em><\/span><\/p>\n<p>TRIESTE \u2013 L\u2019<strong>Universit\u00e0 di Trieste<\/strong>\u00a0sar\u00e0 guidata per la\u00a0<strong>prima volta<\/strong>\u00a0nella sua storia da una\u00a0<strong>Rettrice<\/strong>.<\/p>\n<p>Alla chiusura dei termini, sono state presentate ufficialmente le candidature di\u00a0<strong>Ilaria Garofolo<\/strong>\u00a0e\u00a0<strong>Donata Vianelli<\/strong>.<\/p>\n<p>Sar\u00e0 una delle due docenti a ricoprire il ruolo della massima carica accademica per i prossimi sei anni.<\/p>\n<p>Le\u00a0<strong>elezioni\u00a0<\/strong>si svolgeranno per la prima volta in <strong>modalit\u00e0 telematica<\/strong>, con un primo turno in programma\u00a0<strong>marted\u00ec 6 maggio<\/strong>\u00a0e, nel caso che nessuna delle due candidate raggiunga il quorum della maggioranza assoluta degli aventi diritto al voto, con un eventuale turno di\u00a0<strong>ballottaggio marted\u00ec 13 maggio<\/strong>.<\/p>\n<p>A esprimersi \u00e8 chiamato un corpo elettorale di circa 1.500 membri della comunit\u00e0 accademica, espressione di tutte le sue componenti, cos\u00ec composto: i docenti di ruolo e i ricercatori, il personale tecnico-amministrativo &#8211; a tempo indeterminato e determinato &#8211; con voto ponderato (20% degli aventi diritto al voto dei professori di ruolo e ricercatori), i rappresentanti degli studenti eletti nel Senato Accademico, nel Consiglio di Amministrazione, nel Comitato per lo sport universitario, nel Comitato degli studenti presso l\u2019ARDIS e nei dieci Consigli di Dipartimento, i rappresentanti degli assegnisti di ricerca eletti nel Senato Accademico e nei dieci Consigli di Dipartimento.<\/p>\n<p>La nuova Rettrice entrer\u00e0 in carica il prossimo 1\u00b0 agosto per concludere il mandato il 31 luglio 2031.<\/p>\n","protected":false},"excerpt":{"rendered":"<p>Per la prima volta nella sua storia l&#8217;ateneo giuliano sar\u00e0 guidato da une Rettrice: Ilaria Garofolo e Donata Vianelli le contendenti<\/p>\n","protected":false},"author":28,"featured_media":64243,"comment_status":"closed","ping_status":"closed","sticky":false,"template":"","format":"image","meta":{"dwc-title":[""],"dwc-content":[""],"footnotes":""},"categories":[5],"tags":[387,65,389,388],"class_list":["post-64242","post","type-post","status-publish","format-image","has-post-thumbnail","hentry","category-attualita","tag-donne","tag-trieste","tag-units","tag-universita","post_format-post-format-image"],"rttpg_featured_image_url":{"full":["https:\/\/imagazine.it\/wp-content\/uploads\/2025\/04\/coppia.jpg",1366,768,false],"landscape":["https:\/\/imagazine.it\/wp-content\/uploads\/2025\/04\/coppia.jpg",1366,768,false],"portraits":["https:\/\/imagazine.it\/wp-content\/uploads\/2025\/04\/coppia.jpg",1366,768,false],"thumbnail":["https:\/\/imagazine.it\/wp-content\/uploads\/2025\/04\/coppia-150x150.jpg",150,150,true],"medium":["https:\/\/imagazine.it\/wp-content\/uploads\/2025\/04\/coppia-300x169.jpg",300,169,true],"large":["https:\/\/imagazine.it\/wp-content\/uploads\/2025\/04\/coppia-1024x576.jpg",640,360,true],"thumblist":["https:\/\/imagazine.it\/wp-content\/uploads\/2025\/04\/coppia-300x300.jpg",300,300,true],"thumbrelated":["https:\/\/imagazine.it\/wp-content\/uploads\/2025\/04\/coppia-500x500.jpg",500,500,true],"meccarouselthumb":["https:\/\/imagazine.it\/wp-content\/uploads\/2025\/04\/coppia-474x324.jpg",474,324,true],"gridsquare":["https:\/\/imagazine.it\/wp-content\/uploads\/2025\/04\/coppia-391x260.jpg",391,260,true],"tileview":["https:\/\/imagazine.it\/wp-content\/uploads\/2025\/04\/coppia-300x400.jpg",300,400,true],"1536x1536":["https:\/\/imagazine.it\/wp-content\/uploads\/2025\/04\/coppia.jpg",1366,768,false],"2048x2048":["https:\/\/imagazine.it\/wp-content\/uploads\/2025\/04\/coppia.jpg",1366,768,false],"newsup-slider-full":["https:\/\/imagazine.it\/wp-content\/uploads\/2025\/04\/coppia-1280x720.jpg",1280,720,true],"newsup-featured":["https:\/\/imagazine.it\/wp-content\/uploads\/2025\/04\/coppia-1024x576.jpg",1024,576,true],"newsup-medium":["https:\/\/imagazine.it\/wp-content\/uploads\/2025\/04\/coppia-720x380.jpg",720,380,true],"tptn_thumbnail":["https:\/\/imagazine.it\/wp-content\/uploads\/2025\/04\/coppia-250x210.jpg",250,210,true],"sow-carousel-default":["https:\/\/imagazine.it\/wp-content\/uploads\/2025\/04\/coppia-272x182.jpg",272,182,true]},"rttpg_author":{"display_name":"redazione","author_link":"https:\/\/imagazine.it\/home_desk\/author\/redazione\/"},"rttpg_comment":0,"rttpg_category":"<a href=\"https:\/\/imagazine.it\/home_desk\/category\/attualita\/\" rel=\"category tag\">ATTUALIT\u00c0<\/a>","rttpg_excerpt":"Per la prima volta nella sua storia l'ateneo giuliano sar\u00e0 guidato da une Rettrice: Ilaria Garofolo e Donata Vianelli le contendenti","_links":{"self":[{"href":"https:\/\/imagazine.it\/home_desk\/wp-json\/wp\/v2\/posts\/64242","targetHints":{"allow":["GET"]}}],"collection":[{"href":"https:\/\/imagazine.it\/home_desk\/wp-json\/wp\/v2\/posts"}],"about":[{"href":"https:\/\/imagazine.it\/home_desk\/wp-json\/wp\/v2\/types\/post"}],"author":[{"embeddable":true,"href":"https:\/\/imagazine.it\/home_desk\/wp-json\/wp\/v2\/users\/28"}],"replies":[{"embeddable":true,"href":"https:\/\/imagazine.it\/home_desk\/wp-json\/wp\/v2\/comments?post=64242"}],"version-history":[{"count":0,"href":"https:\/\/imagazine.it\/home_desk\/wp-json\/wp\/v2\/posts\/64242\/revisions"}],"wp:featuredmedia":[{"embeddable":true,"href":"https:\/\/imagazine.it\/home_desk\/wp-json\/wp\/v2\/media\/64243"}],"wp:attachment":[{"href":"https:\/\/imagazine.it\/home_desk\/wp-json\/wp\/v2\/media?parent=64242"}],"wp:term":[{"taxonomy":"category","embeddable":true,"href":"https:\/\/imagazine.it\/home_desk\/wp-json\/wp\/v2\/categories?post=64242"},{"taxonomy":"post_tag","embeddable":true,"href":"https:\/\/imagazine.it\/home_desk\/wp-json\/wp\/v2\/tags?post=64242"}],"curies":[{"name":"wp","href":"https:\/\/api.w.org\/{rel}","templated":true}]}}