{"id":64149,"date":"2025-04-03T17:51:38","date_gmt":"2025-04-03T15:51:38","guid":{"rendered":"https:\/\/imagazine.it\/home_desk\/?p=64149"},"modified":"2025-04-04T11:04:53","modified_gmt":"2025-04-04T09:04:53","slug":"ilaria-giaccari-presidente-di-vari-ed-eventuali","status":"publish","type":"post","link":"https:\/\/imagazine.it\/home_desk\/ilaria-giaccari-presidente-di-vari-ed-eventuali\/","title":{"rendered":"Ilaria Giaccari presidente di Vari ed Eventuali"},"content":{"rendered":"<p><span style=\"font-size: 10pt;\"><em>Ilaria Giaccari<\/em><\/span><\/p>\n<p>CERVIGNANO DEL FRIULI \u2013 Cambio al vertice di <strong><em>Vari ed Eventuali<\/em><\/strong>, associazione di attivit\u00e0 commerciali del comune di Cervignano del Friuli.<\/p>\n<p><strong>Ilaria Giaccari<\/strong> \u00e8 infatti la nuova presidente e succede a Eva Fabris.<\/p>\n<p>Il rinnovato direttivo \u00e8 completato da <strong>Roberto Russo<\/strong> (vicepresidente), <strong>Roberta Peressin<\/strong> (segretaria), <strong>Federica Prez<\/strong> (tesoriera) e dalle consigliere <strong>Sara Scarel<\/strong> e <strong>Laura Sartore<\/strong>.<\/p>\n<p>\u201cL\u2019obiettivo \u2013 spiega Giaccari \u2013 \u00e8 fare squadra, perch\u00e9 insieme si \u00e8 pi\u00f9 forti. Un negoziante che condivide un problema trova una soluzione, e uno che condivide un\u2019idea crea un\u2019opportunit\u00e0\u201d.<\/p>\n<p>Ancor di pi\u00f9 in una fase storica di grande sofferenza per il commercio locale: \u201cI negozi che resistono da anni \u2013 aggiunge la presidente \u2013 non sono solo vetrine, sono libri viventi di esperienza. Vogliamo che quella saggezza non vada persa, ma diventi linfa per le nuove generazioni di commercianti. Ecco perch\u00e9 puntiamo a creare rete, scambiare contatti, trovare alleati. Perch\u00e9 a volte la soluzione a un problema \u00e8 la persona seduta accanto a te. Nessun negoziante deve sentirsi solo. Insieme, siamo un distretto\u201d.<\/p>\n<figure id=\"attachment_64150\" aria-describedby=\"caption-attachment-64150\" style=\"width: 640px\" class=\"wp-caption aligncenter\"><img loading=\"lazy\" decoding=\"async\" class=\"size-large wp-image-64150\" src=\"https:\/\/imagazine.it\/wp-content\/uploads\/2025\/04\/direttivo-variEventuali-812x1024.jpeg\" alt=\"\" width=\"640\" height=\"807\" title=\"\" srcset=\"https:\/\/imagazine.it\/wp-content\/uploads\/2025\/04\/direttivo-variEventuali-812x1024.jpeg 812w, https:\/\/imagazine.it\/wp-content\/uploads\/2025\/04\/direttivo-variEventuali-238x300.jpeg 238w, https:\/\/imagazine.it\/wp-content\/uploads\/2025\/04\/direttivo-variEventuali-768x968.jpeg 768w, https:\/\/imagazine.it\/wp-content\/uploads\/2025\/04\/direttivo-variEventuali-1024x1291.jpeg 1024w, https:\/\/imagazine.it\/wp-content\/uploads\/2025\/04\/direttivo-variEventuali.jpeg 1131w\" sizes=\"auto, (max-width: 640px) 100vw, 640px\" \/><figcaption id=\"caption-attachment-64150\" class=\"wp-caption-text\">Il nuovo direttivo<\/figcaption><\/figure>\n<p>Nel 2024 le attivit\u00e0 aderenti all\u2019associazione sono state 51. \u201cNel 2020 \u2013 ricorda Giaccari \u2013 gli aderenti erano 71: il nostro obiettivo e tornare a quei numeri, coinvolgendo in modo attivo tutte le realt\u00e0 commerciali della citt\u00e0. Perch\u00e9 il commercio di vicinato, fatto di passione e legami, \u00e8 un patrimonio che vale la pena tramandare\u201d.<\/p>\n<p>Con lo sguardo al futuro e a nuove iniziative. Gi\u00e0 a partire dalla prossima edizione di <em>Terra&amp;Fiume<\/em>, con una speciale area ricreativa.<\/p>\n<p>&#8220;Vogliamo essere pi\u00f9 che un posto dove si compra e vende \u2013 conclude Giaccari \u2013. Vogliamo essere un luogo dove le persone si incontrano, si rilassano e si sentono a casa. Perch\u00e9 un negozio non vive solo di transazioni, ma di relazioni&#8221;.<\/p>\n","protected":false},"excerpt":{"rendered":"<p>Rinnovato il direttivo dell\u2019associazione di commercianti cervignanese. Roberto Russo alla vicepresidenza. Novit\u00e0 gi\u00e0 per \u201cTerra&#038;Fiume\u201d<\/p>\n","protected":false},"author":28,"featured_media":64151,"comment_status":"closed","ping_status":"closed","sticky":false,"template":"","format":"image","meta":{"dwc-title":[""],"dwc-content":[""],"footnotes":""},"categories":[5],"tags":[119,392,336],"class_list":["post-64149","post","type-post","status-publish","format-image","has-post-thumbnail","hentry","category-attualita","tag-cervignano","tag-commercio","tag-economia","post_format-post-format-image"],"rttpg_featured_image_url":{"full":["https:\/\/imagazine.it\/wp-content\/uploads\/2025\/04\/giaccari.jpeg",1366,897,false],"landscape":["https:\/\/imagazine.it\/wp-content\/uploads\/2025\/04\/giaccari.jpeg",1366,897,false],"portraits":["https:\/\/imagazine.it\/wp-content\/uploads\/2025\/04\/giaccari.jpeg",1366,897,false],"thumbnail":["https:\/\/imagazine.it\/wp-content\/uploads\/2025\/04\/giaccari-150x150.jpeg",150,150,true],"medium":["https:\/\/imagazine.it\/wp-content\/uploads\/2025\/04\/giaccari-300x197.jpeg",300,197,true],"large":["https:\/\/imagazine.it\/wp-content\/uploads\/2025\/04\/giaccari-1024x672.jpeg",640,420,true],"thumblist":["https:\/\/imagazine.it\/wp-content\/uploads\/2025\/04\/giaccari-300x300.jpeg",300,300,true],"thumbrelated":["https:\/\/imagazine.it\/wp-content\/uploads\/2025\/04\/giaccari-500x500.jpeg",500,500,true],"meccarouselthumb":["https:\/\/imagazine.it\/wp-content\/uploads\/2025\/04\/giaccari-474x324.jpeg",474,324,true],"gridsquare":["https:\/\/imagazine.it\/wp-content\/uploads\/2025\/04\/giaccari-391x260.jpeg",391,260,true],"tileview":["https:\/\/imagazine.it\/wp-content\/uploads\/2025\/04\/giaccari-300x400.jpeg",300,400,true],"1536x1536":["https:\/\/imagazine.it\/wp-content\/uploads\/2025\/04\/giaccari.jpeg",1366,897,false],"2048x2048":["https:\/\/imagazine.it\/wp-content\/uploads\/2025\/04\/giaccari.jpeg",1366,897,false],"newsup-slider-full":["https:\/\/imagazine.it\/wp-content\/uploads\/2025\/04\/giaccari-1280x720.jpeg",1280,720,true],"newsup-featured":["https:\/\/imagazine.it\/wp-content\/uploads\/2025\/04\/giaccari-1024x672.jpeg",1024,672,true],"newsup-medium":["https:\/\/imagazine.it\/wp-content\/uploads\/2025\/04\/giaccari-720x380.jpeg",720,380,true],"tptn_thumbnail":["https:\/\/imagazine.it\/wp-content\/uploads\/2025\/04\/giaccari-250x210.jpeg",250,210,true],"sow-carousel-default":["https:\/\/imagazine.it\/wp-content\/uploads\/2025\/04\/giaccari-272x182.jpeg",272,182,true]},"rttpg_author":{"display_name":"redazione","author_link":"https:\/\/imagazine.it\/home_desk\/author\/redazione\/"},"rttpg_comment":0,"rttpg_category":"<a href=\"https:\/\/imagazine.it\/home_desk\/category\/attualita\/\" rel=\"category tag\">ATTUALIT\u00c0<\/a>","rttpg_excerpt":"Rinnovato il direttivo dell\u2019associazione di commercianti cervignanese. Roberto Russo alla vicepresidenza. Novit\u00e0 gi\u00e0 per \u201cTerra&Fiume\u201d","_links":{"self":[{"href":"https:\/\/imagazine.it\/home_desk\/wp-json\/wp\/v2\/posts\/64149","targetHints":{"allow":["GET"]}}],"collection":[{"href":"https:\/\/imagazine.it\/home_desk\/wp-json\/wp\/v2\/posts"}],"about":[{"href":"https:\/\/imagazine.it\/home_desk\/wp-json\/wp\/v2\/types\/post"}],"author":[{"embeddable":true,"href":"https:\/\/imagazine.it\/home_desk\/wp-json\/wp\/v2\/users\/28"}],"replies":[{"embeddable":true,"href":"https:\/\/imagazine.it\/home_desk\/wp-json\/wp\/v2\/comments?post=64149"}],"version-history":[{"count":0,"href":"https:\/\/imagazine.it\/home_desk\/wp-json\/wp\/v2\/posts\/64149\/revisions"}],"wp:featuredmedia":[{"embeddable":true,"href":"https:\/\/imagazine.it\/home_desk\/wp-json\/wp\/v2\/media\/64151"}],"wp:attachment":[{"href":"https:\/\/imagazine.it\/home_desk\/wp-json\/wp\/v2\/media?parent=64149"}],"wp:term":[{"taxonomy":"category","embeddable":true,"href":"https:\/\/imagazine.it\/home_desk\/wp-json\/wp\/v2\/categories?post=64149"},{"taxonomy":"post_tag","embeddable":true,"href":"https:\/\/imagazine.it\/home_desk\/wp-json\/wp\/v2\/tags?post=64149"}],"curies":[{"name":"wp","href":"https:\/\/api.w.org\/{rel}","templated":true}]}}