{"id":64123,"date":"2025-04-02T18:58:32","date_gmt":"2025-04-02T16:58:32","guid":{"rendered":"https:\/\/imagazine.it\/home_desk\/?p=64123"},"modified":"2025-04-03T17:19:34","modified_gmt":"2025-04-03T15:19:34","slug":"pallacanestro-trieste-conferma-laddio-a-jamion-christian","status":"publish","type":"post","link":"https:\/\/imagazine.it\/home_desk\/pallacanestro-trieste-conferma-laddio-a-jamion-christian\/","title":{"rendered":"Pallacanestro Trieste conferma l&#8217;addio a Jamion Christian"},"content":{"rendered":"<p><span style=\"font-size: 10pt;\"><em>Da sinistra Jamion Christian e Michael Arcieri<\/em><\/span><\/p>\n<p>TRIESTE \u2013 <strong>Jamion Christian<\/strong> non sar\u00e0 pi\u00f9 l\u2019allenatore di <strong>Pallacanestro Trieste<\/strong> al termine di questa stagione.<\/p>\n<p>Ad annunciarlo \u00e8 la societ\u00e0 giuliana, attraverso un comunicato in cui \u201cprende atto e sostiene\u201d la decisione del coach di fare ritorno negli Stati Uniti al termine della stagione 2024-25.<\/p>\n<p>Christian sar\u00e0 l&#8217;allenatore capo della Bryant University nella NCAA a partire dalla stagione 2025-26.<\/p>\n<p><em>&#8220;La decisione di Jamion\u00a0di ricongiungersi con la sua famiglia negli Stati Uniti e di proseguire la sua carriera di allenatore nella NCAA dalla prossima stagione \u2013 <\/em>il commento del\u00a0general manager<strong>\u00a0<\/strong>biancorosso<strong>\u00a0Michael Arcieri<\/strong><em>\u00a0\u2013 \u00e8 stata oggetto di discussioni aperte e riceve il nostro incondizionato supporto. L\u2019opportunit\u00e0 per lui di fare ci\u00f2 che ama con la sua famiglia al suo fianco \u00e8 un vero dono. L&#8217;impegno incrollabile di Jamion\u00a0nei confronti della Pallacanestro Trieste per questa speciale stagione 2024-25 \u00e8 pi\u00f9 forte che mai, mentre ci avviciniamo ai mesi pi\u00f9 importanti ed entusiasmanti&#8221;.<\/em><\/p>\n<p><em>&#8220;La famiglia \u00e8 il tessuto che ci lega, ci completa \u2013\u00a0<\/em>ha dichiarato\u00a0<strong>Paul Matiasic<\/strong>, presidente e proprietario della Pallacanestro Trieste\u00a0<em>\u2013. Pertanto, siamo pienamente solidali e molto felici per la famiglia Christian che il prossimo passo nel percorso di allenatore di Jamion\u00a0lo riporter\u00e0 a casa negli Stati Uniti, circondato dal calore dei suoi cari. Il contributo di Jamion\u00a0alla nostra organizzazione \u00e8 sostanziale e continuo. Rimaniamo fermi nella nostra ricerca dell&#8217;eccellenza in questa stagione e oltre&#8221;.<\/em><\/p>\n","protected":false},"excerpt":{"rendered":"<p>Il coach terminer\u00e0 la sua esperienza in biancorosso al termine di questa stagione. Lo aspetta il ritorno negli USA nel basket NCAA<\/p>\n","protected":false},"author":28,"featured_media":64124,"comment_status":"closed","ping_status":"closed","sticky":false,"template":"","format":"image","meta":{"dwc-title":[""],"dwc-content":[""],"footnotes":""},"categories":[38],"tags":[255,2887,1103,65],"class_list":["post-64123","post","type-post","status-publish","format-image","has-post-thumbnail","hentry","category-sport","tag-basket","tag-christian","tag-pallacanestro","tag-trieste","post_format-post-format-image"],"rttpg_featured_image_url":{"full":["https:\/\/imagazine.it\/wp-content\/uploads\/2025\/04\/OKpost-derby.jpg",1366,719,false],"landscape":["https:\/\/imagazine.it\/wp-content\/uploads\/2025\/04\/OKpost-derby.jpg",1366,719,false],"portraits":["https:\/\/imagazine.it\/wp-content\/uploads\/2025\/04\/OKpost-derby.jpg",1366,719,false],"thumbnail":["https:\/\/imagazine.it\/wp-content\/uploads\/2025\/04\/OKpost-derby-150x150.jpg",150,150,true],"medium":["https:\/\/imagazine.it\/wp-content\/uploads\/2025\/04\/OKpost-derby-300x158.jpg",300,158,true],"large":["https:\/\/imagazine.it\/wp-content\/uploads\/2025\/04\/OKpost-derby-1024x539.jpg",640,337,true],"thumblist":["https:\/\/imagazine.it\/wp-content\/uploads\/2025\/04\/OKpost-derby-300x300.jpg",300,300,true],"thumbrelated":["https:\/\/imagazine.it\/wp-content\/uploads\/2025\/04\/OKpost-derby-500x500.jpg",500,500,true],"meccarouselthumb":["https:\/\/imagazine.it\/wp-content\/uploads\/2025\/04\/OKpost-derby-474x324.jpg",474,324,true],"gridsquare":["https:\/\/imagazine.it\/wp-content\/uploads\/2025\/04\/OKpost-derby-391x260.jpg",391,260,true],"tileview":["https:\/\/imagazine.it\/wp-content\/uploads\/2025\/04\/OKpost-derby-300x400.jpg",300,400,true],"1536x1536":["https:\/\/imagazine.it\/wp-content\/uploads\/2025\/04\/OKpost-derby.jpg",1366,719,false],"2048x2048":["https:\/\/imagazine.it\/wp-content\/uploads\/2025\/04\/OKpost-derby.jpg",1366,719,false],"newsup-slider-full":["https:\/\/imagazine.it\/wp-content\/uploads\/2025\/04\/OKpost-derby-1280x719.jpg",1280,719,true],"newsup-featured":["https:\/\/imagazine.it\/wp-content\/uploads\/2025\/04\/OKpost-derby-1024x539.jpg",1024,539,true],"newsup-medium":["https:\/\/imagazine.it\/wp-content\/uploads\/2025\/04\/OKpost-derby-720x380.jpg",720,380,true],"tptn_thumbnail":["https:\/\/imagazine.it\/wp-content\/uploads\/2025\/04\/OKpost-derby-250x210.jpg",250,210,true],"sow-carousel-default":["https:\/\/imagazine.it\/wp-content\/uploads\/2025\/04\/OKpost-derby-272x182.jpg",272,182,true]},"rttpg_author":{"display_name":"redazione","author_link":"https:\/\/imagazine.it\/home_desk\/author\/redazione\/"},"rttpg_comment":0,"rttpg_category":"<a href=\"https:\/\/imagazine.it\/home_desk\/category\/sport\/\" rel=\"category tag\">SPORT<\/a>","rttpg_excerpt":"Il coach terminer\u00e0 la sua esperienza in biancorosso al termine di questa stagione. Lo aspetta il ritorno negli USA nel basket NCAA","_links":{"self":[{"href":"https:\/\/imagazine.it\/home_desk\/wp-json\/wp\/v2\/posts\/64123","targetHints":{"allow":["GET"]}}],"collection":[{"href":"https:\/\/imagazine.it\/home_desk\/wp-json\/wp\/v2\/posts"}],"about":[{"href":"https:\/\/imagazine.it\/home_desk\/wp-json\/wp\/v2\/types\/post"}],"author":[{"embeddable":true,"href":"https:\/\/imagazine.it\/home_desk\/wp-json\/wp\/v2\/users\/28"}],"replies":[{"embeddable":true,"href":"https:\/\/imagazine.it\/home_desk\/wp-json\/wp\/v2\/comments?post=64123"}],"version-history":[{"count":0,"href":"https:\/\/imagazine.it\/home_desk\/wp-json\/wp\/v2\/posts\/64123\/revisions"}],"wp:featuredmedia":[{"embeddable":true,"href":"https:\/\/imagazine.it\/home_desk\/wp-json\/wp\/v2\/media\/64124"}],"wp:attachment":[{"href":"https:\/\/imagazine.it\/home_desk\/wp-json\/wp\/v2\/media?parent=64123"}],"wp:term":[{"taxonomy":"category","embeddable":true,"href":"https:\/\/imagazine.it\/home_desk\/wp-json\/wp\/v2\/categories?post=64123"},{"taxonomy":"post_tag","embeddable":true,"href":"https:\/\/imagazine.it\/home_desk\/wp-json\/wp\/v2\/tags?post=64123"}],"curies":[{"name":"wp","href":"https:\/\/api.w.org\/{rel}","templated":true}]}}