{"id":64042,"date":"2025-03-31T16:41:35","date_gmt":"2025-03-31T14:41:35","guid":{"rendered":"https:\/\/imagazine.it\/home_desk\/?p=64042"},"modified":"2025-04-01T11:49:53","modified_gmt":"2025-04-01T09:49:53","slug":"ritmica-argento-friulano-al-grand-prix-di-thiais","status":"publish","type":"post","link":"https:\/\/imagazine.it\/home_desk\/ritmica-argento-friulano-al-grand-prix-di-thiais\/","title":{"rendered":"Ritmica: argento friulano al Grand Prix di Thiais"},"content":{"rendered":"<p><span style=\"font-size: 10pt;\"><em>Tara Draga\u0161, a sinistra, sul podio (\u00a9 Ulrich Fassbender)<\/em><\/span><\/p>\n<p>UDINE \u2013 Con un punteggio totale di 108.252, <strong>Tara Draga\u0161<\/strong>, neo diciottenne ginnasta dell&#8217;<strong>Associazione<\/strong> <strong>Sportiva Udinese &#8211; ASU<\/strong>, ha incantato il pubblico del Grand Prix di Thiais 2025 conquistando la medaglia d&#8217;argento.<\/p>\n<p>Unica italiana presente in questa gara di ginnastica ritmica, la stellina bianconera \u00e8 stata superata solo dall\u2019ucraina Taisiia Onofriichuk che ha chiuso il concorso generale con 115.251 punti.<\/p>\n<p>Terzo posto per l\u2019altra ucraina, Polina Karika, con 107.301.<\/p>\n<p>\u00ab<em>Bravissima Tara<\/em> \u2013 ha commentato il presidente dell&#8217;ASU, <strong>Alessandro Nutta<\/strong> \u2013. <em>Questi risultati sono frutto del lavoro, dalla determinazione, dell\u2019impegno e della passione di Tara<\/em>\u00bb.<\/p>\n<p>\u00ab<em>Sono felice <\/em>\u2013 ha dichiarato l&#8217;allenatrice, <strong>Spela Draga\u0161<\/strong> \u2013<em> perch\u00e8 Tara \u00e8 riuscita a portare in pedana ci\u00f2 che noi vediamo tutti i giorni durante gli allenamenti. \u00c8 competitiva anche in campo internazionale<\/em>\u00bb.<\/p>\n<p>\u00ab<em>Un esercizio dopo l\u2019altro <\/em>\u2013 ha analizzato la gara l&#8217;allenatrice \u2013 <em>\u00e8 cresciuta. Dal cerchio (26,034) alla palla (26,017), dalla palla alle clavette (27,967), ha chiuso in bellezza con il nastro (28,234), attrezzo nel quale \u00e8 stata perfetta e magistrale e dove ha maturato un punteggio di solo 0,10 inferiore a Onofriichuk. Nelle finali, carica di queste prime prove, \u00e8 partita stanca ma consapevole e questo le ha consentito di raggiungere il secondo gradino pi\u00f9 alto del podio<\/em>\u00bb.<\/p>\n","protected":false},"excerpt":{"rendered":"<p>Tara Draga\u0161, ginnasta dell&#8217;ASU Udine e unica italiana in gara, ha incantato il pubblico francese. Davanti a lei solo l\u2019ucraina Onofriichuk <\/p>\n","protected":false},"author":28,"featured_media":64043,"comment_status":"closed","ping_status":"closed","sticky":false,"template":"","format":"image","meta":{"dwc-title":[""],"dwc-content":[""],"footnotes":""},"categories":[38],"tags":[477,476,475,101],"class_list":["post-64042","post","type-post","status-publish","format-image","has-post-thumbnail","hentry","category-sport","tag-asu","tag-ginnastica","tag-ritmica","tag-udine","post_format-post-format-image"],"rttpg_featured_image_url":{"full":["https:\/\/imagazine.it\/wp-content\/uploads\/2025\/03\/GP_Thais_2025_ulrich_fassbender.jpeg",1366,868,false],"landscape":["https:\/\/imagazine.it\/wp-content\/uploads\/2025\/03\/GP_Thais_2025_ulrich_fassbender.jpeg",1366,868,false],"portraits":["https:\/\/imagazine.it\/wp-content\/uploads\/2025\/03\/GP_Thais_2025_ulrich_fassbender.jpeg",1366,868,false],"thumbnail":["https:\/\/imagazine.it\/wp-content\/uploads\/2025\/03\/GP_Thais_2025_ulrich_fassbender-150x150.jpeg",150,150,true],"medium":["https:\/\/imagazine.it\/wp-content\/uploads\/2025\/03\/GP_Thais_2025_ulrich_fassbender-300x191.jpeg",300,191,true],"large":["https:\/\/imagazine.it\/wp-content\/uploads\/2025\/03\/GP_Thais_2025_ulrich_fassbender-1024x651.jpeg",640,407,true],"thumblist":["https:\/\/imagazine.it\/wp-content\/uploads\/2025\/03\/GP_Thais_2025_ulrich_fassbender-300x300.jpeg",300,300,true],"thumbrelated":["https:\/\/imagazine.it\/wp-content\/uploads\/2025\/03\/GP_Thais_2025_ulrich_fassbender-500x500.jpeg",500,500,true],"meccarouselthumb":["https:\/\/imagazine.it\/wp-content\/uploads\/2025\/03\/GP_Thais_2025_ulrich_fassbender-474x324.jpeg",474,324,true],"gridsquare":["https:\/\/imagazine.it\/wp-content\/uploads\/2025\/03\/GP_Thais_2025_ulrich_fassbender-391x260.jpeg",391,260,true],"tileview":["https:\/\/imagazine.it\/wp-content\/uploads\/2025\/03\/GP_Thais_2025_ulrich_fassbender-300x400.jpeg",300,400,true],"1536x1536":["https:\/\/imagazine.it\/wp-content\/uploads\/2025\/03\/GP_Thais_2025_ulrich_fassbender.jpeg",1366,868,false],"2048x2048":["https:\/\/imagazine.it\/wp-content\/uploads\/2025\/03\/GP_Thais_2025_ulrich_fassbender.jpeg",1366,868,false],"newsup-slider-full":["https:\/\/imagazine.it\/wp-content\/uploads\/2025\/03\/GP_Thais_2025_ulrich_fassbender-1280x720.jpeg",1280,720,true],"newsup-featured":["https:\/\/imagazine.it\/wp-content\/uploads\/2025\/03\/GP_Thais_2025_ulrich_fassbender-1024x651.jpeg",1024,651,true],"newsup-medium":["https:\/\/imagazine.it\/wp-content\/uploads\/2025\/03\/GP_Thais_2025_ulrich_fassbender-720x380.jpeg",720,380,true],"tptn_thumbnail":["https:\/\/imagazine.it\/wp-content\/uploads\/2025\/03\/GP_Thais_2025_ulrich_fassbender-250x210.jpeg",250,210,true],"sow-carousel-default":["https:\/\/imagazine.it\/wp-content\/uploads\/2025\/03\/GP_Thais_2025_ulrich_fassbender-272x182.jpeg",272,182,true]},"rttpg_author":{"display_name":"redazione","author_link":"https:\/\/imagazine.it\/home_desk\/author\/redazione\/"},"rttpg_comment":0,"rttpg_category":"<a href=\"https:\/\/imagazine.it\/home_desk\/category\/sport\/\" rel=\"category tag\">SPORT<\/a>","rttpg_excerpt":"Tara Draga\u0161, ginnasta dell'ASU Udine e unica italiana in gara, ha incantato il pubblico francese. Davanti a lei solo l\u2019ucraina Onofriichuk","_links":{"self":[{"href":"https:\/\/imagazine.it\/home_desk\/wp-json\/wp\/v2\/posts\/64042","targetHints":{"allow":["GET"]}}],"collection":[{"href":"https:\/\/imagazine.it\/home_desk\/wp-json\/wp\/v2\/posts"}],"about":[{"href":"https:\/\/imagazine.it\/home_desk\/wp-json\/wp\/v2\/types\/post"}],"author":[{"embeddable":true,"href":"https:\/\/imagazine.it\/home_desk\/wp-json\/wp\/v2\/users\/28"}],"replies":[{"embeddable":true,"href":"https:\/\/imagazine.it\/home_desk\/wp-json\/wp\/v2\/comments?post=64042"}],"version-history":[{"count":0,"href":"https:\/\/imagazine.it\/home_desk\/wp-json\/wp\/v2\/posts\/64042\/revisions"}],"wp:featuredmedia":[{"embeddable":true,"href":"https:\/\/imagazine.it\/home_desk\/wp-json\/wp\/v2\/media\/64043"}],"wp:attachment":[{"href":"https:\/\/imagazine.it\/home_desk\/wp-json\/wp\/v2\/media?parent=64042"}],"wp:term":[{"taxonomy":"category","embeddable":true,"href":"https:\/\/imagazine.it\/home_desk\/wp-json\/wp\/v2\/categories?post=64042"},{"taxonomy":"post_tag","embeddable":true,"href":"https:\/\/imagazine.it\/home_desk\/wp-json\/wp\/v2\/tags?post=64042"}],"curies":[{"name":"wp","href":"https:\/\/api.w.org\/{rel}","templated":true}]}}