{"id":64013,"date":"2025-03-28T16:44:42","date_gmt":"2025-03-28T15:44:42","guid":{"rendered":"https:\/\/imagazine.it\/home_desk\/?p=64013"},"modified":"2025-03-28T16:44:42","modified_gmt":"2025-03-28T15:44:42","slug":"francesco-carbonera-nuovo-presidente-della-miossport","status":"publish","type":"post","link":"https:\/\/imagazine.it\/home_desk\/francesco-carbonera-nuovo-presidente-della-miossport\/","title":{"rendered":"Francesco Carbonera nuovo presidente della MIOSSPORT"},"content":{"rendered":"<p><span style=\"font-size: 10pt;\"><em>Il neo presidente Carbonera (seduto in centro) con dirigenti e tecnici MIOSSPORT<\/em><\/span><\/p>\n<p>CERVIGNANO DEL FRIULI \u2013 <strong>Francesco Carbonera<\/strong> \u00e8 il nuovo presidente dell\u2019Associazione Sportiva Dilettantistica <strong>MIOSSPORT<\/strong>.<\/p>\n<p>Una realt\u00e0 dedita alla Pesistica Olimpica, Paralimpica e alla preparazione fisica con i sovraccarichi che quest\u2019anno ha compiuto 40 anni di attivit\u00e0.<\/p>\n<p>Venne infatti fondata il 16 gennaio 1985 da <strong>Fabiano Blasutig<\/strong>, <strong>Rossano Chiarotto<\/strong>, <strong>Marisa Colussi<\/strong>, <strong>Ernesto Zanetti<\/strong> e dal <strong>compianto Giancarlo Roppa<\/strong>.<\/p>\n<p>L&#8217;assemblea elettiva, riunitasi mercoled\u00ec per il rinnovo delle cariche sociali per il quadriennio 2025-2028, ha visto il &#8220;<strong>past president<\/strong>&#8221; Ernesto Zanetti, in carica dal 2009, passare la mano a Francesco Carbonera.<\/p>\n<p>Zanetti ha sottolineato l&#8217;importanza di un cambio generazionale per affrontare le nuove sfide, lasciando un&#8217;associazione solida e con bilanci in ordine. Ha inoltre ringraziato Marisa Colussi, prima presidente, per aver guidato l&#8217;associazione verso prestigiosi risultati, in particolare nella pesistica femminile.<\/p>\n<p>Si \u00e8 infine espresso in un ringraziamento anche ai direttori tecnici <strong>Ilaria Viglietti<\/strong> e <strong>Sante Leontino<\/strong>, e al socio fondatore Rossano Chiarotto per il loro contributo.<\/p>\n<p>Il neo presidente Carbonera ha spiegato che il nuovo quadriennio olimpico si presenta come un&#8217;opportunit\u00e0 di consolidamento nel panorama della pesistica italiana. L&#8217;obiettivo principale \u00e8 il <strong>potenziamento dell&#8217;attivit\u00e0 giovanile<\/strong>, attraverso progetti scolastici supportati da Sport e Salute e dal Ministero dell&#8217;Istruzione e del Merito (M.I.M.). Si mira inoltre ad accrescere la visibilit\u00e0 nel territorio dell&#8217;Agro Aquileiese.<\/p>\n<p>Dopo anni, si torner\u00e0 ad organizzare una competizione nel palazzetto: la <strong>qualificazione alle Finali Nazionali dei Campionati Italiani di Para Powerlifting &amp; Assoluti di Bench Press <\/strong>il 6 aprile, con circa 40 atleti.<\/p>\n<p>Oltre all&#8217;attivit\u00e0 sportiva, si interverr\u00e0 a livello fiscale, sfruttando le opportunit\u00e0 della riforma dello sport.<\/p>\n<p>L&#8217;associazione vanta un ricco palmar\u00e8s, con numerosi titoli italiani, regionali e medaglie europee. Nel quadriennio 2020-2024, la MIOSSPORT si \u00e8 classificata al 5\u00b0 posto nella classifica nazionale FIPE (3\u00b0 posto tra le associazioni escludendo i Gruppi Sportivi).<\/p>\n<figure id=\"attachment_64015\" aria-describedby=\"caption-attachment-64015\" style=\"width: 640px\" class=\"wp-caption aligncenter\"><img loading=\"lazy\" decoding=\"async\" class=\"size-large wp-image-64015\" src=\"https:\/\/imagazine.it\/wp-content\/uploads\/2025\/03\/mio-sport01-1024x576.jpg\" alt=\"\" width=\"640\" height=\"360\" title=\"\" srcset=\"https:\/\/imagazine.it\/wp-content\/uploads\/2025\/03\/mio-sport01-1024x576.jpg 1024w, https:\/\/imagazine.it\/wp-content\/uploads\/2025\/03\/mio-sport01-300x169.jpg 300w, https:\/\/imagazine.it\/wp-content\/uploads\/2025\/03\/mio-sport01-768x432.jpg 768w, https:\/\/imagazine.it\/wp-content\/uploads\/2025\/03\/mio-sport01-1536x864.jpg 1536w, https:\/\/imagazine.it\/wp-content\/uploads\/2025\/03\/mio-sport01-1280x720.jpg 1280w, https:\/\/imagazine.it\/wp-content\/uploads\/2025\/03\/mio-sport01.jpg 1920w\" sizes=\"auto, (max-width: 640px) 100vw, 640px\" \/><figcaption id=\"caption-attachment-64015\" class=\"wp-caption-text\">Il nuovo direttivo: da sinistra Longhin, Tittoto, Carbonera, Incandela, Pellizzari, Trombini<\/figcaption><\/figure>\n<p>Il neo presidente Carbonera sar\u00e0 supportato dal Consiglio direttivo composto dal vicepresidente <strong>Luca Tittoto<\/strong> e dai consiglieri <strong>Giuseppe Incandela<\/strong> e <strong>Sara Trombini<\/strong> (entrambi rappresentante dei tecnici), <strong>Luigi Longhin<\/strong> e <strong>Riccardo Pellizzari<\/strong>.<\/p>\n<p><strong>Ernesto Zanetti<\/strong> ricoprir\u00e0 il ruolo di segretario, a supporto dei tecnici <strong>Rossano Chiarotto<\/strong> (settore giovanile), <strong>Aldo Balistreri<\/strong> e <strong>Riccardo Tittoto<\/strong>.<\/p>\n","protected":false},"excerpt":{"rendered":"<p>Succede a Ernesto Zanetti nell&#8217;anno del 40esimo di fondazione dell&#8217;associazione. Il 6 aprile evento nazionale a Cervignano<\/p>\n","protected":false},"author":22,"featured_media":64014,"comment_status":"closed","ping_status":"closed","sticky":false,"template":"","format":"image","meta":{"dwc-title":[""],"dwc-content":[""],"footnotes":""},"categories":[38],"tags":[119,2876,2875],"class_list":["post-64013","post","type-post","status-publish","format-image","has-post-thumbnail","hentry","category-sport","tag-cervignano","tag-miossport","tag-pesistica","post_format-post-format-image"],"rttpg_featured_image_url":{"full":["https:\/\/imagazine.it\/wp-content\/uploads\/2025\/03\/mio-sport02.jpg",1366,680,false],"landscape":["https:\/\/imagazine.it\/wp-content\/uploads\/2025\/03\/mio-sport02.jpg",1366,680,false],"portraits":["https:\/\/imagazine.it\/wp-content\/uploads\/2025\/03\/mio-sport02.jpg",1366,680,false],"thumbnail":["https:\/\/imagazine.it\/wp-content\/uploads\/2025\/03\/mio-sport02-150x150.jpg",150,150,true],"medium":["https:\/\/imagazine.it\/wp-content\/uploads\/2025\/03\/mio-sport02-300x149.jpg",300,149,true],"large":["https:\/\/imagazine.it\/wp-content\/uploads\/2025\/03\/mio-sport02-1024x510.jpg",640,319,true],"thumblist":["https:\/\/imagazine.it\/wp-content\/uploads\/2025\/03\/mio-sport02-300x300.jpg",300,300,true],"thumbrelated":["https:\/\/imagazine.it\/wp-content\/uploads\/2025\/03\/mio-sport02-500x500.jpg",500,500,true],"meccarouselthumb":["https:\/\/imagazine.it\/wp-content\/uploads\/2025\/03\/mio-sport02-474x324.jpg",474,324,true],"gridsquare":["https:\/\/imagazine.it\/wp-content\/uploads\/2025\/03\/mio-sport02-391x260.jpg",391,260,true],"tileview":["https:\/\/imagazine.it\/wp-content\/uploads\/2025\/03\/mio-sport02-300x400.jpg",300,400,true],"1536x1536":["https:\/\/imagazine.it\/wp-content\/uploads\/2025\/03\/mio-sport02.jpg",1366,680,false],"2048x2048":["https:\/\/imagazine.it\/wp-content\/uploads\/2025\/03\/mio-sport02.jpg",1366,680,false],"newsup-slider-full":["https:\/\/imagazine.it\/wp-content\/uploads\/2025\/03\/mio-sport02-1280x680.jpg",1280,680,true],"newsup-featured":["https:\/\/imagazine.it\/wp-content\/uploads\/2025\/03\/mio-sport02-1024x510.jpg",1024,510,true],"newsup-medium":["https:\/\/imagazine.it\/wp-content\/uploads\/2025\/03\/mio-sport02-720x380.jpg",720,380,true],"tptn_thumbnail":["https:\/\/imagazine.it\/wp-content\/uploads\/2025\/03\/mio-sport02-250x210.jpg",250,210,true],"sow-carousel-default":["https:\/\/imagazine.it\/wp-content\/uploads\/2025\/03\/mio-sport02-272x182.jpg",272,182,true]},"rttpg_author":{"display_name":"Livio Nonis","author_link":"https:\/\/imagazine.it\/home_desk\/author\/nonis\/"},"rttpg_comment":0,"rttpg_category":"<a href=\"https:\/\/imagazine.it\/home_desk\/category\/sport\/\" rel=\"category tag\">SPORT<\/a>","rttpg_excerpt":"Succede a Ernesto Zanetti nell'anno del 40esimo di fondazione dell'associazione. Il 6 aprile evento nazionale a Cervignano","_links":{"self":[{"href":"https:\/\/imagazine.it\/home_desk\/wp-json\/wp\/v2\/posts\/64013","targetHints":{"allow":["GET"]}}],"collection":[{"href":"https:\/\/imagazine.it\/home_desk\/wp-json\/wp\/v2\/posts"}],"about":[{"href":"https:\/\/imagazine.it\/home_desk\/wp-json\/wp\/v2\/types\/post"}],"author":[{"embeddable":true,"href":"https:\/\/imagazine.it\/home_desk\/wp-json\/wp\/v2\/users\/22"}],"replies":[{"embeddable":true,"href":"https:\/\/imagazine.it\/home_desk\/wp-json\/wp\/v2\/comments?post=64013"}],"version-history":[{"count":0,"href":"https:\/\/imagazine.it\/home_desk\/wp-json\/wp\/v2\/posts\/64013\/revisions"}],"wp:featuredmedia":[{"embeddable":true,"href":"https:\/\/imagazine.it\/home_desk\/wp-json\/wp\/v2\/media\/64014"}],"wp:attachment":[{"href":"https:\/\/imagazine.it\/home_desk\/wp-json\/wp\/v2\/media?parent=64013"}],"wp:term":[{"taxonomy":"category","embeddable":true,"href":"https:\/\/imagazine.it\/home_desk\/wp-json\/wp\/v2\/categories?post=64013"},{"taxonomy":"post_tag","embeddable":true,"href":"https:\/\/imagazine.it\/home_desk\/wp-json\/wp\/v2\/tags?post=64013"}],"curies":[{"name":"wp","href":"https:\/\/api.w.org\/{rel}","templated":true}]}}