{"id":63996,"date":"2025-03-28T10:09:34","date_gmt":"2025-03-28T09:09:34","guid":{"rendered":"https:\/\/imagazine.it\/home_desk\/?p=63996"},"modified":"2025-03-28T10:09:34","modified_gmt":"2025-03-28T09:09:34","slug":"su-auto-rubata-con-passamontagna-e-arnesi-occultati-arrestato","status":"publish","type":"post","link":"https:\/\/imagazine.it\/home_desk\/su-auto-rubata-con-passamontagna-e-arnesi-occultati-arrestato\/","title":{"rendered":"Su auto rubata con passamontagna e arnesi occultati: arrestato"},"content":{"rendered":"<p>GORIZIA \u2013 Durante la notte dello scorso 14 marzo, la <strong>Polizia di Stato<\/strong> ha arrestato in flagranza un cittadino sloveno, classe 1996, per aver falsamente declinato le proprie generalit\u00e0 ai pubblici ufficiali.<\/p>\n<p>Il fermato \u00e8 stato inoltre indagato a piede libero, assieme al presunto complice e concittadino trentanovenne, poich\u00e9 trovati a bordo di un\u2019autovettura rubata con all\u2019interno diversi oggetti atti a offendere.<\/p>\n<p>Transitando in via Duca d\u2019Aosta, la Squadra Volante della Questura di Gorizia aveva notato la presenza di due persone che hanno insospettito i poliziotti: una nei pressi di un\u2019autovettura in sosta, con targa straniera, intenta a osservare le abitazioni, l\u2019altra sui sedili posteriori dell\u2019auto.<\/p>\n<p>Avvicinati dagli agenti per un controllo, uno dei due si \u00e8 dimostrato da subito particolarmente nervoso e per niente collaborativo, fornendo generalit\u00e0 poi rivelatesi false.<\/p>\n<h3>La perquisizione<\/h3>\n<p>In considerazione dell\u2019ingiustificato atteggiamento dell\u2019uomo e del suo tentativo di indurre in errore gli operatori, questi, riscontrando anche nell\u2019immediatezza che la Daewoo Matiz sulla quale si muovevano risultava essere oggetto di furto, gi\u00e0 denunciato dal proprietario, hanno proceduto alla perquisizione personale dei due uomini, estendendola al veicolo.<\/p>\n<p>Occultati all\u2019interno di due zaini sono stati rinvenuti dei passamontagna, guanti, una smerigliatrice angolare (flex), un manganello, un coltello, delle pinze, un taglierino, delle torce, cacciaviti e chiavi da lavoro di diversa misura.<\/p>\n<p>Tutto il materiale e l\u2019autovettura sono stati posti sotto sequestro.<\/p>\n<p><img loading=\"lazy\" decoding=\"async\" class=\"aligncenter size-full wp-image-63998\" src=\"https:\/\/imagazine.it\/wp-content\/uploads\/2025\/03\/Foto-1.jpg\" alt=\"\" width=\"800\" height=\"702\" title=\"\" srcset=\"https:\/\/imagazine.it\/wp-content\/uploads\/2025\/03\/Foto-1.jpg 800w, https:\/\/imagazine.it\/wp-content\/uploads\/2025\/03\/Foto-1-300x263.jpg 300w, https:\/\/imagazine.it\/wp-content\/uploads\/2025\/03\/Foto-1-768x674.jpg 768w\" sizes=\"auto, (max-width: 800px) 100vw, 800px\" \/><\/p>\n<h3>I provvedimenti<\/h3>\n<p>Alla luce di quanto emerso, il cittadino sloveno, a cui \u00e8 stata anche notificata la misura di prevenzione del divieto di ritorno nel Comune di Gorizia, \u00e8 stato tratto in arresto e associato alla locale Casa Circondariale \u201cBigazzi\u201d per essere posto a disposizione dell\u2019Autorit\u00e0 Giudiziaria.<\/p>\n<p>In seguito, il Giudice per le indagini preliminari del Tribunale di Gorizia ha convalidato l\u2019arresto e disposto la misura cautelare del divieto di dimora in tutta la Regione Friuli Venezia Giulia.<\/p>\n<p>Al termine delle attivit\u00e0, il presunto complice \u00e8 stato denunciato a piede libero per ricettazione e porto di armi o oggetti atti a offendere ed \u00e8 stato avviato il procedimento per l\u2019irrogazione del provvedimento del Questore del divieto di ritorno nel Comune di Gorizia.<\/p>\n","protected":false},"excerpt":{"rendered":"<p>Fermato dalla polizia in via Duca d&#8217;Aosta a Gorizia, assieme a un presunto complice. Fornite anche false generalit\u00e0<\/p>\n","protected":false},"author":28,"featured_media":63997,"comment_status":"closed","ping_status":"closed","sticky":false,"template":"","format":"image","meta":{"dwc-title":[""],"dwc-content":[""],"footnotes":""},"categories":[5],"tags":[43,541,534],"class_list":["post-63996","post","type-post","status-publish","format-image","has-post-thumbnail","hentry","category-attualita","tag-gorizia","tag-polizia","tag-sicurezza","post_format-post-format-image"],"rttpg_featured_image_url":{"full":["https:\/\/imagazine.it\/wp-content\/uploads\/2025\/03\/Foto-2.jpg",1366,753,false],"landscape":["https:\/\/imagazine.it\/wp-content\/uploads\/2025\/03\/Foto-2.jpg",1366,753,false],"portraits":["https:\/\/imagazine.it\/wp-content\/uploads\/2025\/03\/Foto-2.jpg",1366,753,false],"thumbnail":["https:\/\/imagazine.it\/wp-content\/uploads\/2025\/03\/Foto-2-150x150.jpg",150,150,true],"medium":["https:\/\/imagazine.it\/wp-content\/uploads\/2025\/03\/Foto-2-300x165.jpg",300,165,true],"large":["https:\/\/imagazine.it\/wp-content\/uploads\/2025\/03\/Foto-2-1024x564.jpg",640,353,true],"thumblist":["https:\/\/imagazine.it\/wp-content\/uploads\/2025\/03\/Foto-2-300x300.jpg",300,300,true],"thumbrelated":["https:\/\/imagazine.it\/wp-content\/uploads\/2025\/03\/Foto-2-500x500.jpg",500,500,true],"meccarouselthumb":["https:\/\/imagazine.it\/wp-content\/uploads\/2025\/03\/Foto-2-474x324.jpg",474,324,true],"gridsquare":["https:\/\/imagazine.it\/wp-content\/uploads\/2025\/03\/Foto-2-391x260.jpg",391,260,true],"tileview":["https:\/\/imagazine.it\/wp-content\/uploads\/2025\/03\/Foto-2-300x400.jpg",300,400,true],"1536x1536":["https:\/\/imagazine.it\/wp-content\/uploads\/2025\/03\/Foto-2.jpg",1366,753,false],"2048x2048":["https:\/\/imagazine.it\/wp-content\/uploads\/2025\/03\/Foto-2.jpg",1366,753,false],"newsup-slider-full":["https:\/\/imagazine.it\/wp-content\/uploads\/2025\/03\/Foto-2-1280x720.jpg",1280,720,true],"newsup-featured":["https:\/\/imagazine.it\/wp-content\/uploads\/2025\/03\/Foto-2-1024x564.jpg",1024,564,true],"newsup-medium":["https:\/\/imagazine.it\/wp-content\/uploads\/2025\/03\/Foto-2-720x380.jpg",720,380,true],"tptn_thumbnail":["https:\/\/imagazine.it\/wp-content\/uploads\/2025\/03\/Foto-2-250x210.jpg",250,210,true],"sow-carousel-default":["https:\/\/imagazine.it\/wp-content\/uploads\/2025\/03\/Foto-2-272x182.jpg",272,182,true]},"rttpg_author":{"display_name":"redazione","author_link":"https:\/\/imagazine.it\/home_desk\/author\/redazione\/"},"rttpg_comment":0,"rttpg_category":"<a href=\"https:\/\/imagazine.it\/home_desk\/category\/attualita\/\" rel=\"category tag\">ATTUALIT\u00c0<\/a>","rttpg_excerpt":"Fermato dalla polizia in via Duca d'Aosta a Gorizia, assieme a un presunto complice. Fornite anche false generalit\u00e0","_links":{"self":[{"href":"https:\/\/imagazine.it\/home_desk\/wp-json\/wp\/v2\/posts\/63996","targetHints":{"allow":["GET"]}}],"collection":[{"href":"https:\/\/imagazine.it\/home_desk\/wp-json\/wp\/v2\/posts"}],"about":[{"href":"https:\/\/imagazine.it\/home_desk\/wp-json\/wp\/v2\/types\/post"}],"author":[{"embeddable":true,"href":"https:\/\/imagazine.it\/home_desk\/wp-json\/wp\/v2\/users\/28"}],"replies":[{"embeddable":true,"href":"https:\/\/imagazine.it\/home_desk\/wp-json\/wp\/v2\/comments?post=63996"}],"version-history":[{"count":0,"href":"https:\/\/imagazine.it\/home_desk\/wp-json\/wp\/v2\/posts\/63996\/revisions"}],"wp:featuredmedia":[{"embeddable":true,"href":"https:\/\/imagazine.it\/home_desk\/wp-json\/wp\/v2\/media\/63997"}],"wp:attachment":[{"href":"https:\/\/imagazine.it\/home_desk\/wp-json\/wp\/v2\/media?parent=63996"}],"wp:term":[{"taxonomy":"category","embeddable":true,"href":"https:\/\/imagazine.it\/home_desk\/wp-json\/wp\/v2\/categories?post=63996"},{"taxonomy":"post_tag","embeddable":true,"href":"https:\/\/imagazine.it\/home_desk\/wp-json\/wp\/v2\/tags?post=63996"}],"curies":[{"name":"wp","href":"https:\/\/api.w.org\/{rel}","templated":true}]}}