{"id":63990,"date":"2025-03-27T18:11:01","date_gmt":"2025-03-27T17:11:01","guid":{"rendered":"https:\/\/imagazine.it\/home_desk\/?p=63990"},"modified":"2025-03-31T13:00:23","modified_gmt":"2025-03-31T11:00:23","slug":"la-nuova-sede-di-nlcomp-lungo-il-canale-est-ovest-di-monfalcone","status":"publish","type":"post","link":"https:\/\/imagazine.it\/home_desk\/la-nuova-sede-di-nlcomp-lungo-il-canale-est-ovest-di-monfalcone\/","title":{"rendered":"La nuova sede di &#8220;nlcomp&#8221; lungo il canale est-ovest di Monfalcone"},"content":{"rendered":"<p><span style=\"font-size: 10pt;\"><em>Render della nuova sede<\/em><\/span><\/p>\n<p>TRIESTE \u2013\u00a0Il<strong> lotto \u201cnumero 1\u201d <\/strong>del Canale Est Ovest di Monfalcone \u00e8 stato venduto dal<strong> Coseveg <\/strong>al<strong> Gruppo Samer<\/strong>, che lo destiner\u00e0 alle innovative attivit\u00e0 della societ\u00e0<strong> nlcomp\u00ae\ufe0f<\/strong>.<\/p>\n<p>Si tratta dell\u2019ultimo disponibile nell\u2019area, che va quindi a completare \u2013 come ha dichiarato il\u00a0presidente del Coseveg, <strong>Fabrizio Renato Russo<\/strong>\u00a0\u2013 \u201c<em>l\u2019alienazione dei terreni disponibili lungo le sponde del canale, che quindi risulta adesso completamente allocato per attivit\u00e0 economiche e produttive legate al mondo della nautica, confermando il ruolo di Monfalcone in questo settore\u201d<\/em>.<\/p>\n<p>Le aree acquisite dal Gruppo Samer avranno quale\u00a0principale utilizzo<strong> l\u2019installazione dell\u2019impianto industriale di nlcomp\u00ae\ufe0f<\/strong>, la societ\u00e0 nata a Monfalcone come start up per realizzare imbarcazioni in materiali compositi riciclabili in grado di sostituire la vetroresina.<\/p>\n<p>Il lavoro di Ricerca&amp;Sviluppo svolto nei primi cinque anni di attivit\u00e0, i numerosi premi e attestazioni della qualit\u00e0 del progetto, i risultati ottenuti e l\u2019attenzione avuta dal mercato hanno condotto verso un recente aumento di capitale, che aveva quale principale obiettivo quello di realizzare l\u2019impianto industriale.<\/p>\n<p><em>\u201cIl nostro supporto a nlcomp<\/em>\u00a0\u2013 ha dichiarato il\u00a0<strong>Presidente del Gruppo Samer, Enrico Samer<\/strong>\u00a0\u2013 <em>nasce da lontano e si \u00e8 incrementato nel tempo visti i grandi risultati ottenuti: la societ\u00e0 \u00e8 oggi matura per iniziare una produzione di compositi in serie, su una pi\u00f9 vasta scala e a servizio di molti mercati, dedicandosi al settore delle imbarcazioni e ad altri campi in cui \u00e8 necessario sostituire al pi\u00f9 presto la vetroresina con materiali pi\u00f9 compatibili\u201d.<\/em><\/p>\n<p>Sul terreno affidato a nlcomp la realizzazione del quartier generale inizier\u00e0 quanto prima, poich\u00e9 la produzione in serie dei materiali compositi ha la necessit\u00e0 di partire al pi\u00f9 presto per rispondere alle esigenze del mercato.<\/p>\n<p>\u201c<em>Il nostro impianto industriale\u00a0<\/em>\u2013 ha spiegato\u00a0l\u2019amministratore delegato di nlcomp,<strong> Fabio Bignolini<\/strong>\u00a0\u2013 <em>sar\u00e0 pronto a settembre per dare modo alla nostra divisione Marine di svolgere all\u2019interno gli ultimi lavori in vista del varo di Offshore 34 &#8211; il nostro nuovo scafo dedicato per la vela offshore &#8211; entro fino anno\u201d.<\/em><\/p>\n<p>L\u2019impianto industriale sar\u00e0 costruito in ottica di sostenibilit\u00e0: sar\u00e0\u00a0<strong>realizzato in legno e con alcune parti in pannelli realizzati con i materiali prodotti dalla stessa nlcomp<\/strong>.<\/p>\n<p>La struttura risulter\u00e0\u00a0<strong>autosufficiente dal punto di vista energetico<\/strong>: \u201c<em>Da tempo stiamo lavorando anche per declinare la nostra produzione nella realizzazione di miniturbine eoliche<\/em>\u00a0\u2013 ha concluso Bignolini \u2013 <em>e la prima sar\u00e0 installata proprio sul terreno lungo il Canale Est Ovest, con l\u2019obiettivo di dare energia all\u2019impianto industriale<\/em>\u201d.<\/p>\n","protected":false},"excerpt":{"rendered":"<p>Un lotto di 13mila metri quadrati venduto dal Coseveg al Gruppo Samer e destinato alla produzione in serie dei materiali compositi <\/p>\n","protected":false},"author":28,"featured_media":63991,"comment_status":"closed","ping_status":"closed","sticky":false,"template":"","format":"image","meta":{"dwc-title":[""],"dwc-content":[""],"footnotes":""},"categories":[5],"tags":[66,1584,472,51,519],"class_list":["post-63990","post","type-post","status-publish","format-image","has-post-thumbnail","hentry","category-attualita","tag-ambiente","tag-innovazione","tag-lavoro","tag-monfalcone","tag-nautica","post_format-post-format-image"],"rttpg_featured_image_url":{"full":["https:\/\/imagazine.it\/wp-content\/uploads\/2025\/03\/nlcomp_rFactory_v260325-copia.jpg",1366,725,false],"landscape":["https:\/\/imagazine.it\/wp-content\/uploads\/2025\/03\/nlcomp_rFactory_v260325-copia.jpg",1366,725,false],"portraits":["https:\/\/imagazine.it\/wp-content\/uploads\/2025\/03\/nlcomp_rFactory_v260325-copia.jpg",1366,725,false],"thumbnail":["https:\/\/imagazine.it\/wp-content\/uploads\/2025\/03\/nlcomp_rFactory_v260325-copia-150x150.jpg",150,150,true],"medium":["https:\/\/imagazine.it\/wp-content\/uploads\/2025\/03\/nlcomp_rFactory_v260325-copia-300x159.jpg",300,159,true],"large":["https:\/\/imagazine.it\/wp-content\/uploads\/2025\/03\/nlcomp_rFactory_v260325-copia-1024x543.jpg",640,339,true],"thumblist":["https:\/\/imagazine.it\/wp-content\/uploads\/2025\/03\/nlcomp_rFactory_v260325-copia-300x300.jpg",300,300,true],"thumbrelated":["https:\/\/imagazine.it\/wp-content\/uploads\/2025\/03\/nlcomp_rFactory_v260325-copia-500x500.jpg",500,500,true],"meccarouselthumb":["https:\/\/imagazine.it\/wp-content\/uploads\/2025\/03\/nlcomp_rFactory_v260325-copia-474x324.jpg",474,324,true],"gridsquare":["https:\/\/imagazine.it\/wp-content\/uploads\/2025\/03\/nlcomp_rFactory_v260325-copia-391x260.jpg",391,260,true],"tileview":["https:\/\/imagazine.it\/wp-content\/uploads\/2025\/03\/nlcomp_rFactory_v260325-copia-300x400.jpg",300,400,true],"1536x1536":["https:\/\/imagazine.it\/wp-content\/uploads\/2025\/03\/nlcomp_rFactory_v260325-copia.jpg",1366,725,false],"2048x2048":["https:\/\/imagazine.it\/wp-content\/uploads\/2025\/03\/nlcomp_rFactory_v260325-copia.jpg",1366,725,false],"newsup-slider-full":["https:\/\/imagazine.it\/wp-content\/uploads\/2025\/03\/nlcomp_rFactory_v260325-copia-1280x720.jpg",1280,720,true],"newsup-featured":["https:\/\/imagazine.it\/wp-content\/uploads\/2025\/03\/nlcomp_rFactory_v260325-copia-1024x543.jpg",1024,543,true],"newsup-medium":["https:\/\/imagazine.it\/wp-content\/uploads\/2025\/03\/nlcomp_rFactory_v260325-copia-720x380.jpg",720,380,true],"tptn_thumbnail":["https:\/\/imagazine.it\/wp-content\/uploads\/2025\/03\/nlcomp_rFactory_v260325-copia-250x210.jpg",250,210,true],"sow-carousel-default":["https:\/\/imagazine.it\/wp-content\/uploads\/2025\/03\/nlcomp_rFactory_v260325-copia-272x182.jpg",272,182,true]},"rttpg_author":{"display_name":"redazione","author_link":"https:\/\/imagazine.it\/home_desk\/author\/redazione\/"},"rttpg_comment":0,"rttpg_category":"<a href=\"https:\/\/imagazine.it\/home_desk\/category\/attualita\/\" rel=\"category tag\">ATTUALIT\u00c0<\/a>","rttpg_excerpt":"Un lotto di 13mila metri quadrati venduto dal Coseveg al Gruppo Samer e destinato alla produzione in serie dei materiali compositi","_links":{"self":[{"href":"https:\/\/imagazine.it\/home_desk\/wp-json\/wp\/v2\/posts\/63990","targetHints":{"allow":["GET"]}}],"collection":[{"href":"https:\/\/imagazine.it\/home_desk\/wp-json\/wp\/v2\/posts"}],"about":[{"href":"https:\/\/imagazine.it\/home_desk\/wp-json\/wp\/v2\/types\/post"}],"author":[{"embeddable":true,"href":"https:\/\/imagazine.it\/home_desk\/wp-json\/wp\/v2\/users\/28"}],"replies":[{"embeddable":true,"href":"https:\/\/imagazine.it\/home_desk\/wp-json\/wp\/v2\/comments?post=63990"}],"version-history":[{"count":0,"href":"https:\/\/imagazine.it\/home_desk\/wp-json\/wp\/v2\/posts\/63990\/revisions"}],"wp:featuredmedia":[{"embeddable":true,"href":"https:\/\/imagazine.it\/home_desk\/wp-json\/wp\/v2\/media\/63991"}],"wp:attachment":[{"href":"https:\/\/imagazine.it\/home_desk\/wp-json\/wp\/v2\/media?parent=63990"}],"wp:term":[{"taxonomy":"category","embeddable":true,"href":"https:\/\/imagazine.it\/home_desk\/wp-json\/wp\/v2\/categories?post=63990"},{"taxonomy":"post_tag","embeddable":true,"href":"https:\/\/imagazine.it\/home_desk\/wp-json\/wp\/v2\/tags?post=63990"}],"curies":[{"name":"wp","href":"https:\/\/api.w.org\/{rel}","templated":true}]}}