{"id":63966,"date":"2025-03-27T09:38:34","date_gmt":"2025-03-27T08:38:34","guid":{"rendered":"https:\/\/imagazine.it\/home_desk\/?p=63966"},"modified":"2025-03-27T17:22:50","modified_gmt":"2025-03-27T16:22:50","slug":"premio-luchetta-marco-damilano-presidente-di-giuria","status":"publish","type":"post","link":"https:\/\/imagazine.it\/home_desk\/premio-luchetta-marco-damilano-presidente-di-giuria\/","title":{"rendered":"Premio Luchetta: Marco Damilano presidente di giuria"},"content":{"rendered":"<p><span style=\"font-size: 10pt;\"><em>Marco Damilano<\/em><\/span><\/p>\n<p>TRIESTE \u2013 La <strong>Fondazione Luchetta Ota D\u2019Angelo Hrovatin<\/strong> annuncia il <strong>nuovo presidente di giuria<\/strong> e pubblica il <strong>bando della ventiduesima edizione del premio giornalistico<\/strong> dedicato alla memoria dei quattro professionisti triestini.<\/p>\n<p>\u00c8 <strong>Marco Damilano<\/strong>, conduttore de \u201c<em>Il cavallo e la torre<\/em>\u201d, programma di approfondimento quotidiano di Rai Tre ed editorialista di Domani, il <strong>nuovo presidente della giuria<\/strong> che il prossimo novembre decreter\u00e0 i vincitori della ventiduesima edizione del<strong> <em>Premio giornalistico internazionale Marco Luchetta<\/em><\/strong>.<\/p>\n<p>\u00abRaccolgo con gratitudine dal mio amico Riccardo Iacona \u2014 esordisce Damilano \u2014 il testimone come presidente della giuria del Premio. Presiedere il premio pi\u00f9 prestigioso, intitolato alla memoria di Marco Luchetta, Alessandro Sa\u0161a Ota, Dario D\u2019Angelo e Miran Hrovatin, per me \u00e8 un onore e una grande responsabilit\u00e0, soprattutto in un momento in cui i giornalisti sono ancora letteralmente nel mirino, testimoni scomodi di guerre e di crimini contro l\u2019umanit\u00e0, testimoni da cancellare, da eliminare\u00bb.<\/p>\n<p>Sette le categorie previste dal bando: <strong>Tv News<\/strong>,<strong> Stampa italiana<\/strong>,<strong> Reportage<\/strong>, <strong>Stampa internazionale<\/strong>,<strong> Fotografia<\/strong>,<strong> Radiofonia<\/strong>,<strong> Rotta Balcanica<\/strong>.<\/p>\n<p>C\u2019\u00e8 tempo fino a mercoled\u00ec 25 giugno per candidare le proprie opere pubblicate tra il <strong>21 maggio 2024 <\/strong>e il <strong>21 giugno 2025 <\/strong>su una testata giornalistica registrata, sia essa cartacea, televisiva o web.<\/p>\n<p>Il Premio \u00e8 un riconoscimento riservato a giornalisti, giornaliste e fotoreporter che, sul campo, hanno raccontato con particolare sensibilit\u00e0 la difficile tematica delle violenze e delle sopraffazioni sulle vittime pi\u00f9 indifese: i bambini e le bambine. Gli obiettivi e le finalit\u00e0 del Premio si coniugano con lo spirito umanitario che anima l\u2019attivit\u00e0 della <span style=\"text-decoration: underline;\"><a href=\"https:\/\/fondazioneluchetta.eu\" target=\"_blank\" rel=\"noopener\">Fondazione Luchetta Ota D\u2019Angelo Hrovatin Onlus<\/a><\/span>.<\/p>\n<p>Il bando completo e tutte le istruzioni per partecipare alla selezione sul sito <span style=\"text-decoration: underline;\"><a href=\"https:\/\/premioluchetta.com\/\" target=\"_blank\" rel=\"noopener\">https:\/\/premioluchetta.com\/<\/a><\/span>.<\/p>\n<p>Assieme a Marco Damilano, lavoreranno alla selezione delle opere <strong>Fabiana Martini<\/strong> Segretaria di Giuria, <strong>Paola Barretta<\/strong> Associazione Carta di Roma,<strong> Carlo Bartoli<\/strong> Presidente Ordine Nazionale dei Giornalisti,<strong> Fabrizio Brancoli<\/strong> vice direttore di NEM-Nord Est Multimedia con deleghe a eventi e cultura e il coordinamento per Il Piccolo,<strong> Matteo Bruni<\/strong> Direttore Sala Stampa Santa Sede, <strong>Esma \u00c7akir <\/strong>gi\u00e0 presidente Associazione Stampa Estera in Italia, corrispondente per l\u2019agenzia stampa turca DHA,<strong> Francesco De Filippo<\/strong> Responsabile ANSA FVG, <strong>Cristiano Degano<\/strong> Presidente Ordine dei Giornalisti FVG,<strong> Igor Devetak <\/strong>Direttore Primorski Dnevnik,<strong> Vittorio Di Trapani<\/strong>, Presidente Federazione Nazionale della Stampa Italiana, <strong>Fabrizio Ferragni<\/strong> Direttore Offerta Estero RAI, <strong>Ludovico Fontana <\/strong>giornalista RAI, promotore sezione Rotta Balcanica,<strong> Beppe Giulietti<\/strong> Coordinatore nazionale Articolo 21, <strong>Paolo Mosanghini <\/strong>Direttore Il Messaggero Veneto, <strong>Carlo Muscatello<\/strong> Presidente Assostampa FVG, <strong>Roberto Papetti<\/strong>, Direttore Il Gazzettino,<strong> Paolo Roncoletta<\/strong> Caporedattore TGR FVG e <strong>Maarten Van Aalderen<\/strong> presidente Associazione Stampa Estera in Italia.<\/p>\n","protected":false},"excerpt":{"rendered":"<p>Raccoglie il testimone da Riccardo Iacona: &#8220;Un onore e una grande responsabilit\u00e0&#8221;. Pubblicato il bando della nuova edizione<\/p>\n","protected":false},"author":28,"featured_media":63967,"comment_status":"closed","ping_status":"closed","sticky":false,"template":"","format":"image","meta":{"dwc-title":[""],"dwc-content":[""],"footnotes":""},"categories":[37],"tags":[2874,404,981,2873,65],"class_list":["post-63966","post","type-post","status-publish","format-image","has-post-thumbnail","hentry","category-cultura-e-spettacolo","tag-damilano","tag-giornalismo","tag-premio","tag-premio-luchetta","tag-trieste","post_format-post-format-image"],"rttpg_featured_image_url":{"full":["https:\/\/imagazine.it\/wp-content\/uploads\/2025\/03\/Marco_Damilano_Premio_Luchetta.jpeg",1366,1157,false],"landscape":["https:\/\/imagazine.it\/wp-content\/uploads\/2025\/03\/Marco_Damilano_Premio_Luchetta.jpeg",1366,1157,false],"portraits":["https:\/\/imagazine.it\/wp-content\/uploads\/2025\/03\/Marco_Damilano_Premio_Luchetta.jpeg",1366,1157,false],"thumbnail":["https:\/\/imagazine.it\/wp-content\/uploads\/2025\/03\/Marco_Damilano_Premio_Luchetta-150x150.jpeg",150,150,true],"medium":["https:\/\/imagazine.it\/wp-content\/uploads\/2025\/03\/Marco_Damilano_Premio_Luchetta-300x254.jpeg",300,254,true],"large":["https:\/\/imagazine.it\/wp-content\/uploads\/2025\/03\/Marco_Damilano_Premio_Luchetta-1024x867.jpeg",640,542,true],"thumblist":["https:\/\/imagazine.it\/wp-content\/uploads\/2025\/03\/Marco_Damilano_Premio_Luchetta-300x300.jpeg",300,300,true],"thumbrelated":["https:\/\/imagazine.it\/wp-content\/uploads\/2025\/03\/Marco_Damilano_Premio_Luchetta-500x500.jpeg",500,500,true],"meccarouselthumb":["https:\/\/imagazine.it\/wp-content\/uploads\/2025\/03\/Marco_Damilano_Premio_Luchetta-474x324.jpeg",474,324,true],"gridsquare":["https:\/\/imagazine.it\/wp-content\/uploads\/2025\/03\/Marco_Damilano_Premio_Luchetta-391x260.jpeg",391,260,true],"tileview":["https:\/\/imagazine.it\/wp-content\/uploads\/2025\/03\/Marco_Damilano_Premio_Luchetta-300x400.jpeg",300,400,true],"1536x1536":["https:\/\/imagazine.it\/wp-content\/uploads\/2025\/03\/Marco_Damilano_Premio_Luchetta.jpeg",1366,1157,false],"2048x2048":["https:\/\/imagazine.it\/wp-content\/uploads\/2025\/03\/Marco_Damilano_Premio_Luchetta.jpeg",1366,1157,false],"newsup-slider-full":["https:\/\/imagazine.it\/wp-content\/uploads\/2025\/03\/Marco_Damilano_Premio_Luchetta-1280x720.jpeg",1280,720,true],"newsup-featured":["https:\/\/imagazine.it\/wp-content\/uploads\/2025\/03\/Marco_Damilano_Premio_Luchetta-1024x867.jpeg",1024,867,true],"newsup-medium":["https:\/\/imagazine.it\/wp-content\/uploads\/2025\/03\/Marco_Damilano_Premio_Luchetta-720x380.jpeg",720,380,true],"tptn_thumbnail":["https:\/\/imagazine.it\/wp-content\/uploads\/2025\/03\/Marco_Damilano_Premio_Luchetta-250x210.jpeg",250,210,true],"sow-carousel-default":["https:\/\/imagazine.it\/wp-content\/uploads\/2025\/03\/Marco_Damilano_Premio_Luchetta-272x182.jpeg",272,182,true]},"rttpg_author":{"display_name":"redazione","author_link":"https:\/\/imagazine.it\/home_desk\/author\/redazione\/"},"rttpg_comment":0,"rttpg_category":"<a href=\"https:\/\/imagazine.it\/home_desk\/category\/cultura-e-spettacolo\/\" rel=\"category tag\">CULTURA&amp;SPETTACOLO<\/a>","rttpg_excerpt":"Raccoglie il testimone da Riccardo Iacona: \"Un onore e una grande responsabilit\u00e0\". Pubblicato il bando della nuova edizione","_links":{"self":[{"href":"https:\/\/imagazine.it\/home_desk\/wp-json\/wp\/v2\/posts\/63966","targetHints":{"allow":["GET"]}}],"collection":[{"href":"https:\/\/imagazine.it\/home_desk\/wp-json\/wp\/v2\/posts"}],"about":[{"href":"https:\/\/imagazine.it\/home_desk\/wp-json\/wp\/v2\/types\/post"}],"author":[{"embeddable":true,"href":"https:\/\/imagazine.it\/home_desk\/wp-json\/wp\/v2\/users\/28"}],"replies":[{"embeddable":true,"href":"https:\/\/imagazine.it\/home_desk\/wp-json\/wp\/v2\/comments?post=63966"}],"version-history":[{"count":0,"href":"https:\/\/imagazine.it\/home_desk\/wp-json\/wp\/v2\/posts\/63966\/revisions"}],"wp:featuredmedia":[{"embeddable":true,"href":"https:\/\/imagazine.it\/home_desk\/wp-json\/wp\/v2\/media\/63967"}],"wp:attachment":[{"href":"https:\/\/imagazine.it\/home_desk\/wp-json\/wp\/v2\/media?parent=63966"}],"wp:term":[{"taxonomy":"category","embeddable":true,"href":"https:\/\/imagazine.it\/home_desk\/wp-json\/wp\/v2\/categories?post=63966"},{"taxonomy":"post_tag","embeddable":true,"href":"https:\/\/imagazine.it\/home_desk\/wp-json\/wp\/v2\/tags?post=63966"}],"curies":[{"name":"wp","href":"https:\/\/api.w.org\/{rel}","templated":true}]}}