{"id":63948,"date":"2025-03-21T22:11:31","date_gmt":"2025-03-21T21:11:31","guid":{"rendered":"https:\/\/imagazine.it\/home_desk\/?p=63948"},"modified":"2025-03-26T15:22:51","modified_gmt":"2025-03-26T14:22:51","slug":"il-trio-etnoploc-conquista-il-pasolini","status":"publish","type":"post","link":"https:\/\/imagazine.it\/home_desk\/il-trio-etnoploc-conquista-il-pasolini\/","title":{"rendered":"Il trio Etnoplo\u010d conquista il Pasolini"},"content":{"rendered":"<p><span style=\"font-size: 10pt;\"><em>Etnoplo\u010d Trio<\/em><\/span><\/p>\n<p>CERVIGNANO DEL FRIULI \u2013 Un ultimo concerto di grande emozione, raffinatezza ed eleganza nella commistione di generi e linguaggi musicali.<\/p>\n<p>Un concerto di chiusura della bella stagione musicale al <strong>Teatro Pasolini di Cervignano<\/strong>, presidio di cultura amato dal pubblico e che non va chiuso, come ha ribadito salutando i molti spettatori in platea e galleria, fra di loro tanti studenti, il direttore artistico di\u00a0Euritmica,\u00a0<strong>Giancarlo Velliscig<\/strong>.<\/p>\n<p>Sul palco i fantastici musicisti del trio\u00a0<strong>Etnoplo\u010d <\/strong>composto da\u00a0<strong>Aleksander Ipavec<\/strong>\u00a0alla fisarmonica,<br \/>\n<strong>Piero Purich<\/strong>\u00a0al sax tenore e soprano\u00a0e <strong>Matej Spacapan<\/strong>\u00a0alla tromba.<\/p>\n<p>Tre interpreti e autori di alto valore artistico e tecnico, con una vasta esperienza in tutti i campi musicali: una lunga attivit\u00e0 di produzione e ricerca nella musica popolare dell\u2019area italo-slovena, numerose e prestigiose collaborazioni con musicisti internazionali.<\/p>\n<p>Ama la musica balcanica e quella sarda il trio che ha regalato un concerto di grande emozione con picchi di bellezza interpretativa.<\/p>\n<p>Intenso il loro ricordo di parole, aneddoti oltre che di musica di\u00a0Andrea Parodi, cantante e compositore sardo dal quale hanno ammesso di aver imparato molto. Una collaborazione interrotta dalla sua prematura morte.<\/p>\n<p>Generosi durante tutto il concerto e anche per i bis richiesti a gran voce. Toccante e intensa la lettura delle parole, prima della musica, di Felix Luna per il brano \u201c<em>Alfonsina y el mar<\/em>\u201d dedicata alla poetessa argentina morta suicida.<\/p>\n<p>Musica mista quella del trio,\u00a0un excursus sregolato ma coerente e ben impostato dalla musica etnica, alle melodie balcaniche, per loro reale culla del blues, dal klezmer al repertorio popolare russo ai tanghi argentini, fino ad approdare agli inni gospel e all\u2019amato blues. Il tutto reso sorprendente da momenti di complice improvvisazione.<\/p>\n<p>\u201c<em>Ploc<\/em>\u201d in dialetto triestino significa \u201cpozzanghera\u201d e in senso lato pu\u00f2 indicare anche un insieme confuso, sporco e disordinato. Nel loro caso per\u00f2 s\u00ec coglie l\u2019insieme di tanta professionalit\u00e0 e cuore nell\u2019essere musicisti.<\/p>\n<p>Alla fine davvero tanti e meritati gli applausi.<\/p>\n","protected":false},"excerpt":{"rendered":"<p>Grandi applausi a Cervignano per l&#8217;ultimo concerto della stagione musicale. Tra raffinatezza ed eleganza<\/p>\n","protected":false},"author":23,"featured_media":63525,"comment_status":"closed","ping_status":"closed","sticky":false,"template":"","format":"image","meta":{"dwc-title":[""],"dwc-content":[""],"footnotes":""},"categories":[37],"tags":[119,861,2869,55],"class_list":["post-63948","post","type-post","status-publish","format-image","has-post-thumbnail","hentry","category-cultura-e-spettacolo","tag-cervignano","tag-concerti","tag-etnoploc","tag-musica","post_format-post-format-image"],"rttpg_featured_image_url":{"full":["https:\/\/imagazine.it\/wp-content\/uploads\/2025\/03\/Etnoploc.jpg",1366,814,false],"landscape":["https:\/\/imagazine.it\/wp-content\/uploads\/2025\/03\/Etnoploc.jpg",1366,814,false],"portraits":["https:\/\/imagazine.it\/wp-content\/uploads\/2025\/03\/Etnoploc.jpg",1366,814,false],"thumbnail":["https:\/\/imagazine.it\/wp-content\/uploads\/2025\/03\/Etnoploc-150x150.jpg",150,150,true],"medium":["https:\/\/imagazine.it\/wp-content\/uploads\/2025\/03\/Etnoploc-300x179.jpg",300,179,true],"large":["https:\/\/imagazine.it\/wp-content\/uploads\/2025\/03\/Etnoploc-1024x610.jpg",640,381,true],"thumblist":["https:\/\/imagazine.it\/wp-content\/uploads\/2025\/03\/Etnoploc-300x300.jpg",300,300,true],"thumbrelated":["https:\/\/imagazine.it\/wp-content\/uploads\/2025\/03\/Etnoploc-500x500.jpg",500,500,true],"meccarouselthumb":["https:\/\/imagazine.it\/wp-content\/uploads\/2025\/03\/Etnoploc-474x324.jpg",474,324,true],"gridsquare":["https:\/\/imagazine.it\/wp-content\/uploads\/2025\/03\/Etnoploc-391x260.jpg",391,260,true],"tileview":["https:\/\/imagazine.it\/wp-content\/uploads\/2025\/03\/Etnoploc-300x400.jpg",300,400,true],"1536x1536":["https:\/\/imagazine.it\/wp-content\/uploads\/2025\/03\/Etnoploc.jpg",1366,814,false],"2048x2048":["https:\/\/imagazine.it\/wp-content\/uploads\/2025\/03\/Etnoploc.jpg",1366,814,false],"newsup-slider-full":["https:\/\/imagazine.it\/wp-content\/uploads\/2025\/03\/Etnoploc-1280x720.jpg",1280,720,true],"newsup-featured":["https:\/\/imagazine.it\/wp-content\/uploads\/2025\/03\/Etnoploc-1024x610.jpg",1024,610,true],"newsup-medium":["https:\/\/imagazine.it\/wp-content\/uploads\/2025\/03\/Etnoploc-720x380.jpg",720,380,true],"tptn_thumbnail":["https:\/\/imagazine.it\/wp-content\/uploads\/2025\/03\/Etnoploc-250x210.jpg",250,210,true],"sow-carousel-default":["https:\/\/imagazine.it\/wp-content\/uploads\/2025\/03\/Etnoploc-272x182.jpg",272,182,true]},"rttpg_author":{"display_name":"Margherita Reguitti","author_link":"https:\/\/imagazine.it\/home_desk\/author\/reguitti\/"},"rttpg_comment":0,"rttpg_category":"<a href=\"https:\/\/imagazine.it\/home_desk\/category\/cultura-e-spettacolo\/\" rel=\"category tag\">CULTURA&amp;SPETTACOLO<\/a>","rttpg_excerpt":"Grandi applausi a Cervignano per l'ultimo concerto della stagione musicale. Tra raffinatezza ed eleganza","_links":{"self":[{"href":"https:\/\/imagazine.it\/home_desk\/wp-json\/wp\/v2\/posts\/63948","targetHints":{"allow":["GET"]}}],"collection":[{"href":"https:\/\/imagazine.it\/home_desk\/wp-json\/wp\/v2\/posts"}],"about":[{"href":"https:\/\/imagazine.it\/home_desk\/wp-json\/wp\/v2\/types\/post"}],"author":[{"embeddable":true,"href":"https:\/\/imagazine.it\/home_desk\/wp-json\/wp\/v2\/users\/23"}],"replies":[{"embeddable":true,"href":"https:\/\/imagazine.it\/home_desk\/wp-json\/wp\/v2\/comments?post=63948"}],"version-history":[{"count":0,"href":"https:\/\/imagazine.it\/home_desk\/wp-json\/wp\/v2\/posts\/63948\/revisions"}],"wp:featuredmedia":[{"embeddable":true,"href":"https:\/\/imagazine.it\/home_desk\/wp-json\/wp\/v2\/media\/63525"}],"wp:attachment":[{"href":"https:\/\/imagazine.it\/home_desk\/wp-json\/wp\/v2\/media?parent=63948"}],"wp:term":[{"taxonomy":"category","embeddable":true,"href":"https:\/\/imagazine.it\/home_desk\/wp-json\/wp\/v2\/categories?post=63948"},{"taxonomy":"post_tag","embeddable":true,"href":"https:\/\/imagazine.it\/home_desk\/wp-json\/wp\/v2\/tags?post=63948"}],"curies":[{"name":"wp","href":"https:\/\/api.w.org\/{rel}","templated":true}]}}