{"id":63804,"date":"2025-03-21T12:50:30","date_gmt":"2025-03-21T11:50:30","guid":{"rendered":"https:\/\/imagazine.it\/home_desk\/?p=63804"},"modified":"2025-03-24T10:19:52","modified_gmt":"2025-03-24T09:19:52","slug":"i-caffe-dei-triestini-a-sostegno-del-burlo","status":"publish","type":"post","link":"https:\/\/imagazine.it\/home_desk\/i-caffe-dei-triestini-a-sostegno-del-burlo\/","title":{"rendered":"I caff\u00e8 dei triestini a sostegno del Burlo"},"content":{"rendered":"<p>TRIESTE \u2013 Presentati i risultati della campagna di solidariet\u00e0 <strong>\u201c<em>Offri un caff\u00e8 buonissimo<\/em><\/strong>\u201d.<\/p>\n<p>Iniziativa ideata e realizzata da <strong>ABC Bambini Chirurgici <\/strong>insieme a <strong>Confcommercio <\/strong>e<strong> Fipe Trieste<\/strong>.<\/p>\n<p>L\u2019obiettivo \u00e8 sostenere i progetti di accoglienza, supporto e cura che ABC realizza per i piccoli pazienti bisognosi di cure chirurgiche, ricoverati nel Reparto di Chirurgia dell\u2019<strong>IRCCS<\/strong> <strong>Materno Infantile Burlo Garofolo di Trieste<\/strong>, e per le loro famiglie.<\/p>\n<p>Hanno presentato i dati la fondatrice e direttrice di ABC,<strong> Giusy Battain<\/strong>, la vicepresidente di Confcommercio,<strong> Elena Pellaschiar<\/strong>, il segretario di FIPE, <strong>Fabrizio Ziberna<\/strong>, e <strong>Arianna Mingardi<\/strong>, presidente dell\u2019Associazione Caff\u00e8 Trieste.<\/p>\n<h3>Ampio coinvolgimento<\/h3>\n<p>La raccolta dalle donazioni lasciate nelle apposite cassettine in legno in prossimit\u00e0 della cassa dei <strong>167<\/strong><strong> esercizi pubblici e commerciali<\/strong> aderenti ha raggiunto la cifra di<strong> 12.600 euro<\/strong>.<\/p>\n<p>In questa edizione si \u00e8 cos\u00ec ampliata anche la rete di solidariet\u00e0 diffusa, con <strong>sette aziende e realt\u00e0 del territorio <\/strong>che hanno scelto di supportare l\u2019iniziativa e quattro che hanno messo a disposizione i premi per il Concorso collegato.<\/p>\n<p>La cifra raccolta verr\u00e0 utilizzata per sostenere <strong>per un anno<\/strong> <strong>le spese d\u2019affitto e di parte delle utenze di uno degli appartamenti di ABC<\/strong>, in cui potranno essere ospitate <strong>circa 30 famiglie<\/strong>.<\/p>\n<p>Tra i principali servizi di ABC per le famiglie che devono affrontare periodi lontane da casa, si distingue proprio il <strong>progetto di accoglienza gratuita presso sei alloggi a Trieste, le \u201cCase ABC\u201d<\/strong>.<\/p>\n<p>Si tratta di luoghi in cui le famiglie possono restare unite, sentirsi accolte e affrontare con pi\u00f9 serenit\u00e0 il ricovero dei loro bambini.<\/p>\n","protected":false},"excerpt":{"rendered":"<p>Raccolti 12.600 euro grazie alla campagna di solidariet\u00e0 sostenuta da 167 esercenti in favore dei bambini chirurgici<\/p>\n","protected":false},"author":28,"featured_media":63805,"comment_status":"closed","ping_status":"closed","sticky":false,"template":"","format":"image","meta":{"dwc-title":[""],"dwc-content":[""],"footnotes":""},"categories":[5],"tags":[546,160,1230,145,65],"class_list":["post-63804","post","type-post","status-publish","format-image","has-post-thumbnail","hentry","category-attualita","tag-bambini","tag-burlo","tag-infanzia","tag-solidarieta","tag-trieste","post_format-post-format-image"],"rttpg_featured_image_url":{"full":["https:\/\/imagazine.it\/wp-content\/uploads\/2025\/03\/conferenza-stampa-Offri-un-Caffe-buonissimo.jpg",1366,780,false],"landscape":["https:\/\/imagazine.it\/wp-content\/uploads\/2025\/03\/conferenza-stampa-Offri-un-Caffe-buonissimo.jpg",1366,780,false],"portraits":["https:\/\/imagazine.it\/wp-content\/uploads\/2025\/03\/conferenza-stampa-Offri-un-Caffe-buonissimo.jpg",1366,780,false],"thumbnail":["https:\/\/imagazine.it\/wp-content\/uploads\/2025\/03\/conferenza-stampa-Offri-un-Caffe-buonissimo-150x150.jpg",150,150,true],"medium":["https:\/\/imagazine.it\/wp-content\/uploads\/2025\/03\/conferenza-stampa-Offri-un-Caffe-buonissimo-300x171.jpg",300,171,true],"large":["https:\/\/imagazine.it\/wp-content\/uploads\/2025\/03\/conferenza-stampa-Offri-un-Caffe-buonissimo-1024x585.jpg",640,366,true],"thumblist":["https:\/\/imagazine.it\/wp-content\/uploads\/2025\/03\/conferenza-stampa-Offri-un-Caffe-buonissimo-300x300.jpg",300,300,true],"thumbrelated":["https:\/\/imagazine.it\/wp-content\/uploads\/2025\/03\/conferenza-stampa-Offri-un-Caffe-buonissimo-500x500.jpg",500,500,true],"meccarouselthumb":["https:\/\/imagazine.it\/wp-content\/uploads\/2025\/03\/conferenza-stampa-Offri-un-Caffe-buonissimo-474x324.jpg",474,324,true],"gridsquare":["https:\/\/imagazine.it\/wp-content\/uploads\/2025\/03\/conferenza-stampa-Offri-un-Caffe-buonissimo-391x260.jpg",391,260,true],"tileview":["https:\/\/imagazine.it\/wp-content\/uploads\/2025\/03\/conferenza-stampa-Offri-un-Caffe-buonissimo-300x400.jpg",300,400,true],"1536x1536":["https:\/\/imagazine.it\/wp-content\/uploads\/2025\/03\/conferenza-stampa-Offri-un-Caffe-buonissimo.jpg",1366,780,false],"2048x2048":["https:\/\/imagazine.it\/wp-content\/uploads\/2025\/03\/conferenza-stampa-Offri-un-Caffe-buonissimo.jpg",1366,780,false],"newsup-slider-full":["https:\/\/imagazine.it\/wp-content\/uploads\/2025\/03\/conferenza-stampa-Offri-un-Caffe-buonissimo-1280x720.jpg",1280,720,true],"newsup-featured":["https:\/\/imagazine.it\/wp-content\/uploads\/2025\/03\/conferenza-stampa-Offri-un-Caffe-buonissimo-1024x585.jpg",1024,585,true],"newsup-medium":["https:\/\/imagazine.it\/wp-content\/uploads\/2025\/03\/conferenza-stampa-Offri-un-Caffe-buonissimo-720x380.jpg",720,380,true],"tptn_thumbnail":["https:\/\/imagazine.it\/wp-content\/uploads\/2025\/03\/conferenza-stampa-Offri-un-Caffe-buonissimo-250x210.jpg",250,210,true],"sow-carousel-default":["https:\/\/imagazine.it\/wp-content\/uploads\/2025\/03\/conferenza-stampa-Offri-un-Caffe-buonissimo-272x182.jpg",272,182,true]},"rttpg_author":{"display_name":"redazione","author_link":"https:\/\/imagazine.it\/home_desk\/author\/redazione\/"},"rttpg_comment":0,"rttpg_category":"<a href=\"https:\/\/imagazine.it\/home_desk\/category\/attualita\/\" rel=\"category tag\">ATTUALIT\u00c0<\/a>","rttpg_excerpt":"Raccolti 12.600 euro grazie alla campagna di solidariet\u00e0 sostenuta da 167 esercenti in favore dei bambini chirurgici","_links":{"self":[{"href":"https:\/\/imagazine.it\/home_desk\/wp-json\/wp\/v2\/posts\/63804","targetHints":{"allow":["GET"]}}],"collection":[{"href":"https:\/\/imagazine.it\/home_desk\/wp-json\/wp\/v2\/posts"}],"about":[{"href":"https:\/\/imagazine.it\/home_desk\/wp-json\/wp\/v2\/types\/post"}],"author":[{"embeddable":true,"href":"https:\/\/imagazine.it\/home_desk\/wp-json\/wp\/v2\/users\/28"}],"replies":[{"embeddable":true,"href":"https:\/\/imagazine.it\/home_desk\/wp-json\/wp\/v2\/comments?post=63804"}],"version-history":[{"count":0,"href":"https:\/\/imagazine.it\/home_desk\/wp-json\/wp\/v2\/posts\/63804\/revisions"}],"wp:featuredmedia":[{"embeddable":true,"href":"https:\/\/imagazine.it\/home_desk\/wp-json\/wp\/v2\/media\/63805"}],"wp:attachment":[{"href":"https:\/\/imagazine.it\/home_desk\/wp-json\/wp\/v2\/media?parent=63804"}],"wp:term":[{"taxonomy":"category","embeddable":true,"href":"https:\/\/imagazine.it\/home_desk\/wp-json\/wp\/v2\/categories?post=63804"},{"taxonomy":"post_tag","embeddable":true,"href":"https:\/\/imagazine.it\/home_desk\/wp-json\/wp\/v2\/tags?post=63804"}],"curies":[{"name":"wp","href":"https:\/\/api.w.org\/{rel}","templated":true}]}}