{"id":63784,"date":"2025-03-20T16:22:29","date_gmt":"2025-03-20T15:22:29","guid":{"rendered":"https:\/\/imagazine.it\/home_desk\/?p=63784"},"modified":"2025-03-21T14:37:25","modified_gmt":"2025-03-21T13:37:25","slug":"trieste-airport-cresce-lofferta-di-ryanair","status":"publish","type":"post","link":"https:\/\/imagazine.it\/home_desk\/trieste-airport-cresce-lofferta-di-ryanair\/","title":{"rendered":"Trieste Airport: cresce l&#8217;offerta di Ryanair"},"content":{"rendered":"<p><span style=\"font-size: 10pt;\"><em>Da sinistra Consalvo, Wilson e Fedriga (ph. Regione FVG)<\/em><\/span><\/p>\n<p>TRIESTE \u2013 La compagnia aerea <strong>Ryanair<\/strong> ha annunciato l\u2019operativo dei prossimi mesi su <strong>Trieste Airport<\/strong>.<\/p>\n<p>Tre nuove rotte verso <strong>Lamezia<\/strong>, <strong>Praga<\/strong> e <strong>Stoccolma<\/strong>, e l&#8217;aumento delle frequenze dei voli su <strong>Barcellona<\/strong>, <strong>Bari<\/strong>, <strong>Londra<\/strong>, <strong>Cagliari<\/strong> e <strong>Olbia<\/strong>.<\/p>\n<p>Inoltre, Ryanair baser\u00e0 un ulteriore aeromobile (100 milioni di dollari di investimento), supportando oltri 800 posti di lavoro nella regione.<\/p>\n<p>La compagnia irlandese, rappresentata nell&#8217;occasione dall&#8217;amministratore delegato <strong>Eddie Wilson<\/strong>, ha confermato le 3 nuove rotte verso <strong>Lamezia Terme, Praga e Stoccolma<\/strong> \u2013 che portano a 21 il totale delle destinazioni \u2013, l&#8217;aumento delle frequenze su 9 rotte gi\u00e0 esistenti e il basamento di un ulteriore aeromobile con un investimento di 100 milioni di dollari.<\/p>\n<p><img loading=\"lazy\" decoding=\"async\" class=\"aligncenter size-large wp-image-63785\" src=\"https:\/\/imagazine.it\/wp-content\/uploads\/2025\/03\/Network-2025-FR-768x1024.jpg\" alt=\"\" width=\"640\" height=\"853\" title=\"\" srcset=\"https:\/\/imagazine.it\/wp-content\/uploads\/2025\/03\/Network-2025-FR-768x1024.jpg 768w, https:\/\/imagazine.it\/wp-content\/uploads\/2025\/03\/Network-2025-FR-225x300.jpg 225w, https:\/\/imagazine.it\/wp-content\/uploads\/2025\/03\/Network-2025-FR-300x400.jpg 300w, https:\/\/imagazine.it\/wp-content\/uploads\/2025\/03\/Network-2025-FR.jpg 800w\" sizes=\"auto, (max-width: 640px) 100vw, 640px\" \/><\/p>\n<p>Nel corso della conferenza \u00e8 stato ricordato che il Friuli Venezia Giulia \u00e8 stata la prima regione italiana a ridurre i costi di accesso per diventare pi\u00f9 competitiva, abolendo l&#8217;addizionale municipale, e che questa misura ha consentito una crescita significativa del traffico, del turismo e dell&#8217;occupazione.<\/p>\n<p>Alla presentazione sono intervenuti anche il governatore del Friuli Venezia Giulia, <strong>Massimiliano Fedriga<\/strong>, e l&#8217;amministratore delegato dello scalo regionale <strong>Marco Consalvo<\/strong>.<\/p>\n<p><iframe loading=\"lazy\" title=\"Nuovi voli Ryanair su Trieste Airport\" width=\"640\" height=\"360\" src=\"https:\/\/www.youtube.com\/embed\/iJxVLdmuvzU?feature=oembed\" frameborder=\"0\" allow=\"accelerometer; autoplay; clipboard-write; encrypted-media; gyroscope; picture-in-picture; web-share\" referrerpolicy=\"strict-origin-when-cross-origin\" allowfullscreen><\/iframe><\/p>\n","protected":false},"excerpt":{"rendered":"<p>Presentato l&#8217;operativo per la stagione estiva. Nuove rotte per Lamezia, Praga e Stoccolma, e pi\u00f9 voli per le altre destinazioni <\/p>\n","protected":false},"author":28,"featured_media":63786,"comment_status":"closed","ping_status":"closed","sticky":false,"template":"","format":"image","meta":{"dwc-title":[""],"dwc-content":[""],"footnotes":""},"categories":[8],"tags":[],"class_list":["post-63784","post","type-post","status-publish","format-image","has-post-thumbnail","hentry","category-turismo","post_format-post-format-image"],"rttpg_featured_image_url":{"full":["https:\/\/imagazine.it\/wp-content\/uploads\/2025\/03\/ryanair-estate-2025.jpg",1366,796,false],"landscape":["https:\/\/imagazine.it\/wp-content\/uploads\/2025\/03\/ryanair-estate-2025.jpg",1366,796,false],"portraits":["https:\/\/imagazine.it\/wp-content\/uploads\/2025\/03\/ryanair-estate-2025.jpg",1366,796,false],"thumbnail":["https:\/\/imagazine.it\/wp-content\/uploads\/2025\/03\/ryanair-estate-2025-150x150.jpg",150,150,true],"medium":["https:\/\/imagazine.it\/wp-content\/uploads\/2025\/03\/ryanair-estate-2025-300x175.jpg",300,175,true],"large":["https:\/\/imagazine.it\/wp-content\/uploads\/2025\/03\/ryanair-estate-2025-1024x597.jpg",640,373,true],"thumblist":["https:\/\/imagazine.it\/wp-content\/uploads\/2025\/03\/ryanair-estate-2025-300x300.jpg",300,300,true],"thumbrelated":["https:\/\/imagazine.it\/wp-content\/uploads\/2025\/03\/ryanair-estate-2025-500x500.jpg",500,500,true],"meccarouselthumb":["https:\/\/imagazine.it\/wp-content\/uploads\/2025\/03\/ryanair-estate-2025-474x324.jpg",474,324,true],"gridsquare":["https:\/\/imagazine.it\/wp-content\/uploads\/2025\/03\/ryanair-estate-2025-391x260.jpg",391,260,true],"tileview":["https:\/\/imagazine.it\/wp-content\/uploads\/2025\/03\/ryanair-estate-2025-300x400.jpg",300,400,true],"1536x1536":["https:\/\/imagazine.it\/wp-content\/uploads\/2025\/03\/ryanair-estate-2025.jpg",1366,796,false],"2048x2048":["https:\/\/imagazine.it\/wp-content\/uploads\/2025\/03\/ryanair-estate-2025.jpg",1366,796,false],"newsup-slider-full":["https:\/\/imagazine.it\/wp-content\/uploads\/2025\/03\/ryanair-estate-2025-1280x720.jpg",1280,720,true],"newsup-featured":["https:\/\/imagazine.it\/wp-content\/uploads\/2025\/03\/ryanair-estate-2025-1024x597.jpg",1024,597,true],"newsup-medium":["https:\/\/imagazine.it\/wp-content\/uploads\/2025\/03\/ryanair-estate-2025-720x380.jpg",720,380,true],"tptn_thumbnail":["https:\/\/imagazine.it\/wp-content\/uploads\/2025\/03\/ryanair-estate-2025-250x210.jpg",250,210,true],"sow-carousel-default":["https:\/\/imagazine.it\/wp-content\/uploads\/2025\/03\/ryanair-estate-2025-272x182.jpg",272,182,true]},"rttpg_author":{"display_name":"redazione","author_link":"https:\/\/imagazine.it\/home_desk\/author\/redazione\/"},"rttpg_comment":0,"rttpg_category":"<a href=\"https:\/\/imagazine.it\/home_desk\/category\/turismo\/\" rel=\"category tag\">TURISMO<\/a>","rttpg_excerpt":"Presentato l'operativo per la stagione estiva. Nuove rotte per Lamezia, Praga e Stoccolma, e pi\u00f9 voli per le altre destinazioni","_links":{"self":[{"href":"https:\/\/imagazine.it\/home_desk\/wp-json\/wp\/v2\/posts\/63784","targetHints":{"allow":["GET"]}}],"collection":[{"href":"https:\/\/imagazine.it\/home_desk\/wp-json\/wp\/v2\/posts"}],"about":[{"href":"https:\/\/imagazine.it\/home_desk\/wp-json\/wp\/v2\/types\/post"}],"author":[{"embeddable":true,"href":"https:\/\/imagazine.it\/home_desk\/wp-json\/wp\/v2\/users\/28"}],"replies":[{"embeddable":true,"href":"https:\/\/imagazine.it\/home_desk\/wp-json\/wp\/v2\/comments?post=63784"}],"version-history":[{"count":0,"href":"https:\/\/imagazine.it\/home_desk\/wp-json\/wp\/v2\/posts\/63784\/revisions"}],"wp:featuredmedia":[{"embeddable":true,"href":"https:\/\/imagazine.it\/home_desk\/wp-json\/wp\/v2\/media\/63786"}],"wp:attachment":[{"href":"https:\/\/imagazine.it\/home_desk\/wp-json\/wp\/v2\/media?parent=63784"}],"wp:term":[{"taxonomy":"category","embeddable":true,"href":"https:\/\/imagazine.it\/home_desk\/wp-json\/wp\/v2\/categories?post=63784"},{"taxonomy":"post_tag","embeddable":true,"href":"https:\/\/imagazine.it\/home_desk\/wp-json\/wp\/v2\/tags?post=63784"}],"curies":[{"name":"wp","href":"https:\/\/api.w.org\/{rel}","templated":true}]}}