{"id":63706,"date":"2025-03-18T17:00:09","date_gmt":"2025-03-18T16:00:09","guid":{"rendered":"https:\/\/imagazine.it\/home_desk\/?p=63706"},"modified":"2025-03-18T17:00:09","modified_gmt":"2025-03-18T16:00:09","slug":"bcc-venezia-giulia-nel-consiglio-dindirizzo-di-fif","status":"publish","type":"post","link":"https:\/\/imagazine.it\/home_desk\/bcc-venezia-giulia-nel-consiglio-dindirizzo-di-fif\/","title":{"rendered":"BCC Venezia Giulia nel Consiglio d&#8217;indirizzo di FIF"},"content":{"rendered":"<p><span style=\"font-size: 10pt;\"><em>Decio Ripandelli<\/em><\/span><\/p>\n<p>TRIESTE \u2013 BCC Venezia Giulia \u00e8 diventata Socio promotore della <strong>Fondazione Italiana Fegato (FIF)<\/strong>, ente di ricerca riconosciuto dal MUR specializzato nello studio sulle malattie epatiche e patologie correlate.<\/p>\n<p>\u201cL\u2019ingresso della BCC Venezia Giulia nella compagine societaria della Fondazione in qualit\u00e0 di Socio Promotore \u2013 sottolinea <strong>Decio Ripandelli<\/strong>, Presidente della FIF \u2013 oltre ad avere un\u2019importante valenza per accrescere i rapporti gi\u00e0 esistenti con la Banca, rappresenta anche un sostanziale riconoscimento a livello regionale delle nostre attivit\u00e0 di ricerca traslazionale, mettendo sempre di pi\u00f9 la scienza al servizio del cittadino e dimostrando una convergenza d\u2019intenti con un soggetto quale una Banca di Credito Cooperativo\u201d.<\/p>\n<p>\u201cSiamo orgogliosi di poter portare il nostro contributo all\u2019interno della Fondazione Italiana Fegato (FIF) \u2013 dichiara <strong>Carlo Antonio Feruglio<\/strong>, presidente della BCC Venezia Giulia \u2013. Il nostro impegno verso gli obiettivi ESG (Environmental, Social, Governance) si rafforza ulteriormente. Sar\u00e0 l\u2019amministratore Rino Dario a rappresentare il nostro Istituto in seno al Consiglio di indirizzo\u201d.<\/p>\n","protected":false},"excerpt":{"rendered":"<p>Per sostenere la ricerca sulle malattie epatiche e promuovendo l\u2019innovazione scientifica per il benessere delle comunit\u00e0<\/p>\n","protected":false},"author":28,"featured_media":63705,"comment_status":"closed","ping_status":"closed","sticky":false,"template":"","format":"image","meta":{"dwc-title":[""],"dwc-content":[""],"footnotes":""},"categories":[5],"tags":[2220,97,65],"class_list":["post-63706","post","type-post","status-publish","format-image","has-post-thumbnail","hentry","category-attualita","tag-fif","tag-salute","tag-trieste","post_format-post-format-image"],"rttpg_featured_image_url":{"full":["https:\/\/imagazine.it\/wp-content\/uploads\/2025\/03\/Decio-Ripandelli-e1747928213539.jpg",1134,780,false],"landscape":["https:\/\/imagazine.it\/wp-content\/uploads\/2025\/03\/Decio-Ripandelli-e1747928213539.jpg",1134,780,false],"portraits":["https:\/\/imagazine.it\/wp-content\/uploads\/2025\/03\/Decio-Ripandelli-e1747928213539.jpg",1134,780,false],"thumbnail":["https:\/\/imagazine.it\/wp-content\/uploads\/2025\/03\/Decio-Ripandelli-e1747928213539-150x150.jpg",150,150,true],"medium":["https:\/\/imagazine.it\/wp-content\/uploads\/2025\/03\/Decio-Ripandelli-e1747928213539-300x206.jpg",300,206,true],"large":["https:\/\/imagazine.it\/wp-content\/uploads\/2025\/03\/Decio-Ripandelli-e1747928213539-1024x704.jpg",640,440,true],"thumblist":["https:\/\/imagazine.it\/wp-content\/uploads\/2025\/03\/Decio-Ripandelli-e1747928213539-300x300.jpg",300,300,true],"thumbrelated":["https:\/\/imagazine.it\/wp-content\/uploads\/2025\/03\/Decio-Ripandelli-e1747928213539-500x500.jpg",500,500,true],"meccarouselthumb":["https:\/\/imagazine.it\/wp-content\/uploads\/2025\/03\/Decio-Ripandelli-e1747928213539-474x324.jpg",474,324,true],"gridsquare":["https:\/\/imagazine.it\/wp-content\/uploads\/2025\/03\/Decio-Ripandelli-e1747928213539-391x260.jpg",391,260,true],"tileview":["https:\/\/imagazine.it\/wp-content\/uploads\/2025\/03\/Decio-Ripandelli-e1747928213539-300x400.jpg",300,400,true],"1536x1536":["https:\/\/imagazine.it\/wp-content\/uploads\/2025\/03\/Decio-Ripandelli-e1747928213539.jpg",1134,780,false],"2048x2048":["https:\/\/imagazine.it\/wp-content\/uploads\/2025\/03\/Decio-Ripandelli-e1747928213539.jpg",1134,780,false],"newsup-slider-full":["https:\/\/imagazine.it\/wp-content\/uploads\/2025\/03\/Decio-Ripandelli-e1747928213539-1134x720.jpg",1134,720,true],"newsup-featured":["https:\/\/imagazine.it\/wp-content\/uploads\/2025\/03\/Decio-Ripandelli-e1747928213539-1024x704.jpg",1024,704,true],"newsup-medium":["https:\/\/imagazine.it\/wp-content\/uploads\/2025\/03\/Decio-Ripandelli-e1747928213539-720x380.jpg",720,380,true],"tptn_thumbnail":["https:\/\/imagazine.it\/wp-content\/uploads\/2025\/03\/Decio-Ripandelli-e1747928213539-250x210.jpg",250,210,true],"sow-carousel-default":["https:\/\/imagazine.it\/wp-content\/uploads\/2025\/03\/Decio-Ripandelli-e1747928213539-272x182.jpg",272,182,true]},"rttpg_author":{"display_name":"redazione","author_link":"https:\/\/imagazine.it\/home_desk\/author\/redazione\/"},"rttpg_comment":0,"rttpg_category":"<a href=\"https:\/\/imagazine.it\/home_desk\/category\/attualita\/\" rel=\"category tag\">ATTUALIT\u00c0<\/a>","rttpg_excerpt":"Per sostenere la ricerca sulle malattie epatiche e promuovendo l\u2019innovazione scientifica per il benessere delle comunit\u00e0","_links":{"self":[{"href":"https:\/\/imagazine.it\/home_desk\/wp-json\/wp\/v2\/posts\/63706","targetHints":{"allow":["GET"]}}],"collection":[{"href":"https:\/\/imagazine.it\/home_desk\/wp-json\/wp\/v2\/posts"}],"about":[{"href":"https:\/\/imagazine.it\/home_desk\/wp-json\/wp\/v2\/types\/post"}],"author":[{"embeddable":true,"href":"https:\/\/imagazine.it\/home_desk\/wp-json\/wp\/v2\/users\/28"}],"replies":[{"embeddable":true,"href":"https:\/\/imagazine.it\/home_desk\/wp-json\/wp\/v2\/comments?post=63706"}],"version-history":[{"count":0,"href":"https:\/\/imagazine.it\/home_desk\/wp-json\/wp\/v2\/posts\/63706\/revisions"}],"wp:featuredmedia":[{"embeddable":true,"href":"https:\/\/imagazine.it\/home_desk\/wp-json\/wp\/v2\/media\/63705"}],"wp:attachment":[{"href":"https:\/\/imagazine.it\/home_desk\/wp-json\/wp\/v2\/media?parent=63706"}],"wp:term":[{"taxonomy":"category","embeddable":true,"href":"https:\/\/imagazine.it\/home_desk\/wp-json\/wp\/v2\/categories?post=63706"},{"taxonomy":"post_tag","embeddable":true,"href":"https:\/\/imagazine.it\/home_desk\/wp-json\/wp\/v2\/tags?post=63706"}],"curies":[{"name":"wp","href":"https:\/\/api.w.org\/{rel}","templated":true}]}}