{"id":63662,"date":"2025-03-17T15:50:15","date_gmt":"2025-03-17T14:50:15","guid":{"rendered":"https:\/\/imagazine.it\/home_desk\/?p=63662"},"modified":"2025-03-19T12:32:41","modified_gmt":"2025-03-19T11:32:41","slug":"ritmica-le-farfalle-dellasu-volano-su-tutti","status":"publish","type":"post","link":"https:\/\/imagazine.it\/home_desk\/ritmica-le-farfalle-dellasu-volano-su-tutti\/","title":{"rendered":"Ritmica: le farfalle dell&#8217;ASU volano su tutti"},"content":{"rendered":"<p><span style=\"font-size: 10pt;\"><em>Le atlete ASU sul gradino pi\u00f9 alto del podio (\u00a9 Luca Agati)<\/em><\/span><\/p>\n<p>UDINE &#8211; Una gara perfetta quella delle ginnaste dell\u2019<strong>Associazione<\/strong> <strong>Sportiva Udinese<\/strong> in occasione della seconda prova della\u00a0Regular Season\u00a0del Campionato di massima serie.<\/p>\n<p>All\u2019Unieuro Arena di\u00a0Forl\u00ec <strong>Tara Draga\u0161<\/strong> al cerchio (28.767) e al nastro (28.000), <strong>Gaia Mancini<\/strong> alla palla (26.467) e <strong>Isabelle Tavano<\/strong> alle clavette (27.267), hanno chiuso con delle prove impeccabili che le hanno portate sul gradino pi\u00f9 alto del podio, con un punteggio totale di 110.501.<\/p>\n<p>Ottima gara anche per <strong>Elena Perissinotto<\/strong>, prestito in A2 con la societ\u00e0 milanese, che punta alla serie A1, Moderna Legnano.<\/p>\n<p>\u00ab<em>\u00c8 stata una grande emozione<\/em> \u2013 ha dichiarato il direttore generale di ASU, <strong>Nicola Di Benedetto<\/strong>, presente in campo gara \u2013. <em>Hanno affrontato la prova in maniera matura comprovando che la nostra societ\u00e0 \u00e8 una delle pi\u00f9 forti nel panorama italiano. La novit\u00e0 pi\u00f9 importante credo sia il fatto che la ginnastica che \u0160pela esprime, e sulla quale abbiamo sempre creduto, finalmente \u00e8 \u201carrivata\u201d a tutti<\/em>\u00bb.<\/p>\n<p>\u00ab<em>Mi congratulo con tutte le ragazze, perch\u00e9 hanno davvero dato il massimo, anche se devo dire che gi\u00e0 in occasione della prima prova c\u2019era qualcosa nell\u2019aria, bench\u00e9 qualche errore di troppo non ci aveva consentito di superare la seconda posizione<\/em>\u00bb, ha commentato <strong>\u0160pela Draga\u0161<\/strong>, che allena la squadra friulana con <strong>Noelia Fernandez<\/strong>, <strong>Valeria Pysmenna<\/strong> e il supporto della coreografa <strong>Laura Miotti<\/strong>.<\/p>\n<p>L\u2019allenatrice ha anche ricordato come \u00ab<em>questo oro \u00e8 tutto \u201cmade in Udine\u201d. A Forl\u00ec siamo scese in pedana senza il prestito straniero. Credo che ci\u00f2 sia un valore aggiunto a questo importantissimo risultato<\/em>\u00bb.<\/p>\n<p>Intanto si continua a lavorare per la prossima gara di A1, in programma a Osimo il 12 e 13 aprile.<\/p>\n<p>Ultima tappa prima della Final Six di Torino, il 17 e 18 maggio, che decreter\u00e0 lo scudetto 2025.<\/p>\n","protected":false},"excerpt":{"rendered":"<p>La societ\u00e0 bianconera continua la corsa verso lo scudetto 2025. A Forl\u00ec le atlete friulane sul gradino pi\u00f9 alto del podio<\/p>\n","protected":false},"author":28,"featured_media":63663,"comment_status":"closed","ping_status":"closed","sticky":false,"template":"","format":"image","meta":{"dwc-title":[""],"dwc-content":[""],"footnotes":""},"categories":[38],"tags":[477,475,101],"class_list":["post-63662","post","type-post","status-publish","format-image","has-post-thumbnail","hentry","category-sport","tag-asu","tag-ritmica","tag-udine","post_format-post-format-image"],"rttpg_featured_image_url":{"full":["https:\/\/imagazine.it\/wp-content\/uploads\/2025\/03\/Podio_A1_ritmica_ASU_crediti_Luca_Agati.jpg",1366,719,false],"landscape":["https:\/\/imagazine.it\/wp-content\/uploads\/2025\/03\/Podio_A1_ritmica_ASU_crediti_Luca_Agati.jpg",1366,719,false],"portraits":["https:\/\/imagazine.it\/wp-content\/uploads\/2025\/03\/Podio_A1_ritmica_ASU_crediti_Luca_Agati.jpg",1366,719,false],"thumbnail":["https:\/\/imagazine.it\/wp-content\/uploads\/2025\/03\/Podio_A1_ritmica_ASU_crediti_Luca_Agati-150x150.jpg",150,150,true],"medium":["https:\/\/imagazine.it\/wp-content\/uploads\/2025\/03\/Podio_A1_ritmica_ASU_crediti_Luca_Agati-300x158.jpg",300,158,true],"large":["https:\/\/imagazine.it\/wp-content\/uploads\/2025\/03\/Podio_A1_ritmica_ASU_crediti_Luca_Agati-1024x539.jpg",640,337,true],"thumblist":["https:\/\/imagazine.it\/wp-content\/uploads\/2025\/03\/Podio_A1_ritmica_ASU_crediti_Luca_Agati-300x300.jpg",300,300,true],"thumbrelated":["https:\/\/imagazine.it\/wp-content\/uploads\/2025\/03\/Podio_A1_ritmica_ASU_crediti_Luca_Agati-500x500.jpg",500,500,true],"meccarouselthumb":["https:\/\/imagazine.it\/wp-content\/uploads\/2025\/03\/Podio_A1_ritmica_ASU_crediti_Luca_Agati-474x324.jpg",474,324,true],"gridsquare":["https:\/\/imagazine.it\/wp-content\/uploads\/2025\/03\/Podio_A1_ritmica_ASU_crediti_Luca_Agati-391x260.jpg",391,260,true],"tileview":["https:\/\/imagazine.it\/wp-content\/uploads\/2025\/03\/Podio_A1_ritmica_ASU_crediti_Luca_Agati-300x400.jpg",300,400,true],"1536x1536":["https:\/\/imagazine.it\/wp-content\/uploads\/2025\/03\/Podio_A1_ritmica_ASU_crediti_Luca_Agati.jpg",1366,719,false],"2048x2048":["https:\/\/imagazine.it\/wp-content\/uploads\/2025\/03\/Podio_A1_ritmica_ASU_crediti_Luca_Agati.jpg",1366,719,false],"newsup-slider-full":["https:\/\/imagazine.it\/wp-content\/uploads\/2025\/03\/Podio_A1_ritmica_ASU_crediti_Luca_Agati-1280x719.jpg",1280,719,true],"newsup-featured":["https:\/\/imagazine.it\/wp-content\/uploads\/2025\/03\/Podio_A1_ritmica_ASU_crediti_Luca_Agati-1024x539.jpg",1024,539,true],"newsup-medium":["https:\/\/imagazine.it\/wp-content\/uploads\/2025\/03\/Podio_A1_ritmica_ASU_crediti_Luca_Agati-720x380.jpg",720,380,true],"tptn_thumbnail":["https:\/\/imagazine.it\/wp-content\/uploads\/2025\/03\/Podio_A1_ritmica_ASU_crediti_Luca_Agati-250x210.jpg",250,210,true],"sow-carousel-default":["https:\/\/imagazine.it\/wp-content\/uploads\/2025\/03\/Podio_A1_ritmica_ASU_crediti_Luca_Agati-272x182.jpg",272,182,true]},"rttpg_author":{"display_name":"redazione","author_link":"https:\/\/imagazine.it\/home_desk\/author\/redazione\/"},"rttpg_comment":0,"rttpg_category":"<a href=\"https:\/\/imagazine.it\/home_desk\/category\/sport\/\" rel=\"category tag\">SPORT<\/a>","rttpg_excerpt":"La societ\u00e0 bianconera continua la corsa verso lo scudetto 2025. A Forl\u00ec le atlete friulane sul gradino pi\u00f9 alto del podio","_links":{"self":[{"href":"https:\/\/imagazine.it\/home_desk\/wp-json\/wp\/v2\/posts\/63662","targetHints":{"allow":["GET"]}}],"collection":[{"href":"https:\/\/imagazine.it\/home_desk\/wp-json\/wp\/v2\/posts"}],"about":[{"href":"https:\/\/imagazine.it\/home_desk\/wp-json\/wp\/v2\/types\/post"}],"author":[{"embeddable":true,"href":"https:\/\/imagazine.it\/home_desk\/wp-json\/wp\/v2\/users\/28"}],"replies":[{"embeddable":true,"href":"https:\/\/imagazine.it\/home_desk\/wp-json\/wp\/v2\/comments?post=63662"}],"version-history":[{"count":0,"href":"https:\/\/imagazine.it\/home_desk\/wp-json\/wp\/v2\/posts\/63662\/revisions"}],"wp:featuredmedia":[{"embeddable":true,"href":"https:\/\/imagazine.it\/home_desk\/wp-json\/wp\/v2\/media\/63663"}],"wp:attachment":[{"href":"https:\/\/imagazine.it\/home_desk\/wp-json\/wp\/v2\/media?parent=63662"}],"wp:term":[{"taxonomy":"category","embeddable":true,"href":"https:\/\/imagazine.it\/home_desk\/wp-json\/wp\/v2\/categories?post=63662"},{"taxonomy":"post_tag","embeddable":true,"href":"https:\/\/imagazine.it\/home_desk\/wp-json\/wp\/v2\/tags?post=63662"}],"curies":[{"name":"wp","href":"https:\/\/api.w.org\/{rel}","templated":true}]}}