{"id":63593,"date":"2025-03-13T16:35:00","date_gmt":"2025-03-13T15:35:00","guid":{"rendered":"https:\/\/imagazine.it\/home_desk\/?p=63593"},"modified":"2025-03-14T15:31:04","modified_gmt":"2025-03-14T14:31:04","slug":"gorizia-rivive-leredita-di-basaglia","status":"publish","type":"post","link":"https:\/\/imagazine.it\/home_desk\/gorizia-rivive-leredita-di-basaglia\/","title":{"rendered":"Gorizia rivive l&#8217;eredit\u00e0 di Basaglia"},"content":{"rendered":"<p><span style=\"font-size: 10pt;\"><em>I protagonisti del progetto<\/em><\/span><\/p>\n<p>GORIZIA<strong> \u2013<\/strong>\u00a0Presentato al Municipio di Gorizia il programma di appuntamenti di\u00a0<strong><em>\u201cLa Citt\u00e0 dei Matti. La follia del mondo di oggi fra Basaglia e Messerschmidt\u201d<\/em><\/strong>.<\/p>\n<p>Un progetto voluto e promosso dal\u00a0<strong>Comune di Gorizia<\/strong>\u00a0per riaccendere i riflettori su paradossi e follie del mondo di oggi partendo dalla rivoluzione culturale che, 45 anni fa, caratterizz\u00f2 la riforma della psichiatria, partita da Gorizia, a opera di Franco Basaglia.<\/p>\n<p>A presentare il programma sono stati l\u2019assessore alla Capitale europea della cultura,\u00a0<strong>Patrizia Artico<\/strong>,\u00a0e l\u2019assessore alla Cultura\u00a0<strong>Fabrizio Oreti<\/strong>, insieme ai partner di progetto.<\/p>\n<p>Oltre ai due assessorati il progetto vede in prima linea coinvolge il<strong> Servizio Cultura Eventi, Turismo<\/strong>, lo psicologo\u00a0<strong>Franco Perazza<\/strong>\u00a0e\u00a0<strong>ASUGI<\/strong>, in partnership con\u00a0<strong>Cooperativa La Collina<\/strong>,\u00a0<strong>Associazione Fierascena APS<\/strong>,\u00a0<strong>Fondazione Palazzo Coronini Cronberg<\/strong>\u00a0e\u00a0<strong>Associazione Mitteldream \u2013 ArteGorizia,\u00a0<\/strong>in collaborazione con\u00a0<strong>International Society of Iconodiagnosis (ISI)<\/strong>\u00a0e con il contributo della\u00a0<strong>Regione Friuli Venezia Giulia<\/strong>.<\/p>\n<h3><strong>Gli eventi in programma <\/strong><\/h3>\n<p>A oggi si sono svolte tre passeggiate fotografiche curate da\u00a0<strong>Mitteldream-Artegorizia<\/strong>, a cui hanno partecipato complessivamente circa 80 persone provenienti dal territorio isontino e giuliano ma anche dalle province di Udine e Pordenone.<\/p>\n<p>Un successo che si concretizzer\u00e0 in una\u00a0<strong>mostra fotografica<\/strong>,\u00a0realizzata con una selezione degli scatti, che verr\u00e0 inaugurata <strong>venerd\u00ec 9 maggio alle 17<\/strong> al Centro di Salute Mentale (Parco Basaglia). Gli orari di apertura saranno <strong>da sabato 10 maggio a venerd\u00ec 6 giugno<\/strong>, tutti i giorni dalle 8 alle 18.<\/p>\n<p>In programma inoltre\u00a0visite guidate teatralizzate all\u2019interno del Parco Basaglia, laboratori di teatro sociale, workshop per i ragazzi delle scuole, spettacoli teatrali, un seminario dedicato al connubio tra arte e medicina e visite alle teste di Messerschmidt.<\/p>\n<h3>Laboratori e reading<\/h3>\n<p><strong>Workshop riservato alle scuole \u201c<em>conosco un mondo migliore<\/em>\u201d<\/strong>, in programma al Palazzo de Grazia venerd\u00ec 21 marzo dalle 8.30 alle 13.<\/p>\n<p><strong>Laboratorio teatrale \u201c<em>conosco un mondo migliore<\/em>\u201d<\/strong> aperto alla cittadinanza.<\/p>\n<p>Tre incontri di teatro sociale per immaginare una Gorizia possibile, i suoi luoghi e le sue persone. Gli appuntamenti sono in programma al Ridotto del teatro Verdi gioved\u00ec 15 maggio dalle ore 14 alle ore 18; venerd\u00ec 16 maggio dalle 14 alle 18; sabato 17 maggio dalle 10 alle 13 e dalle 14 alle 17. La <em>performance<\/em> finale \u00e8 in programma, sempre al Ridotto del teatro Verdi, sabato 17 maggio alle 18.<\/p>\n<p><strong>Laboratorio con il gruppo teatrale del CSM &#8220;Gi\u00f9 le maschere&#8221; e spettacolo \u201c<em>Battiti<\/em>\u201d. <\/strong><\/p>\n<p>Una rappresentazione che arriva al termine di un percorso teatrale di scoperta reciproca tra Fierascena APS e il gruppo teatrale del Centro di Salute Mentale (CSM) di Gorizia \u201cGi\u00f9 le maschere\u201d diretto da <strong>Matteo della Schiava<\/strong>, che va alla ricerca di un ritmo comune, del passo possibile per andare tutti insieme. Appuntamento al Palazzo de Grazia venerd\u00ec 21 marzo alle 18 con libero accesso fino a esaurimento posti.<\/p>\n<p><strong>Reading teatrale \u201c<em>Essere Franco<\/em>\u201d <\/strong><\/p>\n<p>Racconto teatrale con testi recitati e in lettura, azioni e immagini, che restituisce l\u2019esperienza umana di Franco Basaglia per osservare il suo impegno, il suo lavoro, le sfide che ha affrontato, da un punto di vista intimo, privato e personale. Appuntamento con libero accesso al Parco Basaglia sabato 31 maggio alle 12:00 e domenica 1 giugno alle 12.<\/p>\n<h3>Xavier Messerschmidt<\/h3>\n<p><strong>Fondazione Palazzo Coronini Cronberg<\/strong>, che ospita due teste originali opere dell\u2019artista del \u2018700 Xavier Messerschmidt, propone tramite la sua curatrice\u00a0<strong>tre visite guidate\u00a0<\/strong>all\u2019interno del Palazzo Coronini.<\/p>\n<p>Un percorso dedicato alla figura dell\u2019artista che anticip\u00f2 molte delle tematiche della moderna psichiatria, dell\u2019arte terapia e della inconsistenza del confine tra normalit\u00e0 e follia. Le visite sono in programma (con accesso libero) venerd\u00ec 21 marzo (ore 16), sabato 17 maggio (ore 10) e venerd\u00ec 30 maggio (ore 16).<\/p>\n<p><strong>International Society of Iconodiagnosis (ISI)\u00a0<\/strong>organizza il<strong>\u00a0convegno \u201c<em>Arti senza confini<\/em>\u201d\u00a0<\/strong>(sabato 22 marzo, ore 14-19, Palazzo de Grazia: ingresso libero fino a esaurimento posti).<\/p>\n<p>Interverranno <strong>Giuseppe Bettinazzi<\/strong>, direttore F.F.U.O. Psichiatria Ambito Sud Sede Rovereto, Arco e Tione (ore 14, <em>Follie Follie, delirio vano \u00e8 questo &#8211; Incontriamoci all\u2019opera<\/em>); <strong>Antonio Perciaccante<\/strong>, dirigente medico &#8211; P.O. di Gorizia, Cofondatore e membro del direttivo di International Society of Iconodiagnosis (ore 16, <em>Medicina: l\u2019arte che svela l\u2019arte<\/em>); <strong>Massimo Papi<\/strong>, specialista in dermatologia e M.S.T. Associate Editor Int Journal Lower Extremity Wounds, UK (ore 18, <em>La pelle a colori: una tela d\u2019artista<\/em>).<\/p>\n<h3><strong>La grafica del progetto <\/strong><\/h3>\n<p>L\u2019immagine di Marco Cavallo, simbolo dell\u2019apertura degli ospedali psichiatrici e del ritorno alla dimensione umana e civile della realt\u00e0 manicomiale, elaborata in numerose varianti, funge da metafora delle diversit\u00e0, delle molteplici e variegate realt\u00e0 personali e collettive che rappresentano oggi l\u2019evoluzione della psichiatria e dell\u2019universo sociale che si \u00e8 sviluppato in seguito alla messa in opera della legge 180.<\/p>\n<h3><strong>Come iscriversi e partecipare <\/strong><\/h3>\n<p>La partecipazione a tutti gli eventi \u00e8 gratuita e libera previa prenotazione per gli eventi previsti. Per informazioni si pu\u00f2 scrivere all\u2019indirizzo dedicato\u00a0<a href=\"mailto:progetto.basaglia@comune.gorizia.it\">progetto.basaglia@comune.gorizia.it<\/a>\u00a0o chiamare il numero 0481-383420\/297\/339 dal luned\u00ec al venerd\u00ec dalle 9 alle 13.<\/p>\n<p>Eventi e attivit\u00e0 sono consultabili sul sito\u00a0<span style=\"text-decoration: underline;\"><a href=\"http:\/\/www.lacittadeimatti.it\/\" target=\"_blank\" rel=\"noopener\">www.lacittadeimatti.it<\/a><\/span>.<\/p>\n","protected":false},"excerpt":{"rendered":"<p>Presentato il calendario di iniziative del progetto &#8220;La Citt\u00e0 dei Matti. Laboratori di teatro sociale, workshop per studenti, spettacoli teatrali<\/p>\n","protected":false},"author":28,"featured_media":63594,"comment_status":"closed","ping_status":"closed","sticky":false,"template":"","format":"image","meta":{"dwc-title":[""],"dwc-content":[""],"footnotes":""},"categories":[6],"tags":[1689,261,826,43,885,2838],"class_list":["post-63593","post","type-post","status-publish","format-image","has-post-thumbnail","hentry","category-societa","tag-basaglia","tag-eventi","tag-eventi-fvg","tag-gorizia","tag-inclusione","tag-psichiatria","post_format-post-format-image"],"rttpg_featured_image_url":{"full":["https:\/\/imagazine.it\/wp-content\/uploads\/2025\/03\/citta-dei-matti.jpg",1366,744,false],"landscape":["https:\/\/imagazine.it\/wp-content\/uploads\/2025\/03\/citta-dei-matti.jpg",1366,744,false],"portraits":["https:\/\/imagazine.it\/wp-content\/uploads\/2025\/03\/citta-dei-matti.jpg",1366,744,false],"thumbnail":["https:\/\/imagazine.it\/wp-content\/uploads\/2025\/03\/citta-dei-matti-150x150.jpg",150,150,true],"medium":["https:\/\/imagazine.it\/wp-content\/uploads\/2025\/03\/citta-dei-matti-300x163.jpg",300,163,true],"large":["https:\/\/imagazine.it\/wp-content\/uploads\/2025\/03\/citta-dei-matti-1024x558.jpg",640,349,true],"thumblist":["https:\/\/imagazine.it\/wp-content\/uploads\/2025\/03\/citta-dei-matti-300x300.jpg",300,300,true],"thumbrelated":["https:\/\/imagazine.it\/wp-content\/uploads\/2025\/03\/citta-dei-matti-500x500.jpg",500,500,true],"meccarouselthumb":["https:\/\/imagazine.it\/wp-content\/uploads\/2025\/03\/citta-dei-matti-474x324.jpg",474,324,true],"gridsquare":["https:\/\/imagazine.it\/wp-content\/uploads\/2025\/03\/citta-dei-matti-391x260.jpg",391,260,true],"tileview":["https:\/\/imagazine.it\/wp-content\/uploads\/2025\/03\/citta-dei-matti-300x400.jpg",300,400,true],"1536x1536":["https:\/\/imagazine.it\/wp-content\/uploads\/2025\/03\/citta-dei-matti.jpg",1366,744,false],"2048x2048":["https:\/\/imagazine.it\/wp-content\/uploads\/2025\/03\/citta-dei-matti.jpg",1366,744,false],"newsup-slider-full":["https:\/\/imagazine.it\/wp-content\/uploads\/2025\/03\/citta-dei-matti-1280x720.jpg",1280,720,true],"newsup-featured":["https:\/\/imagazine.it\/wp-content\/uploads\/2025\/03\/citta-dei-matti-1024x558.jpg",1024,558,true],"newsup-medium":["https:\/\/imagazine.it\/wp-content\/uploads\/2025\/03\/citta-dei-matti-720x380.jpg",720,380,true],"tptn_thumbnail":["https:\/\/imagazine.it\/wp-content\/uploads\/2025\/03\/citta-dei-matti-250x210.jpg",250,210,true],"sow-carousel-default":["https:\/\/imagazine.it\/wp-content\/uploads\/2025\/03\/citta-dei-matti-272x182.jpg",272,182,true]},"rttpg_author":{"display_name":"redazione","author_link":"https:\/\/imagazine.it\/home_desk\/author\/redazione\/"},"rttpg_comment":0,"rttpg_category":"<a href=\"https:\/\/imagazine.it\/home_desk\/category\/societa\/\" rel=\"category tag\">SOCIET\u00c0<\/a>","rttpg_excerpt":"Presentato il calendario di iniziative del progetto \"La Citt\u00e0 dei Matti. Laboratori di teatro sociale, workshop per studenti, spettacoli teatrali","_links":{"self":[{"href":"https:\/\/imagazine.it\/home_desk\/wp-json\/wp\/v2\/posts\/63593","targetHints":{"allow":["GET"]}}],"collection":[{"href":"https:\/\/imagazine.it\/home_desk\/wp-json\/wp\/v2\/posts"}],"about":[{"href":"https:\/\/imagazine.it\/home_desk\/wp-json\/wp\/v2\/types\/post"}],"author":[{"embeddable":true,"href":"https:\/\/imagazine.it\/home_desk\/wp-json\/wp\/v2\/users\/28"}],"replies":[{"embeddable":true,"href":"https:\/\/imagazine.it\/home_desk\/wp-json\/wp\/v2\/comments?post=63593"}],"version-history":[{"count":0,"href":"https:\/\/imagazine.it\/home_desk\/wp-json\/wp\/v2\/posts\/63593\/revisions"}],"wp:featuredmedia":[{"embeddable":true,"href":"https:\/\/imagazine.it\/home_desk\/wp-json\/wp\/v2\/media\/63594"}],"wp:attachment":[{"href":"https:\/\/imagazine.it\/home_desk\/wp-json\/wp\/v2\/media?parent=63593"}],"wp:term":[{"taxonomy":"category","embeddable":true,"href":"https:\/\/imagazine.it\/home_desk\/wp-json\/wp\/v2\/categories?post=63593"},{"taxonomy":"post_tag","embeddable":true,"href":"https:\/\/imagazine.it\/home_desk\/wp-json\/wp\/v2\/tags?post=63593"}],"curies":[{"name":"wp","href":"https:\/\/api.w.org\/{rel}","templated":true}]}}