{"id":63551,"date":"2025-03-12T18:21:12","date_gmt":"2025-03-12T17:21:12","guid":{"rendered":"https:\/\/imagazine.it\/home_desk\/?p=63551"},"modified":"2025-03-14T16:03:46","modified_gmt":"2025-03-14T15:03:46","slug":"giornate-fai-di-primavera-20-luoghi-in-fvg","status":"publish","type":"post","link":"https:\/\/imagazine.it\/home_desk\/giornate-fai-di-primavera-20-luoghi-in-fvg\/","title":{"rendered":"Giornate FAI di primavera: 20 luoghi in FVG"},"content":{"rendered":"<p><span style=\"font-size: 10pt;\"><em>Palazzo Attems Santa Croce a Gorizia, tempietto neoclassico Parco del Municipio (\u00a9 Dario Sclauzero)<\/em><\/span><\/p>\n<p>TRIESTE \u2013 <strong>Sabato 22 e domenica 23 marzo <\/strong>tornano, per la 33\u00aa edizione, le<strong> Giornate FAI di Primavera<\/strong>.<\/p>\n<p>\u00c8 il principale evento di piazza dedicato al patrimonio culturale e paesaggistico del nostro Paese, organizzato dal FAI-Fondo per l\u2019Ambiente Italiano ETS grazie ai volontari di 350 Delegazioni e Gruppi FAI attivi in tutte le regioni.<\/p>\n<p>Un\u2019edizione che celebra i <strong>cinquanta anni dalla nascita del FAI<\/strong>.<\/p>\n<p>La rete territoriale del Friuli Venezia Giulia, attraverso le sue Delegazioni e i suoi Gruppi, ha organizzato<strong> l\u2019apertura di 20 luoghi straordinari in 12 Comuni della regione<\/strong>, molti dei quali visitabili per la prima volta, ed \u00e8 pronta ad accogliere i visitatori grazie a 200 volontari e 479 apprendisti ciceroni, oltre ai Volontari per un Giorno e ai proprietari stessi dei beni che verranno messi a disposizione.<\/p>\n<h3><strong>Le aperture in Friuli Venezia Giulia<\/strong><\/h3>\n<p>La <strong>Delegazione di Trieste<\/strong> porta i visitatori alla scoperta di tre luoghi in citt\u00e0 e propone un evento speciale.<\/p>\n<p>Si inizia con l\u2019<strong>Ex Palazzo del Lloyd Triestino, ora Palazzo della Regione<\/strong>, <strong>s<\/strong>i prosegue con <strong>Villa Necker <\/strong>(via dell\u2019Universit\u00e0, 2) una dimora storica in stile neoclassico situata nel Borgo Giuseppino, sul colle di San Vito, per concludere con il <strong>MIB Trieste School of Management<\/strong> (Largo Caduti di Nassiriya, 1) che dal 1999 ha la sede nel Palazzo Ferdinandeo.<\/p>\n<p><strong>Sabato 22 e domenica 23 marzo alle ore 10, 11.30 e 16<\/strong> in esclusiva per gli iscritti FAI si aprono invece le porte della <strong>Casa Massonica <\/strong>(Corso Saba, 20).<\/p>\n<p>La <strong>Delegazione FAI di Gorizia<\/strong> porta alla scoperta di <strong>Palazzo Attems &#8211; Santa Croce<\/strong> (Piazza del Municipio, 1), sede del Municipio di Gorizia.<\/p>\n<p>Prevista anche un\u2019iniziativa speciale dal titolo <strong><em>Dall\u2019Ottocento ai giorni nostri: una passeggiata tra storie e piante nel Giardino municipale di Gorizia<\/em>. <\/strong>Grazie alle conoscenze di <strong>Liubina Debeni<\/strong> si scoprir\u00e0 l\u2019evoluzione di quello che oggi \u00e8 il parco municipale: da giardino privato nella sua prima forma di fine Settecento a quella di giardino cittadino.<\/p>\n<p>I volontari della <strong>Delegazione FAI di Udine<\/strong> propongono quattro visite nel capoluogo friulano e tre in Carnia.<\/p>\n<p>A <strong>Udine<\/strong> si inizia con il <strong>Palazzo Antonini Mangilli del Torso<\/strong> (Piazza Garibaldi).<\/p>\n<p>Per i soli iscritti FAI visita a <strong>Palazzo della Porta <\/strong>(Via Treppo, 7-9), sede della Curia Arcivescovile di Udine.<\/p>\n<p>La <strong>Stamperia d\u2019arte Albicocco<\/strong> (via Ermes di Colloredo) raccoglie storia, arte e cultura in uno dei pi\u00f9 improbabili luoghi udinesi.<\/p>\n<p>Il tour si chiude nel cuore della citt\u00e0 dove si erge il Palazzo del Monte di Piet\u00e0, uno degli edifici pi\u00f9 imponenti e maestosi della citt\u00e0. Al piano terra, al di sotto del porticato, incorniciata da un portale scultore, \u00e8 incastonata la <strong>Cappella di Santa Maria del Monte di Piet\u00e0<\/strong>.<\/p>\n<p>A <strong>Socchieve<\/strong> si trova la <strong>Chiesa di San Martino<\/strong>: monumento nazionale che presenta nel presbiterio un importante ciclo di affreschi di Gianfrancesco da Tolmezzo, il maggior pittore carnico del Rinascimento.<\/p>\n<p>Nella frazione <strong>Mediis<\/strong> si trova invece la piccola ed elegante <strong>Chiesa di<\/strong> <strong>San Biagio<\/strong>.<\/p>\n<p>In zona <strong>Nonta<\/strong> si potr\u00e0 visitare l\u2019<strong>Atelier dell\u2019artista Barbara Picotti<\/strong>, che nel 1998, dopo gli studi all&#8217;Accademia di Belle Arti di Venezia, \u00e8 ritornata in Carnia e ha deciso di ristrutturare la casa di famiglia del 1600 per farne il proprio laboratorio\/stamperia d&#8217;arte.<\/p>\n<p>Il <strong>Gruppo FAI di Palmanova <\/strong>propone due aperture.<\/p>\n<p>A <strong>Palmanova<\/strong> sar\u00e0 possibile visitare le <strong>\u201cmine\u201d veneziane e francesi<\/strong>, che rappresentano un esempio di sistema fortificato integrato e possono essere inserite in una pi\u00f9 ampia passeggiata alla scoperta dell\u2019intero sistema difensivo.<\/p>\n<p>A <strong>San Vito al Torre<\/strong> (frazione di Nogaredo al Torre) si potr\u00e0 visitare <strong>Villa Gorgo<\/strong>, costruita nel Settecento, quando la famiglia dei Conti Gorgo, gi\u00e0 al servizio della Serenissima fin dal 1468, ricevette l&#8217;incarico di fortificare il basso corso del Torre e dell&#8217;Isonzo.<\/p>\n<p>Il<strong> Gruppo FAI di Cividale del Friuli<\/strong> porta alla scoperta di due luoghi speciali.<br \/>\nTra il comune di Remanzacco e quello di Faedis si potr\u00e0 visitare <strong>Casaforte di Bergum<\/strong>, raggiungibile sia da Ziracco di Remanzacco sia da Campeglio di Faedis.<\/p>\n<p>In zona <strong>Collevillano di Faedis<\/strong>, poco distante, si trova il <strong>Vigneto Storico di Faedis (<\/strong>Strada Casali Bertossi): un vero museo a cielo aperto della coltivazione della vite che da sempre contraddistingue questo lembo delle colline del Friuli.<\/p>\n<p><strong>Sabato 22 marzo alle 18.45 presso<\/strong> <strong>la Domus della Casaforte di Bergum <\/strong>si svolger\u00e0 l\u2019evento <strong><em>Maestro Martino e il Refosco di Faedis: gusti nei secoli in \u201cNome della Rosa\u201d<\/em><\/strong> dedicato alla scoperta dell\u2019arte culinaria antica attraverso opere letterarie di grande pregio.<\/p>\n<p>La<strong> Delegazione FAI di Pordenone<\/strong> propone un percorso in cinque Comuni con altrettanti beni, scelti tra quelli gi\u00e0 protagonisti di passate edizioni che sono stati particolarmente amati dal pubblico.<\/p>\n<p>A <strong>Pordenone<\/strong> l\u2019<strong>Antico Ospitale dei Battuti<\/strong> (Piazza del Cristo, 2); a <strong>Maniago<\/strong> (Loc. Campagna) la <strong>Fattoria Dorigo<\/strong>; a <strong>Sacile<\/strong> (Loc. Vistorta) la <strong>Tenuta Vistorta &#8211; Villa Brandolini d\u2019Adda<\/strong>; a <strong>San Vito al Tagliamento<\/strong> si apre <strong>Palazzo Altan Rota<\/strong> (Piazza del Popolo. 38); mentre a <strong>Spilimbergo<\/strong> riapre la <strong>Scuola dei Mosaicisti del Friuli<\/strong> (Via Corridoni, 6).<\/p>\n<p>Per tutti i dettagli: <span style=\"text-decoration: underline;\"><a href=\"http:\/\/www.giornatefai.it\" target=\"_blank\" rel=\"noopener\">www.giornatefai.it<\/a><\/span><\/p>\n","protected":false},"excerpt":{"rendered":"<p>Coinvolti 12 comuni della regione: 200 volontari e 479 apprendisti ciceroni condurranno il pubblico tra paesaggi e cultura<\/p>\n","protected":false},"author":28,"featured_media":63552,"comment_status":"closed","ping_status":"closed","sticky":false,"template":"","format":"image","meta":{"dwc-title":[""],"dwc-content":[""],"footnotes":""},"categories":[8],"tags":[2091,2835,1222,67,1828],"class_list":["post-63551","post","type-post","status-publish","format-image","has-post-thumbnail","hentry","category-turismo","tag-cultura","tag-fai","tag-giornate-fai","tag-luoghi","tag-visite","post_format-post-format-image"],"rttpg_featured_image_url":{"full":["https:\/\/imagazine.it\/wp-content\/uploads\/2025\/03\/Delegazione-Gorizia-Palazzo-Attems-Santa-Croce-tempietto-neoclassico-Parco-del-Municipio-2-@Dario-Sclauzero.jpg",1366,912,false],"landscape":["https:\/\/imagazine.it\/wp-content\/uploads\/2025\/03\/Delegazione-Gorizia-Palazzo-Attems-Santa-Croce-tempietto-neoclassico-Parco-del-Municipio-2-@Dario-Sclauzero.jpg",1366,912,false],"portraits":["https:\/\/imagazine.it\/wp-content\/uploads\/2025\/03\/Delegazione-Gorizia-Palazzo-Attems-Santa-Croce-tempietto-neoclassico-Parco-del-Municipio-2-@Dario-Sclauzero.jpg",1366,912,false],"thumbnail":["https:\/\/imagazine.it\/wp-content\/uploads\/2025\/03\/Delegazione-Gorizia-Palazzo-Attems-Santa-Croce-tempietto-neoclassico-Parco-del-Municipio-2-@Dario-Sclauzero-150x150.jpg",150,150,true],"medium":["https:\/\/imagazine.it\/wp-content\/uploads\/2025\/03\/Delegazione-Gorizia-Palazzo-Attems-Santa-Croce-tempietto-neoclassico-Parco-del-Municipio-2-@Dario-Sclauzero-300x200.jpg",300,200,true],"large":["https:\/\/imagazine.it\/wp-content\/uploads\/2025\/03\/Delegazione-Gorizia-Palazzo-Attems-Santa-Croce-tempietto-neoclassico-Parco-del-Municipio-2-@Dario-Sclauzero-1024x684.jpg",640,428,true],"thumblist":["https:\/\/imagazine.it\/wp-content\/uploads\/2025\/03\/Delegazione-Gorizia-Palazzo-Attems-Santa-Croce-tempietto-neoclassico-Parco-del-Municipio-2-@Dario-Sclauzero-300x300.jpg",300,300,true],"thumbrelated":["https:\/\/imagazine.it\/wp-content\/uploads\/2025\/03\/Delegazione-Gorizia-Palazzo-Attems-Santa-Croce-tempietto-neoclassico-Parco-del-Municipio-2-@Dario-Sclauzero-500x500.jpg",500,500,true],"meccarouselthumb":["https:\/\/imagazine.it\/wp-content\/uploads\/2025\/03\/Delegazione-Gorizia-Palazzo-Attems-Santa-Croce-tempietto-neoclassico-Parco-del-Municipio-2-@Dario-Sclauzero-474x324.jpg",474,324,true],"gridsquare":["https:\/\/imagazine.it\/wp-content\/uploads\/2025\/03\/Delegazione-Gorizia-Palazzo-Attems-Santa-Croce-tempietto-neoclassico-Parco-del-Municipio-2-@Dario-Sclauzero-391x260.jpg",391,260,true],"tileview":["https:\/\/imagazine.it\/wp-content\/uploads\/2025\/03\/Delegazione-Gorizia-Palazzo-Attems-Santa-Croce-tempietto-neoclassico-Parco-del-Municipio-2-@Dario-Sclauzero-300x400.jpg",300,400,true],"1536x1536":["https:\/\/imagazine.it\/wp-content\/uploads\/2025\/03\/Delegazione-Gorizia-Palazzo-Attems-Santa-Croce-tempietto-neoclassico-Parco-del-Municipio-2-@Dario-Sclauzero.jpg",1366,912,false],"2048x2048":["https:\/\/imagazine.it\/wp-content\/uploads\/2025\/03\/Delegazione-Gorizia-Palazzo-Attems-Santa-Croce-tempietto-neoclassico-Parco-del-Municipio-2-@Dario-Sclauzero.jpg",1366,912,false],"newsup-slider-full":["https:\/\/imagazine.it\/wp-content\/uploads\/2025\/03\/Delegazione-Gorizia-Palazzo-Attems-Santa-Croce-tempietto-neoclassico-Parco-del-Municipio-2-@Dario-Sclauzero-1280x720.jpg",1280,720,true],"newsup-featured":["https:\/\/imagazine.it\/wp-content\/uploads\/2025\/03\/Delegazione-Gorizia-Palazzo-Attems-Santa-Croce-tempietto-neoclassico-Parco-del-Municipio-2-@Dario-Sclauzero-1024x684.jpg",1024,684,true],"newsup-medium":["https:\/\/imagazine.it\/wp-content\/uploads\/2025\/03\/Delegazione-Gorizia-Palazzo-Attems-Santa-Croce-tempietto-neoclassico-Parco-del-Municipio-2-@Dario-Sclauzero-720x380.jpg",720,380,true],"tptn_thumbnail":["https:\/\/imagazine.it\/wp-content\/uploads\/2025\/03\/Delegazione-Gorizia-Palazzo-Attems-Santa-Croce-tempietto-neoclassico-Parco-del-Municipio-2-@Dario-Sclauzero-250x210.jpg",250,210,true],"sow-carousel-default":["https:\/\/imagazine.it\/wp-content\/uploads\/2025\/03\/Delegazione-Gorizia-Palazzo-Attems-Santa-Croce-tempietto-neoclassico-Parco-del-Municipio-2-@Dario-Sclauzero-272x182.jpg",272,182,true]},"rttpg_author":{"display_name":"redazione","author_link":"https:\/\/imagazine.it\/home_desk\/author\/redazione\/"},"rttpg_comment":0,"rttpg_category":"<a href=\"https:\/\/imagazine.it\/home_desk\/category\/turismo\/\" rel=\"category tag\">TURISMO<\/a>","rttpg_excerpt":"Coinvolti 12 comuni della regione: 200 volontari e 479 apprendisti ciceroni condurranno il pubblico tra paesaggi e cultura","_links":{"self":[{"href":"https:\/\/imagazine.it\/home_desk\/wp-json\/wp\/v2\/posts\/63551","targetHints":{"allow":["GET"]}}],"collection":[{"href":"https:\/\/imagazine.it\/home_desk\/wp-json\/wp\/v2\/posts"}],"about":[{"href":"https:\/\/imagazine.it\/home_desk\/wp-json\/wp\/v2\/types\/post"}],"author":[{"embeddable":true,"href":"https:\/\/imagazine.it\/home_desk\/wp-json\/wp\/v2\/users\/28"}],"replies":[{"embeddable":true,"href":"https:\/\/imagazine.it\/home_desk\/wp-json\/wp\/v2\/comments?post=63551"}],"version-history":[{"count":0,"href":"https:\/\/imagazine.it\/home_desk\/wp-json\/wp\/v2\/posts\/63551\/revisions"}],"wp:featuredmedia":[{"embeddable":true,"href":"https:\/\/imagazine.it\/home_desk\/wp-json\/wp\/v2\/media\/63552"}],"wp:attachment":[{"href":"https:\/\/imagazine.it\/home_desk\/wp-json\/wp\/v2\/media?parent=63551"}],"wp:term":[{"taxonomy":"category","embeddable":true,"href":"https:\/\/imagazine.it\/home_desk\/wp-json\/wp\/v2\/categories?post=63551"},{"taxonomy":"post_tag","embeddable":true,"href":"https:\/\/imagazine.it\/home_desk\/wp-json\/wp\/v2\/tags?post=63551"}],"curies":[{"name":"wp","href":"https:\/\/api.w.org\/{rel}","templated":true}]}}