{"id":63530,"date":"2025-03-12T12:55:11","date_gmt":"2025-03-12T11:55:11","guid":{"rendered":"https:\/\/imagazine.it\/home_desk\/?p=63530"},"modified":"2025-03-13T11:45:00","modified_gmt":"2025-03-13T10:45:00","slug":"pordenone-capitale-italiana-della-cultura-2027","status":"publish","type":"post","link":"https:\/\/imagazine.it\/home_desk\/pordenone-capitale-italiana-della-cultura-2027\/","title":{"rendered":"Pordenone Capitale italiana della Cultura 2027"},"content":{"rendered":"<p><span style=\"font-size: 10pt;\"><em>L&#8217;attesa del verdetto in collegamento con il Ministero<\/em><\/span><\/p>\n<p>ROMA &#8211; &#8220;Pordenone 2027. Citt\u00e0 che sorprende&#8221;: questo il progetto scelto per l&#8217;assegnazione del titolo di Capitale Italiana della Cultura per l&#8217;anno 2027.<\/p>\n<p>Questa mattina, nella Sala Spadolini del Ministero della Cultura a Roma, il ministro <strong>Alessandro Giuli<\/strong> ha comunicato ufficialmente la decisione della Giuria di selezione.<\/p>\n<p><em>\u201cCon questo riconoscimento \u2013 <\/em>le parole del vicesindaco reggente, <strong>Alberto Parigi<\/strong><em> \u2013 tutta la citt\u00e0, il suo territorio e l\u2019intera provincia del Nord-Est conquistano finalmente un posto nella mappa culturale del Paese, con un\u2019identit\u00e0 autentica e pienamente riconosciuta. Questo titolo ci offre l\u2019opportunit\u00e0 di restituire un\u2019immagine completa e veritiera di Pordenone, oltre gli stereotipi e le visioni sfocate. La Commissione ha acceso un faro su un territorio spesso lontano dai riflettori, permettendogli di emergere e mostrarsi nella sua interezza. Oggi celebriamo tutti insieme la cultura come motore di crescita e di futuro\u201d.<\/em><\/p>\n<h3>La motivazione della giuria<\/h3>\n<p>La valutazione delle candidature \u00e8 stata affidata a una Giuria composta da <strong>sette esperti indipendenti<\/strong> che, dopo aver svolto le audizioni pubbliche incontrando le dieci citt\u00e0 finaliste gli scorsi 25 e 26 febbraio, ha formulato una raccomandazione al Ministro della Cultura, indicando il Comune ritenuto pi\u00f9 idoneo e motivando adeguatamente la scelta.<\/p>\n<p>Questa <strong>la motivazione<\/strong> che ha portato all\u2019assegnazione del titolo alla citt\u00e0:<\/p>\n<p>\u201cIl dossier propone un modello di valorizzazione culturale innovativo e inclusivo, capace di coniugare tradizione e contemporaneit\u00e0. L\u2019approccio strategico mira a rafforzare l\u2019identit\u00e0 del territorio attraverso progetti che intrecciano patrimonio storico, arti visive, cinema e partecipazione attiva della comunit\u00e0. Particolarmente apprezzata la capacit\u00e0 di attivare un processo di coinvolgimento diffuso che reinterpreta il legame tra memoria, territorio e creativit\u00e0. Il progetto si distingue per la volont\u00e0 di rendere la cultura un motore di sviluppo sostenibile con un programma articolato lungo l\u2019intero anno, capace di attrarre un pubblico ampio e diversificato. La strategia di investimento \u00e8 solida e coerente con gli obiettivi, con un impatto atteso significativo sul tessuto socio-economico. Apprezzata inoltre l\u2019integrazione tra istituzioni culturali, sistema museale, universitario e realt\u00e0 associative, che garantisce una rete solida e partecipativa. La particolare attenzione rivolta ai giovani, non soltanto come fruitori ma come protagonisti del processo creativo, conferma la visione dinamica e inclusiva del progetto. Il dossier soddisfa gli indicatori del bando ponendosi come un modello di progettazione culturale innovativa e condivisa. Il giudizio \u00e8 eccellente. Pertanto la Giuria all\u2019unanimit\u00e0, raccomanda come Capitale italiana della Cultura 2027 Pordenone\u201d.<\/p>\n<h3>Le citt\u00e0 finaliste<\/h3>\n<p>Alla corsa per il titolo di Capitale italiana della Cultura 2027 hanno partecipato: Alberobello (Puglia), Aliano (Basilicata), Brindisi (Puglia), Gallipoli (Puglia), La Spezia (Liguria), Pompei (Campania), Reggio Calabria (Calabria), Sant\u2019Andrea di Conza (Campania), Savona (Liguria).<\/p>\n<h3>I prossimi passi<\/h3>\n<p>Il titolo di Capitale italiana della Cultura sar\u00e0 formalmente conferito dal <strong>Consiglio dei Ministri<\/strong>, con propria delibera, dietro proposta del Ministro della Cultura, che recepisce la raccomandazione della Giuria di selezione.<\/p>\n<p>Pordenone ricever\u00e0 un contributo statale di <strong>un milione di euro<\/strong> volto a valorizzare, per il periodo di un anno, i propri caratteri originali e i fattori che ne determinano lo sviluppo culturale, inteso come motore di crescita dell\u2019intera comunit\u00e0 e per\u00a0promuovere i progetti e le attivit\u00e0 proposte nel dossier di candidatura.<\/p>\n","protected":false},"excerpt":{"rendered":"<p>Storica assegnazione per la citt\u00e0. L&#8217;annuncio nella Sala Spadolini del Ministero. Nuovi investimenti in arrivo<\/p>\n","protected":false},"author":28,"featured_media":63537,"comment_status":"closed","ping_status":"closed","sticky":false,"template":"","format":"image","meta":{"dwc-title":[""],"dwc-content":[""],"footnotes":""},"categories":[37],"tags":[],"class_list":["post-63530","post","type-post","status-publish","format-image","has-post-thumbnail","hentry","category-cultura-e-spettacolo","post_format-post-format-image"],"rttpg_featured_image_url":{"full":["https:\/\/imagazine.it\/wp-content\/uploads\/2025\/03\/capitale-cultura-annuncio.jpg",1366,715,false],"landscape":["https:\/\/imagazine.it\/wp-content\/uploads\/2025\/03\/capitale-cultura-annuncio.jpg",1366,715,false],"portraits":["https:\/\/imagazine.it\/wp-content\/uploads\/2025\/03\/capitale-cultura-annuncio.jpg",1366,715,false],"thumbnail":["https:\/\/imagazine.it\/wp-content\/uploads\/2025\/03\/capitale-cultura-annuncio-150x150.jpg",150,150,true],"medium":["https:\/\/imagazine.it\/wp-content\/uploads\/2025\/03\/capitale-cultura-annuncio-300x157.jpg",300,157,true],"large":["https:\/\/imagazine.it\/wp-content\/uploads\/2025\/03\/capitale-cultura-annuncio-1024x536.jpg",640,335,true],"thumblist":["https:\/\/imagazine.it\/wp-content\/uploads\/2025\/03\/capitale-cultura-annuncio-300x300.jpg",300,300,true],"thumbrelated":["https:\/\/imagazine.it\/wp-content\/uploads\/2025\/03\/capitale-cultura-annuncio-500x500.jpg",500,500,true],"meccarouselthumb":["https:\/\/imagazine.it\/wp-content\/uploads\/2025\/03\/capitale-cultura-annuncio-474x324.jpg",474,324,true],"gridsquare":["https:\/\/imagazine.it\/wp-content\/uploads\/2025\/03\/capitale-cultura-annuncio-391x260.jpg",391,260,true],"tileview":["https:\/\/imagazine.it\/wp-content\/uploads\/2025\/03\/capitale-cultura-annuncio-300x400.jpg",300,400,true],"1536x1536":["https:\/\/imagazine.it\/wp-content\/uploads\/2025\/03\/capitale-cultura-annuncio.jpg",1366,715,false],"2048x2048":["https:\/\/imagazine.it\/wp-content\/uploads\/2025\/03\/capitale-cultura-annuncio.jpg",1366,715,false],"newsup-slider-full":["https:\/\/imagazine.it\/wp-content\/uploads\/2025\/03\/capitale-cultura-annuncio-1280x715.jpg",1280,715,true],"newsup-featured":["https:\/\/imagazine.it\/wp-content\/uploads\/2025\/03\/capitale-cultura-annuncio-1024x536.jpg",1024,536,true],"newsup-medium":["https:\/\/imagazine.it\/wp-content\/uploads\/2025\/03\/capitale-cultura-annuncio-720x380.jpg",720,380,true],"tptn_thumbnail":["https:\/\/imagazine.it\/wp-content\/uploads\/2025\/03\/capitale-cultura-annuncio-250x210.jpg",250,210,true],"sow-carousel-default":["https:\/\/imagazine.it\/wp-content\/uploads\/2025\/03\/capitale-cultura-annuncio-272x182.jpg",272,182,true]},"rttpg_author":{"display_name":"redazione","author_link":"https:\/\/imagazine.it\/home_desk\/author\/redazione\/"},"rttpg_comment":0,"rttpg_category":"<a href=\"https:\/\/imagazine.it\/home_desk\/category\/cultura-e-spettacolo\/\" rel=\"category tag\">CULTURA&amp;SPETTACOLO<\/a>","rttpg_excerpt":"Storica assegnazione per la citt\u00e0. L'annuncio nella Sala Spadolini del Ministero. Nuovi investimenti in arrivo","_links":{"self":[{"href":"https:\/\/imagazine.it\/home_desk\/wp-json\/wp\/v2\/posts\/63530","targetHints":{"allow":["GET"]}}],"collection":[{"href":"https:\/\/imagazine.it\/home_desk\/wp-json\/wp\/v2\/posts"}],"about":[{"href":"https:\/\/imagazine.it\/home_desk\/wp-json\/wp\/v2\/types\/post"}],"author":[{"embeddable":true,"href":"https:\/\/imagazine.it\/home_desk\/wp-json\/wp\/v2\/users\/28"}],"replies":[{"embeddable":true,"href":"https:\/\/imagazine.it\/home_desk\/wp-json\/wp\/v2\/comments?post=63530"}],"version-history":[{"count":0,"href":"https:\/\/imagazine.it\/home_desk\/wp-json\/wp\/v2\/posts\/63530\/revisions"}],"wp:featuredmedia":[{"embeddable":true,"href":"https:\/\/imagazine.it\/home_desk\/wp-json\/wp\/v2\/media\/63537"}],"wp:attachment":[{"href":"https:\/\/imagazine.it\/home_desk\/wp-json\/wp\/v2\/media?parent=63530"}],"wp:term":[{"taxonomy":"category","embeddable":true,"href":"https:\/\/imagazine.it\/home_desk\/wp-json\/wp\/v2\/categories?post=63530"},{"taxonomy":"post_tag","embeddable":true,"href":"https:\/\/imagazine.it\/home_desk\/wp-json\/wp\/v2\/tags?post=63530"}],"curies":[{"name":"wp","href":"https:\/\/api.w.org\/{rel}","templated":true}]}}