{"id":63485,"date":"2025-03-01T14:52:21","date_gmt":"2025-03-01T13:52:21","guid":{"rendered":"https:\/\/imagazine.it\/home_desk\/?p=63485"},"modified":"2025-03-11T14:56:55","modified_gmt":"2025-03-11T13:56:55","slug":"divertimento-e-solidarieta-in-maschera","status":"publish","type":"post","link":"https:\/\/imagazine.it\/home_desk\/divertimento-e-solidarieta-in-maschera\/","title":{"rendered":"Divertimento e solidariet\u00e0 in maschera"},"content":{"rendered":"<p>RUDA \u2013 Durante il Carnevale, i bambini di Ruda hanno ospitato quelli di Terzo di Aquileia, e insieme hanno partecipato alla festa di <strong>Carnevale a Perteole<\/strong>.<\/p>\n<p>Un tripudio di colori ha invaso le vie della frazione di Ruda, con coriandoli e stelle filanti a ricoprire le strade.<\/p>\n<p>I partecipanti, visibilmente divertiti, hanno potuto godere di una splendida giornata di sole, dall&#8217;atmosfera quasi primaverile.<\/p>\n<p>Al termine della sfilata, l&#8217;intera comunit\u00e0, composta da bambini, ragazzi e genitori, si \u00e8 riunita presso la sala polifunzionale dove i festeggiamenti sono proseguiti con un&#8217;ampia gamma di attivit\u00e0.<\/p>\n<p>postazioni di truccabimbi hanno trasformato i volti dei pi\u00f9 piccoli in opere d&#8217;arte viventi, mentre il karaoke ha offerto a tutti l&#8217;opportunit\u00e0 di esprimere il proprio talento canoro in un&#8217;atmosfera di allegra competizione.<\/p>\n<p>Il culmine della festa \u00e8 stato raggiunto con l&#8217;estrazione della lotteria, che ha distribuito premi a tutti.<\/p>\n<p>L&#8217;iniziativa, tuttavia, non si \u00e8 limitata al puro divertimento: il ricavato della lotteria sar\u00e0 interamente devoluto all&#8217;acquisto di materiale scolastico che verr\u00e0 distribuito agli alunni delle scuole del territorio che ne hanno necessit\u00e0.<\/p>\n<p>Le mamme hanno offerto crostoli e dolci fatti in casa, molto apprezzati da tutti i presenti, la cui bont\u00e0 ha riscosso un tale successo che non \u00e8 rimasto praticamente nulla.<\/p>\n","protected":false},"excerpt":{"rendered":"<p>Folta partecipazione al Carnevale di Perteole, con i bambini di Terzo di Aquileia ospiti dei coetanei di Ruda. Raccolti fondi per studenti bisognosi<\/p>\n","protected":false},"author":22,"featured_media":63486,"comment_status":"closed","ping_status":"closed","sticky":false,"template":"","format":"image","meta":{"dwc-title":[""],"dwc-content":[""],"footnotes":""},"categories":[5],"tags":[546,93,1204,212,1175],"class_list":["post-63485","post","type-post","status-publish","format-image","has-post-thumbnail","hentry","category-attualita","tag-bambini","tag-carnevale","tag-perteole","tag-ruda","tag-terzo","post_format-post-format-image"],"rttpg_featured_image_url":{"full":["https:\/\/imagazine.it\/wp-content\/uploads\/2025\/03\/carnevale-perteole-01.jpg",1366,778,false],"landscape":["https:\/\/imagazine.it\/wp-content\/uploads\/2025\/03\/carnevale-perteole-01.jpg",1366,778,false],"portraits":["https:\/\/imagazine.it\/wp-content\/uploads\/2025\/03\/carnevale-perteole-01.jpg",1366,778,false],"thumbnail":["https:\/\/imagazine.it\/wp-content\/uploads\/2025\/03\/carnevale-perteole-01-150x150.jpg",150,150,true],"medium":["https:\/\/imagazine.it\/wp-content\/uploads\/2025\/03\/carnevale-perteole-01-300x171.jpg",300,171,true],"large":["https:\/\/imagazine.it\/wp-content\/uploads\/2025\/03\/carnevale-perteole-01-1024x583.jpg",640,364,true],"thumblist":["https:\/\/imagazine.it\/wp-content\/uploads\/2025\/03\/carnevale-perteole-01-300x300.jpg",300,300,true],"thumbrelated":["https:\/\/imagazine.it\/wp-content\/uploads\/2025\/03\/carnevale-perteole-01-500x500.jpg",500,500,true],"meccarouselthumb":["https:\/\/imagazine.it\/wp-content\/uploads\/2025\/03\/carnevale-perteole-01-474x324.jpg",474,324,true],"gridsquare":["https:\/\/imagazine.it\/wp-content\/uploads\/2025\/03\/carnevale-perteole-01-391x260.jpg",391,260,true],"tileview":["https:\/\/imagazine.it\/wp-content\/uploads\/2025\/03\/carnevale-perteole-01-300x400.jpg",300,400,true],"1536x1536":["https:\/\/imagazine.it\/wp-content\/uploads\/2025\/03\/carnevale-perteole-01.jpg",1366,778,false],"2048x2048":["https:\/\/imagazine.it\/wp-content\/uploads\/2025\/03\/carnevale-perteole-01.jpg",1366,778,false],"newsup-slider-full":["https:\/\/imagazine.it\/wp-content\/uploads\/2025\/03\/carnevale-perteole-01-1280x720.jpg",1280,720,true],"newsup-featured":["https:\/\/imagazine.it\/wp-content\/uploads\/2025\/03\/carnevale-perteole-01-1024x583.jpg",1024,583,true],"newsup-medium":["https:\/\/imagazine.it\/wp-content\/uploads\/2025\/03\/carnevale-perteole-01-720x380.jpg",720,380,true],"tptn_thumbnail":["https:\/\/imagazine.it\/wp-content\/uploads\/2025\/03\/carnevale-perteole-01-250x210.jpg",250,210,true],"sow-carousel-default":["https:\/\/imagazine.it\/wp-content\/uploads\/2025\/03\/carnevale-perteole-01-272x182.jpg",272,182,true]},"rttpg_author":{"display_name":"Livio Nonis","author_link":"https:\/\/imagazine.it\/home_desk\/author\/nonis\/"},"rttpg_comment":0,"rttpg_category":"<a href=\"https:\/\/imagazine.it\/home_desk\/category\/attualita\/\" rel=\"category tag\">ATTUALIT\u00c0<\/a>","rttpg_excerpt":"Folta partecipazione al Carnevale di Perteole, con i bambini di Terzo di Aquileia ospiti dei coetanei di Ruda. Raccolti fondi per studenti bisognosi","_links":{"self":[{"href":"https:\/\/imagazine.it\/home_desk\/wp-json\/wp\/v2\/posts\/63485","targetHints":{"allow":["GET"]}}],"collection":[{"href":"https:\/\/imagazine.it\/home_desk\/wp-json\/wp\/v2\/posts"}],"about":[{"href":"https:\/\/imagazine.it\/home_desk\/wp-json\/wp\/v2\/types\/post"}],"author":[{"embeddable":true,"href":"https:\/\/imagazine.it\/home_desk\/wp-json\/wp\/v2\/users\/22"}],"replies":[{"embeddable":true,"href":"https:\/\/imagazine.it\/home_desk\/wp-json\/wp\/v2\/comments?post=63485"}],"version-history":[{"count":0,"href":"https:\/\/imagazine.it\/home_desk\/wp-json\/wp\/v2\/posts\/63485\/revisions"}],"wp:featuredmedia":[{"embeddable":true,"href":"https:\/\/imagazine.it\/home_desk\/wp-json\/wp\/v2\/media\/63486"}],"wp:attachment":[{"href":"https:\/\/imagazine.it\/home_desk\/wp-json\/wp\/v2\/media?parent=63485"}],"wp:term":[{"taxonomy":"category","embeddable":true,"href":"https:\/\/imagazine.it\/home_desk\/wp-json\/wp\/v2\/categories?post=63485"},{"taxonomy":"post_tag","embeddable":true,"href":"https:\/\/imagazine.it\/home_desk\/wp-json\/wp\/v2\/tags?post=63485"}],"curies":[{"name":"wp","href":"https:\/\/api.w.org\/{rel}","templated":true}]}}