{"id":63442,"date":"2025-03-10T15:49:16","date_gmt":"2025-03-10T14:49:16","guid":{"rendered":"https:\/\/imagazine.it\/home_desk\/?p=63442"},"modified":"2025-03-11T10:01:12","modified_gmt":"2025-03-11T09:01:12","slug":"gorizia-ringrazia-le-forze-dellordine","status":"publish","type":"post","link":"https:\/\/imagazine.it\/home_desk\/gorizia-ringrazia-le-forze-dellordine\/","title":{"rendered":"Gorizia ringrazia le forze dell&#8217;ordine"},"content":{"rendered":"<p>GORIZIA \u2013 Venti i riconoscimenti assegnati quest\u2019anno, nella cerimonia che \u00e8 uno dei momenti salienti delle celebrazioni dei patroni di Gorizia, Santi Ilario e Taziano.<\/p>\n<p>Gi\u00e0 da diversi anni la commissione del Premio patroni, formata da Comune, Diocesi, Fondazione Carigo, Camera di Commercio e Consorzio per lo sviluppo universitario, ha ritenuto di rendere merito a coloro che sono un esempio virtuoso in una societ\u00e0 che, troppo spesso, si volta dall\u2019altra parte.<\/p>\n<p>Alla consegna hanno partecipato, insieme al sindaco, <strong>Rodolfo Ziberna<\/strong>, e al prefetto, <strong>Ester Fedullo<\/strong>, i rappresentanti dei sodalizi coinvolti.<\/p>\n<h3><strong>Polizia di Stato<\/strong><\/h3>\n<p>Ispettore<strong> Roberta Gargiulo<\/strong><\/p>\n<p>Responsabile della sezione specializzata nelle misure di prevenzione personali e patrimoniali della Divisione Polizia Anticrimine, ha dimostrato altissima capacit\u00e0 professionale e disponibilit\u00e0.<\/p>\n<p>Ha inoltre rappresentato la Polizia in numerosi progetti di educazione alla legalit\u00e0 negli istituti scolastici provinciali.<\/p>\n<h3><strong>Polizia penitenziaria<\/strong><\/h3>\n<p>Assistente Capo Coordinatore<strong> Nicola Musto<\/strong>, Assistente Capo Coordinatore<strong> Antonino Lo Sardo<\/strong>, Assistente Capo<strong> Rudi Businelli<\/strong>, Assistente<strong> Francesco Papa Lancerotto<\/strong>, Agente Scelto<strong> Giovanni Venudo<\/strong>, Agente Scelto<strong> Giovanni Cecere<\/strong><\/p>\n<p>Nel cuore della notte del 23 luglio 2024, nella Casa circondariale di Gorizia, all\u2019interno della sezione al secondo piano, un detenuto gi\u00e0 resosi autore di episodi di aggressivit\u00e0, danneggiamento e destabilizzazione della sicurezza interna, ha dato fuoco al proprio materasso chiudendosi poi nel bagno interno alla stanza.<\/p>\n<p>Una intensa nube di fumo ha causato agli altri detenuti malore, agitazione e panico. Con l\u2019ausilio di lenzuola e magliette intrise d\u2019acqua, gli agenti hanno soccorso il detenuto tramortito, e con l\u2019ausilio di una coperta come lettiga lo hanno portato in infermeria.<\/p>\n<p>Inoltre circa 70 detenuti sono stati portati nel cortile per essere messi in sicurezza.<\/p>\n<h3><strong>Carabinieri<\/strong><\/h3>\n<p>Maresciallo Capo<strong> Giuseppe Messina <\/strong>e Brigadiere<strong> Roberto Alba<\/strong><\/p>\n<p>Distintisi per l\u2019elevata professionalit\u00e0 e l\u2019acume investigativo dimostrati nella repressione di truffe ai danni di persone anziane.<\/p>\n<h3><strong>Guardia di Finanza<\/strong><\/h3>\n<p>Maresciallo ordinario <strong>Santo Mauro Maria<\/strong><\/p>\n<p>Dopo 30 minuti di inseguimento di un automezzo con targa rumena che non si era fermato all\u2019alt lungo la A34, ha bloccato, immobilizzato e messo a disposizione della polizia slovena il conducente, a Rence.<\/p>\n<p>Sul veicolo sono stati trovati 950 chili di manufatti di rame, rubati da un\u2019azienda di San Vito al Torre.<\/p>\n<h3><strong>Brigata di cavalleria Pozzuolo del Friuli<\/strong><\/h3>\n<p>1\u00b0 Graduato<strong> Fabio Tralia<\/strong><\/p>\n<p>Fuori dal servizio, mentre transitava a bordo della propria auto in via Rafut, ha soccorso un uomo accasciato a terra, verificando l&#8217;assenza della respirazione e del battito cardiaco.<\/p>\n<p>Gli ha quindi praticato le manovre di massaggio cardiaco seguendo le istruzioni del personale sanitario allertato telefonicamente, fino all\u2019arrivo dei soccorsi.<\/p>\n<h3><strong>Vigili del fuoco<\/strong><\/h3>\n<p>Capo Squadra<strong> Alessandro Rossi<\/strong><\/p>\n<p>La notte del 13 dicembre 2024, libero dal servizio, \u00e8 intervenuto nello stabile di Via Brumatti a Cervignano, dove, a causa delle fiamme sprigionatesi nel parcheggio condominiale e del fumo denso che risaliva attraverso il vano scale, era minacciata l\u2019incolumit\u00e0 degli abitanti.<\/p>\n<p>Ha quindi provveduto all\u2019evacuazione di alcuni abitanti, scongiurando pi\u00f9 gravi danni alle persone.<\/p>\n<h3><strong>Polizia locale<\/strong><\/h3>\n<p>Comm. Sup.<strong> Paolo Paesini<\/strong>, V. Comm. <strong>Ecaterina Lavric<\/strong>, Ass. Sc.<strong> Carla Velati<\/strong>, Ass. Sc.<strong> Paola Pascolat<\/strong>, Ag.<strong> Sandro D\u2019Avola<\/strong>, Ag.<strong> Andrea Finizio<\/strong>, Ag. <strong>Andrea Passoni<\/strong>, Ispettore Capo<strong> Stefano Cosolo<\/strong><\/p>\n<p>Ispettore Stefano Cosolo, Agente Scelto Paola Pascolat e Agente Andrea Passoni<\/p>\n<p>Stefano Cosolo, mentre fuori servizio si trovava nel bar Class Caf\u00e8, \u00e8 intervenuto per sedare una rissa tra cinque persone (quattro minorenni tunisini e un 39enne goriziano), riuscendo a dividerle fisicamente e impedendo cos\u00ec un\u2019ulteriore degenerazione. Gli altri due colleghi sono poi sopraggiunti e sono andati alla ricerca dei quattro minori, che si erano allontanati.<\/p>\n<p>Assistente Scelto Carla Velati, Agente Sandro D\u2019Avola, Vice Commissario Ecaterina Lavric<\/p>\n<p>Hanno assicurato alla giustizia un soggetto pluripregiudicato per reati contro il patrimonio, spaccio di stupefacenti e lesioni, dopo averlo inseguito a piedi mentre sotto l\u2019effetto dell\u2019alcol in bicicletta su un viale pedonale metteva in pericolo l\u2019incolumit\u00e0 dei passanti. Dopo l\u2019inseguimento, rischiando la loro incolumit\u00e0, hanno bloccato la persona che si dimostrava reticente. Il soggetto \u00e8 stato arrestato e gli \u00e8 stato applicato il provvedimento di allontanamento con divieto di ritorno nel Comune di Gorizia.<\/p>\n<p>Vice Ispettore Enrico Romano Enrico, Agente Andrea Finizio<\/p>\n<p>In servizio di controllo a Gusti di Frontiera 2024, l\u2019agente \u00e8 intervenuto prontamente per sedare un\u2019aggressione nei confronti di alcuni Carabinieri, immobilizzando la persona violenta con rischio per la propria incolumit\u00e0. Dopo una breve colluttazione,\u00a0l\u2019aggressore \u00e8 stato arrestato.<\/p>\n","protected":false},"excerpt":{"rendered":"<p>Nell&#8217;ambito dei festeggiamenti patronali, assegnati venti riconoscimenti per chi si \u00e8 distinto in atti di coraggio<\/p>\n","protected":false},"author":28,"featured_media":63443,"comment_status":"closed","ping_status":"closed","sticky":false,"template":"","format":"image","meta":{"dwc-title":[""],"dwc-content":[""],"footnotes":""},"categories":[5],"tags":[456,1170,43,541,1003],"class_list":["post-63442","post","type-post","status-publish","format-image","has-post-thumbnail","hentry","category-attualita","tag-carabinieri","tag-forze-dellordine","tag-gorizia","tag-polizia","tag-pompieri","post_format-post-format-image"],"rttpg_featured_image_url":{"full":["https:\/\/imagazine.it\/wp-content\/uploads\/2025\/03\/Premiazione-Forze-dellordine.jpeg",1366,717,false],"landscape":["https:\/\/imagazine.it\/wp-content\/uploads\/2025\/03\/Premiazione-Forze-dellordine.jpeg",1366,717,false],"portraits":["https:\/\/imagazine.it\/wp-content\/uploads\/2025\/03\/Premiazione-Forze-dellordine.jpeg",1366,717,false],"thumbnail":["https:\/\/imagazine.it\/wp-content\/uploads\/2025\/03\/Premiazione-Forze-dellordine-150x150.jpeg",150,150,true],"medium":["https:\/\/imagazine.it\/wp-content\/uploads\/2025\/03\/Premiazione-Forze-dellordine-300x157.jpeg",300,157,true],"large":["https:\/\/imagazine.it\/wp-content\/uploads\/2025\/03\/Premiazione-Forze-dellordine-1024x537.jpeg",640,336,true],"thumblist":["https:\/\/imagazine.it\/wp-content\/uploads\/2025\/03\/Premiazione-Forze-dellordine-300x300.jpeg",300,300,true],"thumbrelated":["https:\/\/imagazine.it\/wp-content\/uploads\/2025\/03\/Premiazione-Forze-dellordine-500x500.jpeg",500,500,true],"meccarouselthumb":["https:\/\/imagazine.it\/wp-content\/uploads\/2025\/03\/Premiazione-Forze-dellordine-474x324.jpeg",474,324,true],"gridsquare":["https:\/\/imagazine.it\/wp-content\/uploads\/2025\/03\/Premiazione-Forze-dellordine-391x260.jpeg",391,260,true],"tileview":["https:\/\/imagazine.it\/wp-content\/uploads\/2025\/03\/Premiazione-Forze-dellordine-300x400.jpeg",300,400,true],"1536x1536":["https:\/\/imagazine.it\/wp-content\/uploads\/2025\/03\/Premiazione-Forze-dellordine.jpeg",1366,717,false],"2048x2048":["https:\/\/imagazine.it\/wp-content\/uploads\/2025\/03\/Premiazione-Forze-dellordine.jpeg",1366,717,false],"newsup-slider-full":["https:\/\/imagazine.it\/wp-content\/uploads\/2025\/03\/Premiazione-Forze-dellordine-1280x717.jpeg",1280,717,true],"newsup-featured":["https:\/\/imagazine.it\/wp-content\/uploads\/2025\/03\/Premiazione-Forze-dellordine-1024x537.jpeg",1024,537,true],"newsup-medium":["https:\/\/imagazine.it\/wp-content\/uploads\/2025\/03\/Premiazione-Forze-dellordine-720x380.jpeg",720,380,true],"tptn_thumbnail":["https:\/\/imagazine.it\/wp-content\/uploads\/2025\/03\/Premiazione-Forze-dellordine-250x210.jpeg",250,210,true],"sow-carousel-default":["https:\/\/imagazine.it\/wp-content\/uploads\/2025\/03\/Premiazione-Forze-dellordine-272x182.jpeg",272,182,true]},"rttpg_author":{"display_name":"redazione","author_link":"https:\/\/imagazine.it\/home_desk\/author\/redazione\/"},"rttpg_comment":0,"rttpg_category":"<a href=\"https:\/\/imagazine.it\/home_desk\/category\/attualita\/\" rel=\"category tag\">ATTUALIT\u00c0<\/a>","rttpg_excerpt":"Nell'ambito dei festeggiamenti patronali, assegnati venti riconoscimenti per chi si \u00e8 distinto in atti di coraggio","_links":{"self":[{"href":"https:\/\/imagazine.it\/home_desk\/wp-json\/wp\/v2\/posts\/63442","targetHints":{"allow":["GET"]}}],"collection":[{"href":"https:\/\/imagazine.it\/home_desk\/wp-json\/wp\/v2\/posts"}],"about":[{"href":"https:\/\/imagazine.it\/home_desk\/wp-json\/wp\/v2\/types\/post"}],"author":[{"embeddable":true,"href":"https:\/\/imagazine.it\/home_desk\/wp-json\/wp\/v2\/users\/28"}],"replies":[{"embeddable":true,"href":"https:\/\/imagazine.it\/home_desk\/wp-json\/wp\/v2\/comments?post=63442"}],"version-history":[{"count":0,"href":"https:\/\/imagazine.it\/home_desk\/wp-json\/wp\/v2\/posts\/63442\/revisions"}],"wp:featuredmedia":[{"embeddable":true,"href":"https:\/\/imagazine.it\/home_desk\/wp-json\/wp\/v2\/media\/63443"}],"wp:attachment":[{"href":"https:\/\/imagazine.it\/home_desk\/wp-json\/wp\/v2\/media?parent=63442"}],"wp:term":[{"taxonomy":"category","embeddable":true,"href":"https:\/\/imagazine.it\/home_desk\/wp-json\/wp\/v2\/categories?post=63442"},{"taxonomy":"post_tag","embeddable":true,"href":"https:\/\/imagazine.it\/home_desk\/wp-json\/wp\/v2\/tags?post=63442"}],"curies":[{"name":"wp","href":"https:\/\/api.w.org\/{rel}","templated":true}]}}