{"id":63242,"date":"2025-03-06T10:15:45","date_gmt":"2025-03-06T09:15:45","guid":{"rendered":"https:\/\/imagazine.it\/home_desk\/?p=63242"},"modified":"2025-03-06T16:24:34","modified_gmt":"2025-03-06T15:24:34","slug":"jazz-wine-of-peace-bettinello-nuovo-direttore-artistico","status":"publish","type":"post","link":"https:\/\/imagazine.it\/home_desk\/jazz-wine-of-peace-bettinello-nuovo-direttore-artistico\/","title":{"rendered":"Jazz &#038; Wine of Peace: Bettinello nuovo direttore artistico"},"content":{"rendered":"<p><span style=\"font-size: 10pt;\"><em>Enrico Bettinello <\/em><\/span><\/p>\n<p>CORM\u00d2NS <strong>\u2013<\/strong><strong> Enrico Bettinello<\/strong> \u00e8 il nuovo direttore artistico del festival transfrontaliero<strong> Jazz &amp; Wine of Peace di Corm\u00f2ns<\/strong>.<\/p>\n<p>La rassegna organizzata da Circolo Controtempo da oltre 30 anni, nel mese di ottobre, porta nel Collio friulano e sloveno il meglio del jazz internazionale.<\/p>\n<p>Selezionato attraverso una call pubblica, succede a Mauro Bardusco, storico fondatore e direttore artistico del festival, scomparso nel giugno 2024.<\/p>\n<p>Veneziano, 53 anni, critico musicale, attualmente curatore artistico del Centro di Produzione Musica WeStart di NovaraJazz e consulente per il Centro Santa Chiara di Trento, oltre che curatore per Pro Helvetia a Venezia, ha collaborato con testate come BlowUp, Il Giornale della Musica e Musica Jazz, oltre a essere una voce autorevole per Rai Radio3 e RSI2.<\/p>\n<p>La sua carriera si \u00e8 poi progressivamente arricchita con esperienze di direzione artistica e docenza.<\/p>\n<p>\u201cSono davvero felice e onorato \u2013 dichiara Bettinello \u2013 di questa nuova avventura a Jazz &amp; Wine of Peace, festival a cui sono legato da molto tempo da amicizia e stima e approfitto per ringraziare di cuore il direttivo per la fiducia accordatami\u201d.<\/p>\n<p>\u201cCredo \u2013 aggiunge \u2013 che il lavoro svolto in questi anni da Mauro Bardusco, che era un caro amico, oltre che un competente e generoso organizzatore, abbia posto delle basi imprescindibili per provare non solo a continuare con il medesimo entusiasmo creativo, ma anche a far crescere il progetto in una direzione di rinnovamento e internazionalizzazione che gi\u00e0 sono nel Dna stesso del festival e del territorio\u201d.<\/p>\n","protected":false},"excerpt":{"rendered":"<p>Succede al compianto Mauro Bardusco. Gi\u00e0 all&#8217;opera per l&#8217;edizione 2025 del festival che porter\u00e0 a Corm\u00f2ns il meglio del jazz internazionale<\/p>\n","protected":false},"author":28,"featured_media":63243,"comment_status":"closed","ping_status":"closed","sticky":false,"template":"","format":"image","meta":{"dwc-title":[""],"dwc-content":[""],"footnotes":""},"categories":[37],"tags":[517,58,281,55],"class_list":["post-63242","post","type-post","status-publish","format-image","has-post-thumbnail","hentry","category-cultura-e-spettacolo","tag-cormons","tag-festival","tag-jazz","tag-musica","post_format-post-format-image"],"rttpg_featured_image_url":{"full":["https:\/\/imagazine.it\/wp-content\/uploads\/2025\/03\/Bettinello-12-1.jpeg",1366,778,false],"landscape":["https:\/\/imagazine.it\/wp-content\/uploads\/2025\/03\/Bettinello-12-1.jpeg",1366,778,false],"portraits":["https:\/\/imagazine.it\/wp-content\/uploads\/2025\/03\/Bettinello-12-1.jpeg",1366,778,false],"thumbnail":["https:\/\/imagazine.it\/wp-content\/uploads\/2025\/03\/Bettinello-12-1-150x150.jpeg",150,150,true],"medium":["https:\/\/imagazine.it\/wp-content\/uploads\/2025\/03\/Bettinello-12-1-300x171.jpeg",300,171,true],"large":["https:\/\/imagazine.it\/wp-content\/uploads\/2025\/03\/Bettinello-12-1-1024x583.jpeg",640,364,true],"thumblist":["https:\/\/imagazine.it\/wp-content\/uploads\/2025\/03\/Bettinello-12-1-300x300.jpeg",300,300,true],"thumbrelated":["https:\/\/imagazine.it\/wp-content\/uploads\/2025\/03\/Bettinello-12-1-500x500.jpeg",500,500,true],"meccarouselthumb":["https:\/\/imagazine.it\/wp-content\/uploads\/2025\/03\/Bettinello-12-1-474x324.jpeg",474,324,true],"gridsquare":["https:\/\/imagazine.it\/wp-content\/uploads\/2025\/03\/Bettinello-12-1-391x260.jpeg",391,260,true],"tileview":["https:\/\/imagazine.it\/wp-content\/uploads\/2025\/03\/Bettinello-12-1-300x400.jpeg",300,400,true],"1536x1536":["https:\/\/imagazine.it\/wp-content\/uploads\/2025\/03\/Bettinello-12-1.jpeg",1366,778,false],"2048x2048":["https:\/\/imagazine.it\/wp-content\/uploads\/2025\/03\/Bettinello-12-1.jpeg",1366,778,false],"newsup-slider-full":["https:\/\/imagazine.it\/wp-content\/uploads\/2025\/03\/Bettinello-12-1-1280x720.jpeg",1280,720,true],"newsup-featured":["https:\/\/imagazine.it\/wp-content\/uploads\/2025\/03\/Bettinello-12-1-1024x583.jpeg",1024,583,true],"newsup-medium":["https:\/\/imagazine.it\/wp-content\/uploads\/2025\/03\/Bettinello-12-1-720x380.jpeg",720,380,true],"tptn_thumbnail":["https:\/\/imagazine.it\/wp-content\/uploads\/2025\/03\/Bettinello-12-1-250x210.jpeg",250,210,true],"sow-carousel-default":["https:\/\/imagazine.it\/wp-content\/uploads\/2025\/03\/Bettinello-12-1-272x182.jpeg",272,182,true]},"rttpg_author":{"display_name":"redazione","author_link":"https:\/\/imagazine.it\/home_desk\/author\/redazione\/"},"rttpg_comment":0,"rttpg_category":"<a href=\"https:\/\/imagazine.it\/home_desk\/category\/cultura-e-spettacolo\/\" rel=\"category tag\">CULTURA&amp;SPETTACOLO<\/a>","rttpg_excerpt":"Succede al compianto Mauro Bardusco. Gi\u00e0 all'opera per l'edizione 2025 del festival che porter\u00e0 a Corm\u00f2ns il meglio del jazz internazionale","_links":{"self":[{"href":"https:\/\/imagazine.it\/home_desk\/wp-json\/wp\/v2\/posts\/63242","targetHints":{"allow":["GET"]}}],"collection":[{"href":"https:\/\/imagazine.it\/home_desk\/wp-json\/wp\/v2\/posts"}],"about":[{"href":"https:\/\/imagazine.it\/home_desk\/wp-json\/wp\/v2\/types\/post"}],"author":[{"embeddable":true,"href":"https:\/\/imagazine.it\/home_desk\/wp-json\/wp\/v2\/users\/28"}],"replies":[{"embeddable":true,"href":"https:\/\/imagazine.it\/home_desk\/wp-json\/wp\/v2\/comments?post=63242"}],"version-history":[{"count":0,"href":"https:\/\/imagazine.it\/home_desk\/wp-json\/wp\/v2\/posts\/63242\/revisions"}],"wp:featuredmedia":[{"embeddable":true,"href":"https:\/\/imagazine.it\/home_desk\/wp-json\/wp\/v2\/media\/63243"}],"wp:attachment":[{"href":"https:\/\/imagazine.it\/home_desk\/wp-json\/wp\/v2\/media?parent=63242"}],"wp:term":[{"taxonomy":"category","embeddable":true,"href":"https:\/\/imagazine.it\/home_desk\/wp-json\/wp\/v2\/categories?post=63242"},{"taxonomy":"post_tag","embeddable":true,"href":"https:\/\/imagazine.it\/home_desk\/wp-json\/wp\/v2\/tags?post=63242"}],"curies":[{"name":"wp","href":"https:\/\/api.w.org\/{rel}","templated":true}]}}