{"id":63234,"date":"2025-03-02T17:33:08","date_gmt":"2025-03-02T16:33:08","guid":{"rendered":"https:\/\/imagazine.it\/home_desk\/?p=63234"},"modified":"2025-03-05T17:40:34","modified_gmt":"2025-03-05T16:40:34","slug":"cervignano-abbraccia-tito-diamanti-ed-elsa-rocco","status":"publish","type":"post","link":"https:\/\/imagazine.it\/home_desk\/cervignano-abbraccia-tito-diamanti-ed-elsa-rocco\/","title":{"rendered":"Cervignano abbraccia Tito Diamanti ed Elsa Rocco"},"content":{"rendered":"<p><span style=\"font-size: 10pt;\"><em>I coniugi Diamanti assieme a don Sinuhe Marotta<\/em><\/span><\/p>\n<p>CERVIGNANO DEL FRIULI \u2013 <strong>Tito Diamanti<\/strong> ed <strong>Elsa Rocco<\/strong> hanno celebrato le loro nozze di diamante, 60 anni di vita insieme.<\/p>\n<p>Durante la messa in duomo hanno rinnovato le loro promesse matrimoniali davanti al parroco <strong>don Sinuhe Marotta<\/strong>.<\/p>\n<p>Erano presenti i tre figli, <strong>Danilo<\/strong>, <strong>Dario<\/strong> ed <strong>Emilia<\/strong>, i nipoti <strong>Riccardo<\/strong>, <strong>Daniele<\/strong>, <strong>Valentina<\/strong>, <strong>Giorgia<\/strong> e <strong>Aurora<\/strong>, e l&#8217;ultimo arrivato, il pronipote <strong>Ethan<\/strong>, insieme ad amici e conoscenti che hanno condiviso con loro tratti di vita in questi anni.<\/p>\n<p>Il loro primo incontro \u00e8 avvenuto da studenti: entrambi si sono trovati a scioperare per l&#8217;invasione dell&#8217;Ungheria.<\/p>\n<p>Da l\u00ec \u00e8 nata un&#8217;amicizia che poi si \u00e8 trasformata in amore e che il 2 marzo 1965 li ha portati all&#8217;altare a Caserta.<\/p>\n<p>Tito, nella sua vita lavorativa, ha ricoperto il ruolo di Colonnello dell&#8217;Esercito in Cavalleria, prestando servizio presso la caserma di Cervignano del Friuli.<\/p>\n<p>In particolare, si \u00e8 distinto per la sua dedizione durante i soccorsi prestati alle popolazioni del Friuli colpite dal terremoto nel 1976. La sua leadership e il suo spirito di servizio sono stati riconosciuti con importanti onorificenze, tra cui la Medaglia d&#8217;Oro dei Cavalieri di San Maurizio, un riconoscimento al valore e alla fedelt\u00e0.<\/p>\n<p>Elsa ha dedicato la sua vita alla famiglia, svolgendo il ruolo di mamma premurosa. Tito, 86 anni, ed Elsa, 82, hanno spiegato che l&#8217;elisir della loro lunga vita matrimoniale \u00e8 fatto di tanta pazienza e tanto affetto.<\/p>\n","protected":false},"excerpt":{"rendered":"<p>Partecipata celebrazione per i 60 anni di matrimonio dei due coniugi. Il segreto? &#8220;Tanta pazienza e affetto&#8221;<\/p>\n","protected":false},"author":22,"featured_media":63235,"comment_status":"closed","ping_status":"closed","sticky":false,"template":"","format":"image","meta":{"dwc-title":[""],"dwc-content":[""],"footnotes":""},"categories":[5],"tags":[2059,119,2157],"class_list":["post-63234","post","type-post","status-publish","format-image","has-post-thumbnail","hentry","category-attualita","tag-anniversari","tag-cervignano","tag-matrimoni","post_format-post-format-image"],"rttpg_featured_image_url":{"full":["https:\/\/imagazine.it\/wp-content\/uploads\/2025\/03\/60-diamanti-01.jpg",1366,756,false],"landscape":["https:\/\/imagazine.it\/wp-content\/uploads\/2025\/03\/60-diamanti-01.jpg",1366,756,false],"portraits":["https:\/\/imagazine.it\/wp-content\/uploads\/2025\/03\/60-diamanti-01.jpg",1366,756,false],"thumbnail":["https:\/\/imagazine.it\/wp-content\/uploads\/2025\/03\/60-diamanti-01-150x150.jpg",150,150,true],"medium":["https:\/\/imagazine.it\/wp-content\/uploads\/2025\/03\/60-diamanti-01-300x166.jpg",300,166,true],"large":["https:\/\/imagazine.it\/wp-content\/uploads\/2025\/03\/60-diamanti-01-1024x567.jpg",640,354,true],"thumblist":["https:\/\/imagazine.it\/wp-content\/uploads\/2025\/03\/60-diamanti-01-300x300.jpg",300,300,true],"thumbrelated":["https:\/\/imagazine.it\/wp-content\/uploads\/2025\/03\/60-diamanti-01-500x500.jpg",500,500,true],"meccarouselthumb":["https:\/\/imagazine.it\/wp-content\/uploads\/2025\/03\/60-diamanti-01-474x324.jpg",474,324,true],"gridsquare":["https:\/\/imagazine.it\/wp-content\/uploads\/2025\/03\/60-diamanti-01-391x260.jpg",391,260,true],"tileview":["https:\/\/imagazine.it\/wp-content\/uploads\/2025\/03\/60-diamanti-01-300x400.jpg",300,400,true],"1536x1536":["https:\/\/imagazine.it\/wp-content\/uploads\/2025\/03\/60-diamanti-01.jpg",1366,756,false],"2048x2048":["https:\/\/imagazine.it\/wp-content\/uploads\/2025\/03\/60-diamanti-01.jpg",1366,756,false],"newsup-slider-full":["https:\/\/imagazine.it\/wp-content\/uploads\/2025\/03\/60-diamanti-01-1280x720.jpg",1280,720,true],"newsup-featured":["https:\/\/imagazine.it\/wp-content\/uploads\/2025\/03\/60-diamanti-01-1024x567.jpg",1024,567,true],"newsup-medium":["https:\/\/imagazine.it\/wp-content\/uploads\/2025\/03\/60-diamanti-01-720x380.jpg",720,380,true],"tptn_thumbnail":["https:\/\/imagazine.it\/wp-content\/uploads\/2025\/03\/60-diamanti-01-250x210.jpg",250,210,true],"sow-carousel-default":["https:\/\/imagazine.it\/wp-content\/uploads\/2025\/03\/60-diamanti-01-272x182.jpg",272,182,true]},"rttpg_author":{"display_name":"Livio Nonis","author_link":"https:\/\/imagazine.it\/home_desk\/author\/nonis\/"},"rttpg_comment":0,"rttpg_category":"<a href=\"https:\/\/imagazine.it\/home_desk\/category\/attualita\/\" rel=\"category tag\">ATTUALIT\u00c0<\/a>","rttpg_excerpt":"Partecipata celebrazione per i 60 anni di matrimonio dei due coniugi. Il segreto? \"Tanta pazienza e affetto\"","_links":{"self":[{"href":"https:\/\/imagazine.it\/home_desk\/wp-json\/wp\/v2\/posts\/63234","targetHints":{"allow":["GET"]}}],"collection":[{"href":"https:\/\/imagazine.it\/home_desk\/wp-json\/wp\/v2\/posts"}],"about":[{"href":"https:\/\/imagazine.it\/home_desk\/wp-json\/wp\/v2\/types\/post"}],"author":[{"embeddable":true,"href":"https:\/\/imagazine.it\/home_desk\/wp-json\/wp\/v2\/users\/22"}],"replies":[{"embeddable":true,"href":"https:\/\/imagazine.it\/home_desk\/wp-json\/wp\/v2\/comments?post=63234"}],"version-history":[{"count":0,"href":"https:\/\/imagazine.it\/home_desk\/wp-json\/wp\/v2\/posts\/63234\/revisions"}],"wp:featuredmedia":[{"embeddable":true,"href":"https:\/\/imagazine.it\/home_desk\/wp-json\/wp\/v2\/media\/63235"}],"wp:attachment":[{"href":"https:\/\/imagazine.it\/home_desk\/wp-json\/wp\/v2\/media?parent=63234"}],"wp:term":[{"taxonomy":"category","embeddable":true,"href":"https:\/\/imagazine.it\/home_desk\/wp-json\/wp\/v2\/categories?post=63234"},{"taxonomy":"post_tag","embeddable":true,"href":"https:\/\/imagazine.it\/home_desk\/wp-json\/wp\/v2\/tags?post=63234"}],"curies":[{"name":"wp","href":"https:\/\/api.w.org\/{rel}","templated":true}]}}