{"id":63173,"date":"2025-03-03T16:07:06","date_gmt":"2025-03-03T15:07:06","guid":{"rendered":"https:\/\/imagazine.it\/home_desk\/?p=63173"},"modified":"2025-03-05T16:32:59","modified_gmt":"2025-03-05T15:32:59","slug":"tre-nuove-date-per-il-cirque-du-soleil-a-trieste","status":"publish","type":"post","link":"https:\/\/imagazine.it\/home_desk\/tre-nuove-date-per-il-cirque-du-soleil-a-trieste\/","title":{"rendered":"Tre nuove date per il Cirque du Soleil a Trieste"},"content":{"rendered":"<p><span style=\"font-size: 10pt;\"><em>(ph. Anne Marie Forker)<\/em><\/span><\/p>\n<p>TRIESTE <strong>\u2013 <\/strong>Sono gi\u00e0 oltre 20 mila i biglietti venduti per <strong><em>Alegr\u00eda <\/em>\u2013 In A New Light <\/strong>del<strong> <em>Cirque du Soleil<\/em>, <\/strong>il grande evento dell\u2019estate 2025 del Friuli Venezia Giulia e di tutto il Nord Est, in programma a Trieste <strong>dal 13 giugno al 13 luglio<\/strong>.<\/p>\n<p>Un evento che sta gi\u00e0 rafforzando la capacit\u00e0 di attrazione turistica del territorio regionale: sono pi\u00f9 di 40 i paesi di provenienza degli acquirenti, con biglietti venduti, oltre che in tutta l\u2019Italia e nei paesi confinanti, anche negli Stati Uniti, in Cina e Finlandia.<\/p>\n<p>Per far fronte alla straordinaria domanda, il Teatro Stabile del Friuli Venezia Giulia, d\u2019intesa con <em>Cirque du Soleil<\/em>, ha programmato <strong>tre nuove repliche<\/strong> dello spettacolo nelle giornate del <strong>19 e 25 giugno <\/strong>e del <strong>3 luglio<\/strong>, con inizio alle ore 17.30.<\/p>\n<p>La disponibilit\u00e0 di posti viene dunque ulteriormente aumentata e la struttura magica e accogliente <strong>del Grand Chapiteau, <\/strong>permette una<strong> visione perfetta da ogni posto<\/strong>. <span style=\"text-decoration: underline;\"><a href=\"https:\/\/www.vivaticket.com\/it\/ticket\/cirque-du-soleil-alegria-in-a-new-light\/240177\" target=\"_blank\" rel=\"noopener\">Clicca qui per sapere tutte le date.<\/a><\/span><\/p>\n<p>Grazie a un accordo fra il Teatro Stabile, l\u2019Amministrazione Comunale, Coop Alleanza 3.0 e Schwarzen Felsen lo spettacolo si terr\u00e0 nell\u2019area dell\u2019ex Silos.<\/p>\n<h3>Successo planetario<\/h3>\n<p>Presentato per la prima volta nell&#8217;aprile 1994, <em>Alegr<\/em><em>\u00eda <\/em>(\u201cgioia\u201d in spagnolo) \u00e8 <strong>uno degli spettacoli pi\u00f9 iconici del <\/strong><strong><em>Cirque du Soleil<\/em><\/strong>, un capolavoro che ha contribuito a consacrare lo stile unico della compagnia a livello internazionale.<\/p>\n<p>In tourn\u00e9e dal 1994 al 2013, <strong><em>Alegr<\/em><\/strong><strong><em>\u00eda <\/em><\/strong><strong>ha incantato oltre 14 milioni di spettatori in 255 citt\u00e0 di 40 Paesi<\/strong>.<\/p>\n<p>La sua <strong>colonna sonora<\/strong>, candidata ai Grammy e caratterizzata dalla celeberrima canzone \u201c<em>Alegr<\/em><em>\u00eda<\/em>\u201d, \u00e8 rimasta per 65 settimane consecutive nella Billboard World Music Chart ed <strong>\u00e8 ancora l&#8217;album del <\/strong><strong><em>Cirque du Soleil <\/em><\/strong><strong>pi\u00f9 acquistato e ascoltato in streaming<\/strong>.<\/p>\n<p>Per celebrare il 25\u00b0 anniversario, nel 2019 <em>Alegr<\/em><em>\u00eda <\/em>\u00e8 rinato in una nuova luce. <strong><em>Alegr<\/em><\/strong><strong><em>\u00eda <\/em><\/strong><strong>&#8211; In A New Light<\/strong> \u00e8 una riedizione completa dello spettacolo originale, pensata per emozionare anche il pubblico di oggi.<\/p>\n<p>Grazie a una <strong>nuova regia<\/strong>, nuovi <strong>arrangiamenti musicali<\/strong>, <strong>numeri acrobatici inediti<\/strong>, <strong>coreografie mozzafiato<\/strong>, <strong>costumi <\/strong>e <strong>trucco rinnovati <\/strong>e <strong>scenografie di grande impatto<\/strong>, <em>Alegr<\/em><em>\u00eda <\/em>&#8211; In A New Light rivisita in chiave contemporanea un <strong>classico di tutti i tempi <\/strong>per <strong>ispirare magia, gioia ed energia anche alla nuova generazione<\/strong>.<\/p>\n<p><em>Alegr\u00eda <\/em>&#8211; In A New Light trasporta il pubblico in un universo mistico e visivo pieno di poesia, grazie a un <strong>cast internazionale di 54 acrobati<\/strong>, <strong>clown<\/strong>, <strong>musicisti.<\/strong><\/p>\n","protected":false},"excerpt":{"rendered":"<p>Cresce l&#8217;attesa per &#8220;Alegr\u00eda \u2013 In A New Light&#8221;, in programma al Silos tra giugno e luglio. Gi\u00e0 venduti oltre 20mila biglietti<\/p>\n","protected":false},"author":28,"featured_media":63174,"comment_status":"closed","ping_status":"closed","sticky":false,"template":"","format":"image","meta":{"dwc-title":[""],"dwc-content":[""],"footnotes":""},"categories":[37],"tags":[2204,329,55,821,52,65],"class_list":["post-63173","post","type-post","status-publish","format-image","has-post-thumbnail","hentry","category-cultura-e-spettacolo","tag-acrobazia","tag-circo","tag-musica","tag-spettacoli","tag-teatro","tag-trieste","post_format-post-format-image"],"rttpg_featured_image_url":{"full":["https:\/\/imagazine.it\/wp-content\/uploads\/2025\/03\/CDS_Anne-Marie-Forker-1-13.jpeg",1366,825,false],"landscape":["https:\/\/imagazine.it\/wp-content\/uploads\/2025\/03\/CDS_Anne-Marie-Forker-1-13.jpeg",1366,825,false],"portraits":["https:\/\/imagazine.it\/wp-content\/uploads\/2025\/03\/CDS_Anne-Marie-Forker-1-13.jpeg",1366,825,false],"thumbnail":["https:\/\/imagazine.it\/wp-content\/uploads\/2025\/03\/CDS_Anne-Marie-Forker-1-13-150x150.jpeg",150,150,true],"medium":["https:\/\/imagazine.it\/wp-content\/uploads\/2025\/03\/CDS_Anne-Marie-Forker-1-13-300x181.jpeg",300,181,true],"large":["https:\/\/imagazine.it\/wp-content\/uploads\/2025\/03\/CDS_Anne-Marie-Forker-1-13-1024x618.jpeg",640,386,true],"thumblist":["https:\/\/imagazine.it\/wp-content\/uploads\/2025\/03\/CDS_Anne-Marie-Forker-1-13-300x300.jpeg",300,300,true],"thumbrelated":["https:\/\/imagazine.it\/wp-content\/uploads\/2025\/03\/CDS_Anne-Marie-Forker-1-13-500x500.jpeg",500,500,true],"meccarouselthumb":["https:\/\/imagazine.it\/wp-content\/uploads\/2025\/03\/CDS_Anne-Marie-Forker-1-13-474x324.jpeg",474,324,true],"gridsquare":["https:\/\/imagazine.it\/wp-content\/uploads\/2025\/03\/CDS_Anne-Marie-Forker-1-13-391x260.jpeg",391,260,true],"tileview":["https:\/\/imagazine.it\/wp-content\/uploads\/2025\/03\/CDS_Anne-Marie-Forker-1-13-300x400.jpeg",300,400,true],"1536x1536":["https:\/\/imagazine.it\/wp-content\/uploads\/2025\/03\/CDS_Anne-Marie-Forker-1-13.jpeg",1366,825,false],"2048x2048":["https:\/\/imagazine.it\/wp-content\/uploads\/2025\/03\/CDS_Anne-Marie-Forker-1-13.jpeg",1366,825,false],"newsup-slider-full":["https:\/\/imagazine.it\/wp-content\/uploads\/2025\/03\/CDS_Anne-Marie-Forker-1-13-1280x720.jpeg",1280,720,true],"newsup-featured":["https:\/\/imagazine.it\/wp-content\/uploads\/2025\/03\/CDS_Anne-Marie-Forker-1-13-1024x618.jpeg",1024,618,true],"newsup-medium":["https:\/\/imagazine.it\/wp-content\/uploads\/2025\/03\/CDS_Anne-Marie-Forker-1-13-720x380.jpeg",720,380,true],"tptn_thumbnail":["https:\/\/imagazine.it\/wp-content\/uploads\/2025\/03\/CDS_Anne-Marie-Forker-1-13-250x210.jpeg",250,210,true],"sow-carousel-default":["https:\/\/imagazine.it\/wp-content\/uploads\/2025\/03\/CDS_Anne-Marie-Forker-1-13-272x182.jpeg",272,182,true]},"rttpg_author":{"display_name":"redazione","author_link":"https:\/\/imagazine.it\/home_desk\/author\/redazione\/"},"rttpg_comment":0,"rttpg_category":"<a href=\"https:\/\/imagazine.it\/home_desk\/category\/cultura-e-spettacolo\/\" rel=\"category tag\">CULTURA&amp;SPETTACOLO<\/a>","rttpg_excerpt":"Cresce l'attesa per \"Alegr\u00eda \u2013 In A New Light\", in programma al Silos tra giugno e luglio. Gi\u00e0 venduti oltre 20mila biglietti","_links":{"self":[{"href":"https:\/\/imagazine.it\/home_desk\/wp-json\/wp\/v2\/posts\/63173","targetHints":{"allow":["GET"]}}],"collection":[{"href":"https:\/\/imagazine.it\/home_desk\/wp-json\/wp\/v2\/posts"}],"about":[{"href":"https:\/\/imagazine.it\/home_desk\/wp-json\/wp\/v2\/types\/post"}],"author":[{"embeddable":true,"href":"https:\/\/imagazine.it\/home_desk\/wp-json\/wp\/v2\/users\/28"}],"replies":[{"embeddable":true,"href":"https:\/\/imagazine.it\/home_desk\/wp-json\/wp\/v2\/comments?post=63173"}],"version-history":[{"count":0,"href":"https:\/\/imagazine.it\/home_desk\/wp-json\/wp\/v2\/posts\/63173\/revisions"}],"wp:featuredmedia":[{"embeddable":true,"href":"https:\/\/imagazine.it\/home_desk\/wp-json\/wp\/v2\/media\/63174"}],"wp:attachment":[{"href":"https:\/\/imagazine.it\/home_desk\/wp-json\/wp\/v2\/media?parent=63173"}],"wp:term":[{"taxonomy":"category","embeddable":true,"href":"https:\/\/imagazine.it\/home_desk\/wp-json\/wp\/v2\/categories?post=63173"},{"taxonomy":"post_tag","embeddable":true,"href":"https:\/\/imagazine.it\/home_desk\/wp-json\/wp\/v2\/tags?post=63173"}],"curies":[{"name":"wp","href":"https:\/\/api.w.org\/{rel}","templated":true}]}}