{"id":63129,"date":"2025-03-02T15:16:43","date_gmt":"2025-03-02T14:16:43","guid":{"rendered":"https:\/\/imagazine.it\/home_desk\/?p=63129"},"modified":"2025-03-02T15:29:28","modified_gmt":"2025-03-02T14:29:28","slug":"dieci-anni-di-corima-awards","status":"publish","type":"post","link":"https:\/\/imagazine.it\/home_desk\/dieci-anni-di-corima-awards\/","title":{"rendered":"Dieci anni di Corima Awards"},"content":{"rendered":"<p><span style=\"font-size: 10pt;\"><em>La premiazione dei Vigili del Fuoco di Cervignano (ph. Medea Fall)<\/em><\/span><\/p>\n<p>CERVIGNANO DEL FRIULI &#8211; La decima edizione dei <strong>Corima Awards<\/strong>, promossi dall&#8217;<strong>Associazione Culturale Corima<\/strong>, hanno animato la Casa della Musica tra momenti di riflessione e ringraziamenti speciali.<\/p>\n<p>Dopo l&#8217;aperitivo a km 0 e il saluto istituzionale del sindaco di Cervignano, <strong>Andrea Balducci<\/strong>, e del manager del Distretto commerciale delle Terre e delle Acque, <strong>Stefano Zuliani<\/strong>, si \u00e8 entrati nel vivo delle premiazione, condotte dalla giornalista <strong>Elisa Michellut<\/strong>.<\/p>\n<p>A scegliere i premiati &#8211; cittadini e realt\u00e0 che si sono distinti nel corso del 2024 nel commercio equo e solidale, nel sostegno a distanza, nel sociale, nella sostenibilit\u00e0 ambientale, negli stili di vita virtuosi e nei diritti umani &#8211; \u00e8 stato come tradizione il direttivo di Corima, sulla base delle segnalazioni ricevute.<\/p>\n<div id=\"metaslider-id-63137\" style=\"max-width: 700px;\" class=\"ml-slider-3-108-0 metaslider metaslider-flex metaslider-63137 ml-slider has-dots-nav ms-theme-default-base\" role=\"region\" aria-label=\"Consegna Corima Awards 24\/25\" data-height=\"500\" data-width=\"700\">\n    <div id=\"metaslider_container_63137\">\n        <div id=\"metaslider_63137\">\n            <ul class='slides'>\n                <li style=\"display: block; width: 100%;\" class=\"slide-63141 ms-image \" aria-roledescription=\"slide\" data-date=\"2025-03-02 15:13:47\" data-filename=\"sindaco.jpeg\" data-slide-type=\"image\"><img loading=\"lazy\" decoding=\"async\" width=\"1000\" height=\"743\" src=\"https:\/\/imagazine.it\/wp-content\/uploads\/2025\/03\/sindaco.jpeg\" class=\"slider-63137 slide-63141 msDefaultImage\" alt=\"\" rel=\"\" title=\"sindaco\" srcset=\"https:\/\/imagazine.it\/wp-content\/uploads\/2025\/03\/sindaco.jpeg 1000w, https:\/\/imagazine.it\/wp-content\/uploads\/2025\/03\/sindaco-300x223.jpeg 300w, https:\/\/imagazine.it\/wp-content\/uploads\/2025\/03\/sindaco-768x571.jpeg 768w\" sizes=\"auto, (max-width: 1000px) 100vw, 1000px\"><div class=\"caption-wrap\"><div class=\"caption\"><div>L'intervento del sindaco Balducci (ph. Medea Fall)<\/div><\/div><\/div><\/li>\n                <li style=\"display: none; width: 100%;\" class=\"slide-63142 ms-image \" aria-roledescription=\"slide\" data-date=\"2025-03-02 15:13:48\" data-filename=\"manager.jpeg\" data-slide-type=\"image\"><img loading=\"lazy\" decoding=\"async\" width=\"1000\" height=\"753\" src=\"https:\/\/imagazine.it\/wp-content\/uploads\/2025\/03\/manager.jpeg\" class=\"slider-63137 slide-63142 msDefaultImage\" alt=\"\" rel=\"\" title=\"manager\" srcset=\"https:\/\/imagazine.it\/wp-content\/uploads\/2025\/03\/manager.jpeg 1000w, https:\/\/imagazine.it\/wp-content\/uploads\/2025\/03\/manager-300x226.jpeg 300w, https:\/\/imagazine.it\/wp-content\/uploads\/2025\/03\/manager-768x578.jpeg 768w\" sizes=\"auto, (max-width: 1000px) 100vw, 1000px\"><div class=\"caption-wrap\"><div class=\"caption\"><div>Il saluto di Stefano Zuliani (ph. Medea Fall)<\/div><\/div><\/div><\/li>\n                <li style=\"display: none; width: 100%;\" class=\"slide-63143 ms-image \" aria-roledescription=\"slide\" data-date=\"2025-03-02 15:13:48\" data-filename=\"team.jpeg\" data-slide-type=\"image\"><img loading=\"lazy\" decoding=\"async\" width=\"1000\" height=\"649\" src=\"https:\/\/imagazine.it\/wp-content\/uploads\/2025\/03\/team.jpeg\" class=\"slider-63137 slide-63143 msDefaultImage\" alt=\"\" rel=\"\" title=\"team\" srcset=\"https:\/\/imagazine.it\/wp-content\/uploads\/2025\/03\/team.jpeg 1000w, https:\/\/imagazine.it\/wp-content\/uploads\/2025\/03\/team-300x195.jpeg 300w, https:\/\/imagazine.it\/wp-content\/uploads\/2025\/03\/team-768x498.jpeg 768w\" sizes=\"auto, (max-width: 1000px) 100vw, 1000px\"><div class=\"caption-wrap\"><div class=\"caption\"><div>Alcuni componenti del team di Corima (ph. Medea Fall)<\/div><\/div><\/div><\/li>\n            <\/ul>\n        <\/div>\n        \n    <\/div>\n<\/div>\n<p>Nella categoria <strong>sostegno a distanza\/vicinanza<\/strong>, premiato il <strong>Ricreatorio San Michele<\/strong>.<\/p>\n<p>Motivazione: <em>L\u2019indifferenza \u00e8 uno dei grandi mali della societ\u00e0 odierna. Parlare di rispetto e integrazione al giorno d\u2019oggi \u00e8 sempre pi\u00f9 complicato, ma \u00e8 necessario farlo e soprattutto \u00e8 necessario \u201cfare\u201d integrazione vera. Un grazie di cuore al Ricreatorio San Michele che nella sua missione educativa non dimentica di prestare attenzione al prossimo, chiunque esso sia. Il percorso avviato di cene etniche di condivisione con le diverse etnie presenti nella nostra comunit\u00e0 \u00e8 un reale esempio di sostegno alla vicinanza, quella vicinanza che ci rende uomini e donne capaci di unire e non di dividere.<\/em><\/p>\n<figure id=\"attachment_63131\" aria-describedby=\"caption-attachment-63131\" style=\"width: 1000px\" class=\"wp-caption aligncenter\"><img loading=\"lazy\" decoding=\"async\" class=\"size-full wp-image-63131\" src=\"https:\/\/imagazine.it\/wp-content\/uploads\/2025\/03\/ricreatorio.jpeg\" alt=\"\" width=\"1000\" height=\"566\" title=\"\" srcset=\"https:\/\/imagazine.it\/wp-content\/uploads\/2025\/03\/ricreatorio.jpeg 1000w, https:\/\/imagazine.it\/wp-content\/uploads\/2025\/03\/ricreatorio-300x170.jpeg 300w, https:\/\/imagazine.it\/wp-content\/uploads\/2025\/03\/ricreatorio-768x435.jpeg 768w\" sizes=\"auto, (max-width: 1000px) 100vw, 1000px\" \/><figcaption id=\"caption-attachment-63131\" class=\"wp-caption-text\">Don Manuel Millo e Luciana Degano ritirano il premio per il Ricreatorio San Michele (ph. Medea Fall)<\/figcaption><\/figure>\n<p>Nella categoria <strong>sostenibilit\u00e0 ambientale<\/strong>, premiato l&#8217;<strong>ENPA<\/strong>.<\/p>\n<p>Motivazione: <em>L\u2019Ambiente \u00e8 tutto ci\u00f2 che ci circonda. Il territorio, chi lo abita e non da ultimo il mondo animale che con noi condivide significativi vissuti. Grazie ENPA per il vostro instancabile servizio a favore delle colonie feline e di tutti i randagi presenti sul nostro territorio. Il vostro Amore incondizionato verso queste creature \u00e8 il primo passo concreto verso una societ\u00e0 pi\u00f9 rispettosa e giusta.<\/em><\/p>\n<figure id=\"attachment_63132\" aria-describedby=\"caption-attachment-63132\" style=\"width: 1000px\" class=\"wp-caption aligncenter\"><img loading=\"lazy\" decoding=\"async\" class=\"size-full wp-image-63132\" src=\"https:\/\/imagazine.it\/wp-content\/uploads\/2025\/03\/enpa.jpeg\" alt=\"\" width=\"1000\" height=\"681\" title=\"\" srcset=\"https:\/\/imagazine.it\/wp-content\/uploads\/2025\/03\/enpa.jpeg 1000w, https:\/\/imagazine.it\/wp-content\/uploads\/2025\/03\/enpa-300x204.jpeg 300w, https:\/\/imagazine.it\/wp-content\/uploads\/2025\/03\/enpa-768x523.jpeg 768w, https:\/\/imagazine.it\/wp-content\/uploads\/2025\/03\/enpa-474x324.jpeg 474w\" sizes=\"auto, (max-width: 1000px) 100vw, 1000px\" \/><figcaption id=\"caption-attachment-63132\" class=\"wp-caption-text\">La presidente Alice Zamparini e i volontati dell&#8217;ENPA ritirano il premio (ph. Medea Fall)<\/figcaption><\/figure>\n<p>Nella categoria <strong>sociale<\/strong>, premiati i <strong>Vigili del Fuoco<\/strong> di Cervignano.<\/p>\n<p>Motivazione: <em>La gestione delle emergenze \u00e8 il loro lavoro, ma farlo con grande umanit\u00e0 \u00e8 un prezioso valore aggiunto ed \u00e8 per questo che tutta la comunit\u00e0 \u00e8 grata ai nostri Vigili del Fuoco per quanto fanno per il nostro territorio e <\/em><em>soprattutto per quanto fatto in occasione del recente incendio verificatosi in via Brumatti che ha fatto sfollare in piena notte decine di famiglie. Professionalit\u00e0, ma anche tanta umanit\u00e0 e dedizione al prossimo.<\/em><\/p>\n<p>Ancora nella categoria <strong>sociale<\/strong>, premiata l&#8217;<strong>Antica Osteria Italia<\/strong>.<\/p>\n<p>Motivazione: <em>Fare ristorazione nella nostra societ\u00e0 \u00e8 una grande avventura. Fare ristorazione come gesto di solidariet\u00e0 verso la propria comunit\u00e0 \u00e8 un dono inestimabile. Grazie di cuore all\u2019Osteria Italia che, nelle vicinanze del Santo Natale dopo il tragico incendio che ha coinvolto una palazzina della nostra citt\u00e0, ha offerto un pranzo alle famiglie sfollate offrendo l\u2019opportunit\u00e0 di sedersi tutti insieme attorno ad un tavolo accompagnati da buon cibo <\/em><em>per sentirsi meno soli, meno sfortunati e grati della vita.<\/em><\/p>\n<figure id=\"attachment_63133\" aria-describedby=\"caption-attachment-63133\" style=\"width: 1000px\" class=\"wp-caption aligncenter\"><img loading=\"lazy\" decoding=\"async\" class=\"size-full wp-image-63133\" src=\"https:\/\/imagazine.it\/wp-content\/uploads\/2025\/03\/zanon.jpeg\" alt=\"\" width=\"1000\" height=\"629\" title=\"\" srcset=\"https:\/\/imagazine.it\/wp-content\/uploads\/2025\/03\/zanon.jpeg 1000w, https:\/\/imagazine.it\/wp-content\/uploads\/2025\/03\/zanon-300x189.jpeg 300w, https:\/\/imagazine.it\/wp-content\/uploads\/2025\/03\/zanon-768x483.jpeg 768w\" sizes=\"auto, (max-width: 1000px) 100vw, 1000px\" \/><figcaption id=\"caption-attachment-63133\" class=\"wp-caption-text\">La titolare dell&#8217;Antica Osteria Italia, Cristina Zanon (ph. Medea Fall)<\/figcaption><\/figure>\n<p>Nella categoria <strong>stili di vita virtuosi<\/strong> &#8211; premio intitolato ad Angelica Biancaniello &#8211; premiati <strong>Carlo Burba, Demis Missio, Fabrio Brumat, Giorgio Ellero e Guido Costa<\/strong>.<\/p>\n<p>Motivazione: <em>Prendersi cura di s\u00e9 deve essere un gesto quotidiano, ma anche prendersi cura degli altri lo \u00e8, o quanto meno sarebbe bello lo fosse. La testimonianza di Carlo Burba, Demis Missio, Fabrio Brumat, Giorgio<\/em><br \/>\n<em>Ellero e Guido Costa va in questa direzione. Ringraziare della propria vita e del traguardo raggiunto (i primi 50 anni) proponendosi di offrire strumenti atti a poterne salvare molte non \u00e8 un gesto dovuto, ma rappresenta uno<\/em><br \/>\n<em>stile virtuoso a cui tutti dovremmo ambire. Donando un defibrillatore alla comunit\u00e0 di Strassoldo si \u00e8 dato il via ad un processo virtuoso che ci auguriamo possa essere d\u2019esempio alle future generazioni.<\/em><\/p>\n<figure id=\"attachment_63134\" aria-describedby=\"caption-attachment-63134\" style=\"width: 1000px\" class=\"wp-caption aligncenter\"><img loading=\"lazy\" decoding=\"async\" class=\"size-full wp-image-63134\" src=\"https:\/\/imagazine.it\/wp-content\/uploads\/2025\/03\/defibrillatori.jpeg\" alt=\"\" width=\"1000\" height=\"637\" title=\"\" srcset=\"https:\/\/imagazine.it\/wp-content\/uploads\/2025\/03\/defibrillatori.jpeg 1000w, https:\/\/imagazine.it\/wp-content\/uploads\/2025\/03\/defibrillatori-300x191.jpeg 300w, https:\/\/imagazine.it\/wp-content\/uploads\/2025\/03\/defibrillatori-768x489.jpeg 768w\" sizes=\"auto, (max-width: 1000px) 100vw, 1000px\" \/><figcaption id=\"caption-attachment-63134\" class=\"wp-caption-text\">La premiazione dei cinque neocinquantenni di Strassoldo (ph. Medea Fall)<\/figcaption><\/figure>\n<p>Nella categoria <strong>commericio equo e solidale<\/strong>, premiata <strong>Gabriella Williams di Strassoldo<\/strong>.<\/p>\n<p>Motivazione: <em>A Gabriella che da oltre 25 anni con poderosa tenacia organizza, due volte l\u2019anno MAGICI INTRECCI (primaverili e autunnali), meraviglioso evento di richiamo ormai internazionale in uno dei Borghi pi\u00f9<\/em><br \/>\n<em>Belli d\u2019Italia \u2013 Castello di Sopra di Strassoldo \u2013 al quale partecipano selezionati artigiani da tutta Italia. L\u2019artigianalit\u00e0, il recupero dei materiali, la sapiente cura del bello fanno di questi eventi una splendida vetrina di quanto pi\u00f9 equo vi possa essere: il rispetto del lavoro e la cura. Gli artigiani che accorrono ogni anno al Castello di Sopra di Strassoldo mettono in campo risultati di sorprendente bellezza.<\/em><\/p>\n<figure id=\"attachment_63135\" aria-describedby=\"caption-attachment-63135\" style=\"width: 1000px\" class=\"wp-caption aligncenter\"><img loading=\"lazy\" decoding=\"async\" class=\"size-full wp-image-63135\" src=\"https:\/\/imagazine.it\/wp-content\/uploads\/2025\/03\/lella.jpeg\" alt=\"\" width=\"1000\" height=\"969\" title=\"\" srcset=\"https:\/\/imagazine.it\/wp-content\/uploads\/2025\/03\/lella.jpeg 1000w, https:\/\/imagazine.it\/wp-content\/uploads\/2025\/03\/lella-300x291.jpeg 300w, https:\/\/imagazine.it\/wp-content\/uploads\/2025\/03\/lella-768x744.jpeg 768w\" sizes=\"auto, (max-width: 1000px) 100vw, 1000px\" \/><figcaption id=\"caption-attachment-63135\" class=\"wp-caption-text\">La premiazione di Gabriella Williams di Strassoldo (ph. Medea Fall)<\/figcaption><\/figure>\n<p>Infine, <strong>menzione speciale<\/strong> per <strong>Mario Matassi<\/strong>.<\/p>\n<p>Motivazione: <em>\u00c8 poi c\u2019\u00e8 lui: instancabile motivatore, a volte provocatore di coscienze, sempre grato e riconoscente per quanto di bello sboccia nella nostra citt\u00e0, capace di esserci anche quando non te lo aspetteresti. Lui<\/em><br \/>\n<em>osserva. Lui analizza, elabora e a volte poetizza. Ci sono persone nella nostra comunit\u00e0 che sanno esserci con gratitudine per quanto di buono c\u2019\u00e8 e lui c\u2019\u00e8. Grazie Mario!<\/em><\/p>\n<figure id=\"attachment_63136\" aria-describedby=\"caption-attachment-63136\" style=\"width: 1000px\" class=\"wp-caption aligncenter\"><img loading=\"lazy\" decoding=\"async\" class=\"size-full wp-image-63136\" src=\"https:\/\/imagazine.it\/wp-content\/uploads\/2025\/03\/matassi.jpeg\" alt=\"\" width=\"1000\" height=\"917\" title=\"\" srcset=\"https:\/\/imagazine.it\/wp-content\/uploads\/2025\/03\/matassi.jpeg 1000w, https:\/\/imagazine.it\/wp-content\/uploads\/2025\/03\/matassi-300x275.jpeg 300w, https:\/\/imagazine.it\/wp-content\/uploads\/2025\/03\/matassi-768x704.jpeg 768w\" sizes=\"auto, (max-width: 1000px) 100vw, 1000px\" \/><figcaption id=\"caption-attachment-63136\" class=\"wp-caption-text\">Il riconoscimento a Mario Matassi (ph. Medea Fall)<\/figcaption><\/figure>\n","protected":false},"excerpt":{"rendered":"<p>Tradizionale cerimonia di consegna a Cervignano dei premi destinati a persone e realt\u00e0 virtuose della comunit\u00e0 cittadina<\/p>\n","protected":false},"author":28,"featured_media":63144,"comment_status":"closed","ping_status":"closed","sticky":false,"template":"","format":"image","meta":{"dwc-title":[""],"dwc-content":[""],"footnotes":""},"categories":[5],"tags":[119,2780,540],"class_list":["post-63129","post","type-post","status-publish","format-image","has-post-thumbnail","hentry","category-attualita","tag-cervignano","tag-corima-awards","tag-premi","post_format-post-format-image"],"rttpg_featured_image_url":{"full":["https:\/\/imagazine.it\/wp-content\/uploads\/2025\/03\/pompieri.jpeg",1366,788,false],"landscape":["https:\/\/imagazine.it\/wp-content\/uploads\/2025\/03\/pompieri.jpeg",1366,788,false],"portraits":["https:\/\/imagazine.it\/wp-content\/uploads\/2025\/03\/pompieri.jpeg",1366,788,false],"thumbnail":["https:\/\/imagazine.it\/wp-content\/uploads\/2025\/03\/pompieri-150x150.jpeg",150,150,true],"medium":["https:\/\/imagazine.it\/wp-content\/uploads\/2025\/03\/pompieri-300x173.jpeg",300,173,true],"large":["https:\/\/imagazine.it\/wp-content\/uploads\/2025\/03\/pompieri-1024x591.jpeg",640,369,true],"thumblist":["https:\/\/imagazine.it\/wp-content\/uploads\/2025\/03\/pompieri-300x300.jpeg",300,300,true],"thumbrelated":["https:\/\/imagazine.it\/wp-content\/uploads\/2025\/03\/pompieri-500x500.jpeg",500,500,true],"meccarouselthumb":["https:\/\/imagazine.it\/wp-content\/uploads\/2025\/03\/pompieri-474x324.jpeg",474,324,true],"gridsquare":["https:\/\/imagazine.it\/wp-content\/uploads\/2025\/03\/pompieri-391x260.jpeg",391,260,true],"tileview":["https:\/\/imagazine.it\/wp-content\/uploads\/2025\/03\/pompieri-300x400.jpeg",300,400,true],"1536x1536":["https:\/\/imagazine.it\/wp-content\/uploads\/2025\/03\/pompieri.jpeg",1366,788,false],"2048x2048":["https:\/\/imagazine.it\/wp-content\/uploads\/2025\/03\/pompieri.jpeg",1366,788,false],"newsup-slider-full":["https:\/\/imagazine.it\/wp-content\/uploads\/2025\/03\/pompieri-1280x720.jpeg",1280,720,true],"newsup-featured":["https:\/\/imagazine.it\/wp-content\/uploads\/2025\/03\/pompieri-1024x591.jpeg",1024,591,true],"newsup-medium":["https:\/\/imagazine.it\/wp-content\/uploads\/2025\/03\/pompieri-720x380.jpeg",720,380,true],"tptn_thumbnail":["https:\/\/imagazine.it\/wp-content\/uploads\/2025\/03\/pompieri-250x210.jpeg",250,210,true],"sow-carousel-default":["https:\/\/imagazine.it\/wp-content\/uploads\/2025\/03\/pompieri-272x182.jpeg",272,182,true]},"rttpg_author":{"display_name":"redazione","author_link":"https:\/\/imagazine.it\/home_desk\/author\/redazione\/"},"rttpg_comment":0,"rttpg_category":"<a href=\"https:\/\/imagazine.it\/home_desk\/category\/attualita\/\" rel=\"category tag\">ATTUALIT\u00c0<\/a>","rttpg_excerpt":"Tradizionale cerimonia di consegna a Cervignano dei premi destinati a persone e realt\u00e0 virtuose della comunit\u00e0 cittadina","_links":{"self":[{"href":"https:\/\/imagazine.it\/home_desk\/wp-json\/wp\/v2\/posts\/63129","targetHints":{"allow":["GET"]}}],"collection":[{"href":"https:\/\/imagazine.it\/home_desk\/wp-json\/wp\/v2\/posts"}],"about":[{"href":"https:\/\/imagazine.it\/home_desk\/wp-json\/wp\/v2\/types\/post"}],"author":[{"embeddable":true,"href":"https:\/\/imagazine.it\/home_desk\/wp-json\/wp\/v2\/users\/28"}],"replies":[{"embeddable":true,"href":"https:\/\/imagazine.it\/home_desk\/wp-json\/wp\/v2\/comments?post=63129"}],"version-history":[{"count":0,"href":"https:\/\/imagazine.it\/home_desk\/wp-json\/wp\/v2\/posts\/63129\/revisions"}],"wp:featuredmedia":[{"embeddable":true,"href":"https:\/\/imagazine.it\/home_desk\/wp-json\/wp\/v2\/media\/63144"}],"wp:attachment":[{"href":"https:\/\/imagazine.it\/home_desk\/wp-json\/wp\/v2\/media?parent=63129"}],"wp:term":[{"taxonomy":"category","embeddable":true,"href":"https:\/\/imagazine.it\/home_desk\/wp-json\/wp\/v2\/categories?post=63129"},{"taxonomy":"post_tag","embeddable":true,"href":"https:\/\/imagazine.it\/home_desk\/wp-json\/wp\/v2\/tags?post=63129"}],"curies":[{"name":"wp","href":"https:\/\/api.w.org\/{rel}","templated":true}]}}