{"id":63081,"date":"2025-02-27T17:54:41","date_gmt":"2025-02-27T16:54:41","guid":{"rendered":"https:\/\/imagazine.it\/home_desk\/?p=63081"},"modified":"2025-02-27T17:54:41","modified_gmt":"2025-02-27T16:54:41","slug":"comisso-confermato-presidente-dei-veterani-dello-sport","status":"publish","type":"post","link":"https:\/\/imagazine.it\/home_desk\/comisso-confermato-presidente-dei-veterani-dello-sport\/","title":{"rendered":"Comisso confermato presidente dei Veterani dello Sport"},"content":{"rendered":"<p><span style=\"font-size: 10pt;\"><em>Il presidente Comisso (primo a destra) con il rinnovato direttivo quasi al completo<\/em><\/span><\/p>\n<p>CERVIGNANO DEL FRIULI \u2013 <strong>Giorgio Comisso<\/strong> \u00e8 stato riconfermato per acclamazione alla presidenza della sezione cittadina dei Veterani dello Sport.<\/p>\n<p>A decretarlo \u00e8 stata l\u2019assemblea dei soci che ha votato anche i componenti del rinnovato Consiglio direttivo per i prossimi <strong>quattro anni<\/strong>.<\/p>\n<p>A comporlo saranno <strong>Paolo Alessio<\/strong>, <strong>Giorgio Di Mattia<\/strong>, <strong>Simone Fogar<\/strong>, <strong>Adriano Paliaga<\/strong>, <strong>Anna Pompa<\/strong>, <strong>Andrea Scrosoppi<\/strong>, <strong>Giovanni Sverzut<\/strong>, <strong>Carlo Toso<\/strong>, <strong>Salvatore Uneddu<\/strong> e <strong>Franco Zambon<\/strong>.<\/p>\n<p>Rinnovato anche il collegio dei revisori dei conti che sar\u00e0 composto da <strong>Roberto Tomat<\/strong> e <strong>Gilberto Trevisan<\/strong> mentre quello dei probiviri sar\u00e0 composto da <strong>Pierino Donaggio<\/strong>, <strong>Giancarlo Candotto<\/strong> e <strong>Vincenzo Lo Monaco<\/strong>.<\/p>\n<p>Da segnalare che Anna Pompa \u00e8 stata nominata vicepresidente, mentre Giorgio Titotto \u00e8 stato confermato nel ruolo di segretario. Andrea Scrosoppi sar\u00e0 il tesoriere della sezione.<\/p>\n<p>Il presidente Comisso, nel corso della riunione di insediamento, ha ribadito gli impegni presi nel corso dell\u2019assemblea e ha informato che \u00e8 gi\u00e0 stato avviato il progetto \u201c<em>fair play<\/em>\u201d con i responsabili <strong>Adriano Paliaga<\/strong> e <strong>Sandro Giusti<\/strong>, grazie alla collaborazione con la professoressa <strong>Carla Rosa Cartura<\/strong> dell\u2019Istituto Comprensivo di Cervignano.<\/p>\n","protected":false},"excerpt":{"rendered":"<p>Rinnovato il direttivo della sezione cervignanese. Anna Pompa nominata vicepresidente. Ecco i nomi di tutti gli eletti<\/p>\n","protected":false},"author":12,"featured_media":63082,"comment_status":"closed","ping_status":"closed","sticky":false,"template":"","format":"image","meta":{"dwc-title":[""],"dwc-content":[""],"footnotes":""},"categories":[38],"tags":[119,1646],"class_list":["post-63081","post","type-post","status-publish","format-image","has-post-thumbnail","hentry","category-sport","tag-cervignano","tag-veterani-sportivi","post_format-post-format-image"],"rttpg_featured_image_url":{"full":["https:\/\/imagazine.it\/wp-content\/uploads\/2025\/02\/direttivo-2025unvs.jpg",1366,731,false],"landscape":["https:\/\/imagazine.it\/wp-content\/uploads\/2025\/02\/direttivo-2025unvs.jpg",1366,731,false],"portraits":["https:\/\/imagazine.it\/wp-content\/uploads\/2025\/02\/direttivo-2025unvs.jpg",1366,731,false],"thumbnail":["https:\/\/imagazine.it\/wp-content\/uploads\/2025\/02\/direttivo-2025unvs-150x150.jpg",150,150,true],"medium":["https:\/\/imagazine.it\/wp-content\/uploads\/2025\/02\/direttivo-2025unvs-300x161.jpg",300,161,true],"large":["https:\/\/imagazine.it\/wp-content\/uploads\/2025\/02\/direttivo-2025unvs-1024x548.jpg",640,343,true],"thumblist":["https:\/\/imagazine.it\/wp-content\/uploads\/2025\/02\/direttivo-2025unvs-300x300.jpg",300,300,true],"thumbrelated":["https:\/\/imagazine.it\/wp-content\/uploads\/2025\/02\/direttivo-2025unvs-500x500.jpg",500,500,true],"meccarouselthumb":["https:\/\/imagazine.it\/wp-content\/uploads\/2025\/02\/direttivo-2025unvs-474x324.jpg",474,324,true],"gridsquare":["https:\/\/imagazine.it\/wp-content\/uploads\/2025\/02\/direttivo-2025unvs-391x260.jpg",391,260,true],"tileview":["https:\/\/imagazine.it\/wp-content\/uploads\/2025\/02\/direttivo-2025unvs-300x400.jpg",300,400,true],"1536x1536":["https:\/\/imagazine.it\/wp-content\/uploads\/2025\/02\/direttivo-2025unvs.jpg",1366,731,false],"2048x2048":["https:\/\/imagazine.it\/wp-content\/uploads\/2025\/02\/direttivo-2025unvs.jpg",1366,731,false],"newsup-slider-full":["https:\/\/imagazine.it\/wp-content\/uploads\/2025\/02\/direttivo-2025unvs-1280x720.jpg",1280,720,true],"newsup-featured":["https:\/\/imagazine.it\/wp-content\/uploads\/2025\/02\/direttivo-2025unvs-1024x548.jpg",1024,548,true],"newsup-medium":["https:\/\/imagazine.it\/wp-content\/uploads\/2025\/02\/direttivo-2025unvs-720x380.jpg",720,380,true],"tptn_thumbnail":["https:\/\/imagazine.it\/wp-content\/uploads\/2025\/02\/direttivo-2025unvs-250x210.jpg",250,210,true],"sow-carousel-default":["https:\/\/imagazine.it\/wp-content\/uploads\/2025\/02\/direttivo-2025unvs-272x182.jpg",272,182,true]},"rttpg_author":{"display_name":"Claudio Pizzin","author_link":"https:\/\/imagazine.it\/home_desk\/author\/pizzin\/"},"rttpg_comment":0,"rttpg_category":"<a href=\"https:\/\/imagazine.it\/home_desk\/category\/sport\/\" rel=\"category tag\">SPORT<\/a>","rttpg_excerpt":"Rinnovato il direttivo della sezione cervignanese. Anna Pompa nominata vicepresidente. Ecco i nomi di tutti gli eletti","_links":{"self":[{"href":"https:\/\/imagazine.it\/home_desk\/wp-json\/wp\/v2\/posts\/63081","targetHints":{"allow":["GET"]}}],"collection":[{"href":"https:\/\/imagazine.it\/home_desk\/wp-json\/wp\/v2\/posts"}],"about":[{"href":"https:\/\/imagazine.it\/home_desk\/wp-json\/wp\/v2\/types\/post"}],"author":[{"embeddable":true,"href":"https:\/\/imagazine.it\/home_desk\/wp-json\/wp\/v2\/users\/12"}],"replies":[{"embeddable":true,"href":"https:\/\/imagazine.it\/home_desk\/wp-json\/wp\/v2\/comments?post=63081"}],"version-history":[{"count":0,"href":"https:\/\/imagazine.it\/home_desk\/wp-json\/wp\/v2\/posts\/63081\/revisions"}],"wp:featuredmedia":[{"embeddable":true,"href":"https:\/\/imagazine.it\/home_desk\/wp-json\/wp\/v2\/media\/63082"}],"wp:attachment":[{"href":"https:\/\/imagazine.it\/home_desk\/wp-json\/wp\/v2\/media?parent=63081"}],"wp:term":[{"taxonomy":"category","embeddable":true,"href":"https:\/\/imagazine.it\/home_desk\/wp-json\/wp\/v2\/categories?post=63081"},{"taxonomy":"post_tag","embeddable":true,"href":"https:\/\/imagazine.it\/home_desk\/wp-json\/wp\/v2\/tags?post=63081"}],"curies":[{"name":"wp","href":"https:\/\/api.w.org\/{rel}","templated":true}]}}