{"id":63057,"date":"2025-02-26T12:17:31","date_gmt":"2025-02-26T11:17:31","guid":{"rendered":"https:\/\/imagazine.it\/home_desk\/?p=63057"},"modified":"2025-02-28T12:09:59","modified_gmt":"2025-02-28T11:09:59","slug":"polizia-e-studenti-insieme-contro-i-pericoli-del-web","status":"publish","type":"post","link":"https:\/\/imagazine.it\/home_desk\/polizia-e-studenti-insieme-contro-i-pericoli-del-web\/","title":{"rendered":"Polizia e studenti insieme contro i pericoli del web"},"content":{"rendered":"<p>GORIZIA \u2013 Ha fatto tappa a Gorizia\u00a0il <em>truck<\/em> di\u00a0\u201c<strong><em>Una Vita da Social<\/em><\/strong>\u201d, la campagna educativa itinerante promossa dalla\u00a0Polizia di Stato\u00a0e dal Ministero dell\u2019Istruzione e del Merito,\u00a0nell\u2019ambito del progetto \u201cGenerazioni Connesse\u201d.<\/p>\n<p>L\u2019iniziativa della Polizia Postale \u00e8 giunta alla 12\u00aa edizione.<\/p>\n<p>Si tratta della pi\u00f9 importante campagna itinerante di educazione digitale rivolta principalmente ai ragazzi,\u00a0per sensibilizzarli all\u2019uso responsabile e consapevole di internet e dei social network.<\/p>\n<p>Nell\u2019edizione di quest\u2019anno sono stati anche approfonditi i temi dell\u2019educazione stradale e del contrasto a ogni forma di discriminazione.<\/p>\n<p>A bordo del <em>truck<\/em>, allestito con un\u2019aula didattica multimediale, gli specialisti della Polizia Postale hanno accolto <strong>circa 150 studenti\u00a0delle scuole \u201cG.I. Ascoli\u201d e \u201cV. Locchi\u201d<\/strong>,\u00a0degli <strong>Istituti Comprensivi Gorizia1 e Gorizia2<\/strong>, ai quali hanno spiegato le regole principali per una sicura navigazione sul web e un corretto utilizzo dei social network, per evitare di incorrere nei pericoli pi\u00f9 comuni che si celano nella rete.<\/p>\n<p>Particolare attenzione \u00e8 stata dedicata all\u2019approfondimento di tematiche attuali che vedono coinvolti i ragazzi, come l\u2019educazione sentimentale online, l\u2019adescamento, il <em>cyberbullismo<\/em> e tutte quelle situazioni che possono avere ripercussioni anche sulla sfera emotiva dei minori.<\/p>\n<h3>Agire in tenera et\u00e0<\/h3>\n<p>A dare il benvenuto ai giovani ospiti erano presenti il prefetto di Gorizia, <strong>Ester Fedullo<\/strong>, il questore <strong>Luigi Di Ruscio<\/strong> e il sindaco <strong>Rodolfo Ziberna<\/strong>.<\/p>\n<p>\u201c<em>Il web \u2013 <\/em>afferma il questore Di Ruscio<em> \u2013 \u00e8 un ambiente che nasconde molto bene insidie e rischi, anche sotto il profilo penale, che con un po&#8217; di attenzione e un\u2019adeguata educazione digitale \u00e8 possibile evitare. Anche nel web la sicurezza passa necessariamente attraverso la prevenzione che le donne e gli uomini della Polizia Postale promuovono attraverso questa importante iniziativa<\/em>\u201d.<\/p>\n<p>\u201c<em>Ci si affaccia all\u2019uso dei social e degli smartphone ormai in tenerissima et\u00e0, ed \u00e8 pertanto necessario anticipare le attivit\u00e0 di prevenzione dagli utilizzi impropri della Rete, in modo da raggiungere i giovanissimi studenti delle scuole primarie\u201d,<\/em>\u00a0spiega <strong>Tiziana Pagnozzi<\/strong>, dirigente a scavalco del Centro Operativo per la Sicurezza Cibernetica della Polizia Postale del Friuli Venezia Giulia.<\/p>\n<p>\u201c<em>\u00c8 stata una giornata \u2013 <\/em>aggiunge<em> \u2013 in cui gli studenti, veri protagonisti dell\u2019iniziativa, hanno incontrato i poliziotti dello spazio cibernetico in una location diversa dal solito, il truck, appositamente allestita per consentire loro di apprendere i comportamenti corretti da tenere sulla rete e come ricevere aiuto in caso di bisogno\u201d.<\/em><\/p>\n","protected":false},"excerpt":{"rendered":"<p>Tappa goriziana per la campagna nazionale &#8220;Una vita da social&#8221;, promossa dalla Postale. Coinvolti 150 allievi delle scuole &#8220;Ascoli&#8221; e &#8220;Locchi&#8221;<\/p>\n","protected":false},"author":28,"featured_media":63058,"comment_status":"closed","ping_status":"closed","sticky":false,"template":"","format":"image","meta":{"dwc-title":[""],"dwc-content":[""],"footnotes":""},"categories":[5],"tags":[43,541,209,129,128,972],"class_list":["post-63057","post","type-post","status-publish","format-image","has-post-thumbnail","hentry","category-attualita","tag-gorizia","tag-polizia","tag-prevenzione","tag-scuola","tag-studenti","tag-web","post_format-post-format-image"],"rttpg_featured_image_url":{"full":["https:\/\/imagazine.it\/wp-content\/uploads\/2025\/02\/Una_Vita_Da_Social_Gorizia_26.02.2025.jpg",1366,747,false],"landscape":["https:\/\/imagazine.it\/wp-content\/uploads\/2025\/02\/Una_Vita_Da_Social_Gorizia_26.02.2025.jpg",1366,747,false],"portraits":["https:\/\/imagazine.it\/wp-content\/uploads\/2025\/02\/Una_Vita_Da_Social_Gorizia_26.02.2025.jpg",1366,747,false],"thumbnail":["https:\/\/imagazine.it\/wp-content\/uploads\/2025\/02\/Una_Vita_Da_Social_Gorizia_26.02.2025-150x150.jpg",150,150,true],"medium":["https:\/\/imagazine.it\/wp-content\/uploads\/2025\/02\/Una_Vita_Da_Social_Gorizia_26.02.2025-300x164.jpg",300,164,true],"large":["https:\/\/imagazine.it\/wp-content\/uploads\/2025\/02\/Una_Vita_Da_Social_Gorizia_26.02.2025-1024x560.jpg",640,350,true],"thumblist":["https:\/\/imagazine.it\/wp-content\/uploads\/2025\/02\/Una_Vita_Da_Social_Gorizia_26.02.2025-300x300.jpg",300,300,true],"thumbrelated":["https:\/\/imagazine.it\/wp-content\/uploads\/2025\/02\/Una_Vita_Da_Social_Gorizia_26.02.2025-500x500.jpg",500,500,true],"meccarouselthumb":["https:\/\/imagazine.it\/wp-content\/uploads\/2025\/02\/Una_Vita_Da_Social_Gorizia_26.02.2025-474x324.jpg",474,324,true],"gridsquare":["https:\/\/imagazine.it\/wp-content\/uploads\/2025\/02\/Una_Vita_Da_Social_Gorizia_26.02.2025-391x260.jpg",391,260,true],"tileview":["https:\/\/imagazine.it\/wp-content\/uploads\/2025\/02\/Una_Vita_Da_Social_Gorizia_26.02.2025-300x400.jpg",300,400,true],"1536x1536":["https:\/\/imagazine.it\/wp-content\/uploads\/2025\/02\/Una_Vita_Da_Social_Gorizia_26.02.2025.jpg",1366,747,false],"2048x2048":["https:\/\/imagazine.it\/wp-content\/uploads\/2025\/02\/Una_Vita_Da_Social_Gorizia_26.02.2025.jpg",1366,747,false],"newsup-slider-full":["https:\/\/imagazine.it\/wp-content\/uploads\/2025\/02\/Una_Vita_Da_Social_Gorizia_26.02.2025-1280x720.jpg",1280,720,true],"newsup-featured":["https:\/\/imagazine.it\/wp-content\/uploads\/2025\/02\/Una_Vita_Da_Social_Gorizia_26.02.2025-1024x560.jpg",1024,560,true],"newsup-medium":["https:\/\/imagazine.it\/wp-content\/uploads\/2025\/02\/Una_Vita_Da_Social_Gorizia_26.02.2025-720x380.jpg",720,380,true],"tptn_thumbnail":["https:\/\/imagazine.it\/wp-content\/uploads\/2025\/02\/Una_Vita_Da_Social_Gorizia_26.02.2025-250x210.jpg",250,210,true],"sow-carousel-default":["https:\/\/imagazine.it\/wp-content\/uploads\/2025\/02\/Una_Vita_Da_Social_Gorizia_26.02.2025-272x182.jpg",272,182,true]},"rttpg_author":{"display_name":"redazione","author_link":"https:\/\/imagazine.it\/home_desk\/author\/redazione\/"},"rttpg_comment":0,"rttpg_category":"<a href=\"https:\/\/imagazine.it\/home_desk\/category\/attualita\/\" rel=\"category tag\">ATTUALIT\u00c0<\/a>","rttpg_excerpt":"Tappa goriziana per la campagna nazionale \"Una vita da social\", promossa dalla Postale. Coinvolti 150 allievi delle scuole \"Ascoli\" e \"Locchi\"","_links":{"self":[{"href":"https:\/\/imagazine.it\/home_desk\/wp-json\/wp\/v2\/posts\/63057","targetHints":{"allow":["GET"]}}],"collection":[{"href":"https:\/\/imagazine.it\/home_desk\/wp-json\/wp\/v2\/posts"}],"about":[{"href":"https:\/\/imagazine.it\/home_desk\/wp-json\/wp\/v2\/types\/post"}],"author":[{"embeddable":true,"href":"https:\/\/imagazine.it\/home_desk\/wp-json\/wp\/v2\/users\/28"}],"replies":[{"embeddable":true,"href":"https:\/\/imagazine.it\/home_desk\/wp-json\/wp\/v2\/comments?post=63057"}],"version-history":[{"count":0,"href":"https:\/\/imagazine.it\/home_desk\/wp-json\/wp\/v2\/posts\/63057\/revisions"}],"wp:featuredmedia":[{"embeddable":true,"href":"https:\/\/imagazine.it\/home_desk\/wp-json\/wp\/v2\/media\/63058"}],"wp:attachment":[{"href":"https:\/\/imagazine.it\/home_desk\/wp-json\/wp\/v2\/media?parent=63057"}],"wp:term":[{"taxonomy":"category","embeddable":true,"href":"https:\/\/imagazine.it\/home_desk\/wp-json\/wp\/v2\/categories?post=63057"},{"taxonomy":"post_tag","embeddable":true,"href":"https:\/\/imagazine.it\/home_desk\/wp-json\/wp\/v2\/tags?post=63057"}],"curies":[{"name":"wp","href":"https:\/\/api.w.org\/{rel}","templated":true}]}}