{"id":63022,"date":"2025-02-25T18:12:14","date_gmt":"2025-02-25T17:12:14","guid":{"rendered":"https:\/\/imagazine.it\/home_desk\/?p=63022"},"modified":"2025-02-25T18:12:14","modified_gmt":"2025-02-25T17:12:14","slug":"il-fvg-protagonista-a-sanremo","status":"publish","type":"post","link":"https:\/\/imagazine.it\/home_desk\/il-fvg-protagonista-a-sanremo\/","title":{"rendered":"Il FVG protagonista a Sanremo"},"content":{"rendered":"<p><span style=\"font-size: 10pt;\"><em>Monica Zinutti assieme a Serena Brancale<\/em><\/span><\/p>\n<p>Si \u00e8 conclusa con la vittoria di Olly e la sua Balorda nostalgia la 75\u00aa edizione del Festival di Sanremo.<\/p>\n<p>Un\u2019edizione che ha lasciato il segno sotto molti aspetti.<\/p>\n<p>Oltre agli straordinari risultati in termini di ascolti, questa si conferma tra le pi\u00f9 seguite di sempre: ogni sera, in media, 576mila <em>device<\/em> erano collegati in diretta e sui social, mentre il Festival del 2025 si afferma come l\u2019edizione pi\u00f9 giovane di sempre, con il 66% di audience tra i 14 e i 35 anni.<\/p>\n<p>Impressionanti anche i numeri delle cinque serate, che hanno totalizzato 399 milioni di videoviews, mentre su TikTok il Festival ha persino superato il Superbowl americano per numero di contenuti pubblicati.<\/p>\n<p>Ma Sanremo non \u00e8 solo musica e numeri: \u00e8 anche un luogo di incontri, contaminazioni e iniziative curiose. E quest\u2019anno ho voluto portare un po\u2019 di Friuli proprio l\u00ec, nel cuore del Festival.<\/p>\n<p>All\u2019interno della sala stampa, tra un\u2019intervista e l\u2019altra, ho proposto ai Big in gara un piccolo esperimento: salutare il pubblico in friulano.<\/p>\n<p>Non sapevo come avrebbero reagito, ma la risposta \u00e8 stata sorprendente.<\/p>\n<p><strong>Francesco Gabbani, Willie Peyote, Sara Toscano, Dodi Battaglia, Paolo Jannacci, Miriam Leone <\/strong>e<strong> Katia Follesa<\/strong> hanno accettato la sfida con entusiasmo.<\/p>\n<p>Alcuni hanno tentato con sicurezza, altri si sono fatti una risata prima di provarci, ma tutti si sono messi in gioco con simpatia.<\/p>\n<p>Tra accenti improbabili e tentativi esilaranti, ne \u00e8 nato un momento spontaneo e divertente, il tutto raccolto in un video pubblicato sui social dell\u2019<strong>ARLeF<\/strong> \u2013 Agenzia Regionale per la Lingua Friulana.<\/p>\n<p>In poche ore \u00e8 diventato virale, segno che le lingue locali sanno sorprendere e conquistare.<\/p>\n<p>Ma la presenza del Friuli Venezia Giulia a Sanremo non si \u00e8 fermata qui.<\/p>\n<figure id=\"attachment_63024\" aria-describedby=\"caption-attachment-63024\" style=\"width: 1000px\" class=\"wp-caption aligncenter\"><img loading=\"lazy\" decoding=\"async\" class=\"size-full wp-image-63024\" src=\"https:\/\/imagazine.it\/wp-content\/uploads\/2025\/02\/Jannacci_Zinutti.jpg\" alt=\"\" width=\"1000\" height=\"613\" title=\"\" srcset=\"https:\/\/imagazine.it\/wp-content\/uploads\/2025\/02\/Jannacci_Zinutti.jpg 1000w, https:\/\/imagazine.it\/wp-content\/uploads\/2025\/02\/Jannacci_Zinutti-300x184.jpg 300w, https:\/\/imagazine.it\/wp-content\/uploads\/2025\/02\/Jannacci_Zinutti-768x471.jpg 768w\" sizes=\"auto, (max-width: 1000px) 100vw, 1000px\" \/><figcaption id=\"caption-attachment-63024\" class=\"wp-caption-text\">Monica Zinutti con Paolo Jannacci<\/figcaption><\/figure>\n<p>Anche sul palco dell\u2019Ariston la nostra regione ha avuto una rappresentanza significativa. Il Maestro <strong>Valter Sivilotti<\/strong> ha diretto magistralmente <strong>Simone Cristicchi<\/strong>, in gara con Quando sarai piccola, brano che si \u00e8 posizionato al 5\u00ba posto della classifica finale.<\/p>\n<p>Pordenone ha avuto la sua fetta di protagonismo con i <strong>Coma_Cose<\/strong>, il duo formato da Fausto Zanardelli e dalla pordenonese <strong>Francesca Mesiano<\/strong>, che ha conquistato il pubblico con Cuoricini, una canzone dal ritmo irresistibile che fa battere il piedino anche ai pi\u00f9 restii.<\/p>\n<p>Dietro le quinte, un altro nome friulano ha lasciato il segno: il sanvitese <strong>Enrico Brun<\/strong>, che da anni lavora alla RCA della Sony, ha dato il suo contributo come arrangiatore e tecnico del suono per diversi artisti in gara, tra cui Damiano David, ex Maneskin, Olly (vincitore del Festival), Giorgia e Bresh.<\/p>\n<p>Sanremo, inoltre, non \u00e8 solo il Festival che vediamo in TV, ma un vero e proprio universo della musica che invade tutta la citt\u00e0.<\/p>\n<p>Durante la settimana della kermesse le strade si riempiono di artisti emergenti in cerca di un\u2019occasione, fan a caccia di selfie con i VIP e addetti ai lavori pronti a scoprire il prossimo talento.<\/p>\n<p>Il Teatro Ariston \u00e8 il cuore pulsante, ma tutto intorno esplode un mondo di eventi, <em>showcase<\/em>, interviste e incontri tra musicisti, produttori e discografici.<\/p>\n<p>Piazza Colombo diventa un palcoscenico a cielo aperto, con postazioni per esibizioni <em>live<\/em> e attivit\u00e0 che danno spazio ai nuovi volti della musica.<\/p>\n<p>Le vetrine dei negozi si vestono di note e colori, trasformando la citt\u00e0 in un\u2019unica, grande festa sonora. Sanremo \u00e8 il sogno di chiunque voglia farsi notare nel mondo della musica: qui si intrecciano collaborazioni, nascono nuove idee e, chiss\u00e0, magari si muovono i primi passi per calcare un giorno il mitico palco dell\u2019Ariston.<\/p>\n<p>Un ruolo centrale \u00e8 stato svolto da Casa Sanremo, allestita al Palafiori, che ha ospitato eventi dedicati a musica, letteratura, moda, arte e gastronomia, diventando un punto di riferimento per radio, concorsi e feste esclusive.<\/p>\n<p>Nel contesto dell\u2019evento LIVEBOX di Casa Sanremo, si \u00e8 esibito anche il friulano <strong>Dr. Pier<\/strong>, nome d\u2019arte del farmacista e artista Pier Luigi Guida, titolare della Farmacia Guida 1853 di Verzegnis. Accompagnato da Cristian Comelli di Radio Studio Nord, Dr. Pier ha debuttato con il suo primo singolo Blanche, portando la sua musica fresca e originale sul prestigioso palcoscenico sanremese, in un\u2019esibizione trasmessa anche online.<\/p>\n<p><strong>Andrea Cia<\/strong>, cantautore di Azzano Decimo, ha presentato il singolo &#8220;Fidarti di me&#8221;, registrato agli Angel\u2019s Wings Recording Studio di Pantianicco.<\/p>\n<figure id=\"attachment_63025\" aria-describedby=\"caption-attachment-63025\" style=\"width: 640px\" class=\"wp-caption aligncenter\"><img loading=\"lazy\" decoding=\"async\" class=\"size-large wp-image-63025\" src=\"https:\/\/imagazine.it\/wp-content\/uploads\/2025\/02\/Andrea-Cia-745x1024.jpg\" alt=\"\" width=\"640\" height=\"880\" title=\"\" srcset=\"https:\/\/imagazine.it\/wp-content\/uploads\/2025\/02\/Andrea-Cia-745x1024.jpg 745w, https:\/\/imagazine.it\/wp-content\/uploads\/2025\/02\/Andrea-Cia-218x300.jpg 218w, https:\/\/imagazine.it\/wp-content\/uploads\/2025\/02\/Andrea-Cia-768x1056.jpg 768w, https:\/\/imagazine.it\/wp-content\/uploads\/2025\/02\/Andrea-Cia.jpg 800w\" sizes=\"auto, (max-width: 640px) 100vw, 640px\" \/><figcaption id=\"caption-attachment-63025\" class=\"wp-caption-text\">Andrea Cia<\/figcaption><\/figure>\n<p>Il brano ha ricevuto il Disco d&#8217;Argento al Salotto delle Celebrit\u00e0 di Sanremo, riconoscimento che ne sottolinea la qualit\u00e0 artistica. Andrea si \u00e8 inoltre esibito a Casa Sanremo Emergenti e in Sanremo New Talent, confermando il suo successo nel panorama musicale italiano.<\/p>\n<p>Tra le emittenti radio presenti anche la friulana <strong>Radio Tausia<\/strong>, che per il terzo anno consecutivo ha trasmesso direttamente dalla Riviera, in collaborazione con la Regione FVG ed il marchio \u201cIo sono Friuli Venezia Giulia\u201d.<\/p>\n<p>Anche il settore tecnico ha visto protagonisti friulani, con l&#8217;azienda <strong>VIDEE S.p.a.<\/strong> di Pordenone che ha curato per la Rai le riprese dalla nave Costa durante la serata finale, in occasione dell\u2019esibizione dei Planet Funk.<\/p>\n<p>Anche gli hotel di Sanremo sono stati il palcoscenico di eventi esclusivi, tra cui il Festival dei Sogni, ospitato al Grand Hotel &amp; Des Anglais, che quest\u2019anno ha sorpreso tutti con una novit\u00e0 straordinaria: l\u2019Infinity Room.<\/p>\n<p>Questa esperienza immersiva ha saputo unire musica, arte, letteratura, territorio e degustazioni, offrendo ai partecipanti un viaggio sensoriale unico.<\/p>\n<p>Ideata da Alessandro &#8220;Il Poma&#8221; Pomar\u00e8, Lapo Pretelli e Lorenzo Gagliano e inaugurata da Anna Falchi, l\u2019Infinity Room ha dato grande visibilit\u00e0 alle aziende del Distretto Commerciale di Cividale, delle Valli del Natisone e del Torre.<\/p>\n<p>A rappresentarle, il manager del distretto Cristian Sedran, accompagnato dagli studenti del Civiform che con professionalit\u00e0 hanno servito e raccontato i sapori autentici del Friuli, rendendo l\u2019esperienza ancora pi\u00f9 coinvolgente e memorabile. Mentre Davide Patat e Davide Digianantonio, del ristorante \u201cAi Celti\u201d e \u201cCaff\u00e8 duomo\u201d di Gemona, hanno promosso il\u00a0frico friabile, il montasio, il formaggio della latteria di ovaro, il prosciutto di San Daniele la trota di San Daniele, la polenta con la farina dei Fratelli Persello, il pane e la focaccia di Gemona di Luca pizza Divina, i salumi Lovison.<\/p>\n<p>In questo contesto esclusivo, l&#8217;azienda vinicola <strong>San Simone di Brisotto srl<\/strong> di Porcia, in collaborazione con il Consorzio di Tutela del Prosecco DOC, ha svolto un ruolo da protagonista, offrendo il suo raffinato prosecco non solo per i brindisi all&#8217;Infinity Room, ma anche durante la festa di Fantasanremo e a Casa Rai Pubblicit\u00e0, donando a ogni evento un tocco di eleganza e classe.<\/p>\n<p>Sanremo, fra canzoni che entrano subito nella testa, gli outfit eccentrici e accesi contrasti, continua ad essere l&#8217;evento musicale pi\u00f9 amato (e discusso) d&#8217;Italia.<\/p>\n<p>E ora che il sipario \u00e8 calato e tutti sono tornati a casa, non resta che vedere quali brani dell\u2019edizione 2025 resteranno nel cuore del pubblico.<\/p>\n","protected":false},"excerpt":{"rendered":"<p>Tra musica, gastronomia e tradizione le eccellenze della nostra regione hanno brillato al Festival della canzone italiana<\/p>\n","protected":false},"author":34,"featured_media":63023,"comment_status":"closed","ping_status":"closed","sticky":false,"template":"","format":"image","meta":{"dwc-title":[""],"dwc-content":[""],"footnotes":""},"categories":[37],"tags":[58,55,56],"class_list":["post-63022","post","type-post","status-publish","format-image","has-post-thumbnail","hentry","category-cultura-e-spettacolo","tag-festival","tag-musica","tag-sanremo","post_format-post-format-image"],"rttpg_featured_image_url":{"full":["https:\/\/imagazine.it\/wp-content\/uploads\/2025\/02\/Brancale_Zinutti.jpg",1366,769,false],"landscape":["https:\/\/imagazine.it\/wp-content\/uploads\/2025\/02\/Brancale_Zinutti.jpg",1366,769,false],"portraits":["https:\/\/imagazine.it\/wp-content\/uploads\/2025\/02\/Brancale_Zinutti.jpg",1366,769,false],"thumbnail":["https:\/\/imagazine.it\/wp-content\/uploads\/2025\/02\/Brancale_Zinutti-150x150.jpg",150,150,true],"medium":["https:\/\/imagazine.it\/wp-content\/uploads\/2025\/02\/Brancale_Zinutti-300x169.jpg",300,169,true],"large":["https:\/\/imagazine.it\/wp-content\/uploads\/2025\/02\/Brancale_Zinutti-1024x576.jpg",640,360,true],"thumblist":["https:\/\/imagazine.it\/wp-content\/uploads\/2025\/02\/Brancale_Zinutti-300x300.jpg",300,300,true],"thumbrelated":["https:\/\/imagazine.it\/wp-content\/uploads\/2025\/02\/Brancale_Zinutti-500x500.jpg",500,500,true],"meccarouselthumb":["https:\/\/imagazine.it\/wp-content\/uploads\/2025\/02\/Brancale_Zinutti-474x324.jpg",474,324,true],"gridsquare":["https:\/\/imagazine.it\/wp-content\/uploads\/2025\/02\/Brancale_Zinutti-391x260.jpg",391,260,true],"tileview":["https:\/\/imagazine.it\/wp-content\/uploads\/2025\/02\/Brancale_Zinutti-300x400.jpg",300,400,true],"1536x1536":["https:\/\/imagazine.it\/wp-content\/uploads\/2025\/02\/Brancale_Zinutti.jpg",1366,769,false],"2048x2048":["https:\/\/imagazine.it\/wp-content\/uploads\/2025\/02\/Brancale_Zinutti.jpg",1366,769,false],"newsup-slider-full":["https:\/\/imagazine.it\/wp-content\/uploads\/2025\/02\/Brancale_Zinutti-1280x720.jpg",1280,720,true],"newsup-featured":["https:\/\/imagazine.it\/wp-content\/uploads\/2025\/02\/Brancale_Zinutti-1024x576.jpg",1024,576,true],"newsup-medium":["https:\/\/imagazine.it\/wp-content\/uploads\/2025\/02\/Brancale_Zinutti-720x380.jpg",720,380,true],"tptn_thumbnail":["https:\/\/imagazine.it\/wp-content\/uploads\/2025\/02\/Brancale_Zinutti-250x210.jpg",250,210,true],"sow-carousel-default":["https:\/\/imagazine.it\/wp-content\/uploads\/2025\/02\/Brancale_Zinutti-272x182.jpg",272,182,true]},"rttpg_author":{"display_name":"Monica Zinutti","author_link":"https:\/\/imagazine.it\/home_desk\/author\/monica-zinutti\/"},"rttpg_comment":0,"rttpg_category":"<a href=\"https:\/\/imagazine.it\/home_desk\/category\/cultura-e-spettacolo\/\" rel=\"category tag\">CULTURA&amp;SPETTACOLO<\/a>","rttpg_excerpt":"Tra musica, gastronomia e tradizione le eccellenze della nostra regione hanno brillato al Festival della canzone italiana","_links":{"self":[{"href":"https:\/\/imagazine.it\/home_desk\/wp-json\/wp\/v2\/posts\/63022","targetHints":{"allow":["GET"]}}],"collection":[{"href":"https:\/\/imagazine.it\/home_desk\/wp-json\/wp\/v2\/posts"}],"about":[{"href":"https:\/\/imagazine.it\/home_desk\/wp-json\/wp\/v2\/types\/post"}],"author":[{"embeddable":true,"href":"https:\/\/imagazine.it\/home_desk\/wp-json\/wp\/v2\/users\/34"}],"replies":[{"embeddable":true,"href":"https:\/\/imagazine.it\/home_desk\/wp-json\/wp\/v2\/comments?post=63022"}],"version-history":[{"count":0,"href":"https:\/\/imagazine.it\/home_desk\/wp-json\/wp\/v2\/posts\/63022\/revisions"}],"wp:featuredmedia":[{"embeddable":true,"href":"https:\/\/imagazine.it\/home_desk\/wp-json\/wp\/v2\/media\/63023"}],"wp:attachment":[{"href":"https:\/\/imagazine.it\/home_desk\/wp-json\/wp\/v2\/media?parent=63022"}],"wp:term":[{"taxonomy":"category","embeddable":true,"href":"https:\/\/imagazine.it\/home_desk\/wp-json\/wp\/v2\/categories?post=63022"},{"taxonomy":"post_tag","embeddable":true,"href":"https:\/\/imagazine.it\/home_desk\/wp-json\/wp\/v2\/tags?post=63022"}],"curies":[{"name":"wp","href":"https:\/\/api.w.org\/{rel}","templated":true}]}}