{"id":63003,"date":"2025-02-25T12:29:24","date_gmt":"2025-02-25T11:29:24","guid":{"rendered":"https:\/\/imagazine.it\/home_desk\/?p=63003"},"modified":"2025-02-25T12:33:26","modified_gmt":"2025-02-25T11:33:26","slug":"leredita-europea-del-patriarcato-rivive-ad-aquileia","status":"publish","type":"post","link":"https:\/\/imagazine.it\/home_desk\/leredita-europea-del-patriarcato-rivive-ad-aquileia\/","title":{"rendered":"L\u2019eredit\u00e0 europea del Patriarcato rivive ad Aquileia"},"content":{"rendered":"<p><span style=\"font-size: 10pt;\"><em>Il saluto della presidente dell&#8217;UTE Cervignano, Irina Coretti<\/em><\/span><\/p>\n<p>AQUILEIA &#8211; \u00c8 iniziato, come un appuntamento ormai consolidato, il corso aperto a tutti sulla storia di Aquileia intitolato \u201c<em>L\u2019eredit\u00e0 europea del Patriarcato<\/em>\u201d.<\/p>\n<p>L&#8217;iniziativa, una delle tante che l&#8217;<strong>Universit\u00e0<\/strong> <strong>della Terza Et\u00e0 di Cervignano del Friuli<\/strong> svolge nell&#8217;ambito del suo programma di studi, si avvale della collaborazione del Comune di Aquileia che la ospita e degli apporti generosi di relatori membri delle Associazioni culturali locali.<\/p>\n<p>Il primo dei cinque appuntamenti ha visto un&#8217;affluenza di quasi un centinaio di persone che hanno partecipato alla lezione tenuta dal relatore <strong>Luca Villa<\/strong>, archeologo specializzato in archeologia medievale, che si \u00e8 soffermato in particolare sullo studio dei conventi, abbazie e centri fortificati tardoantichi e altomedievali, sull&#8217;evoluzione dell&#8217;edilizia abitativa, con un focus sulle abbazie e i monasteri nel territorio del Patriarcato di Aquileia.<\/p>\n<p>Mercoled\u00ec 26 febbraio \u00e8 in programma il prossimo appuntamento dal titolo &#8220;<em>Vita quotidiana nei monasteri e conventi di Aquileia<\/em>&#8220;, con relatrice <strong>Elena Menon<\/strong> della Pro Loco di Aquileia.<\/p>\n<p>Un&#8217;occasione per scoprire come si svolgeva la vita all&#8217;interno di questi luoghi di spiritualit\u00e0 e cultura, quali erano le attivit\u00e0 principali e quali le figure pi\u00f9 importanti.<\/p>\n<p>Il 12 marzo spazio a &#8220;<em>Il parlamento friulano: un&#8217;altra storia sbagliata?<\/em>&#8220;, relatrice <strong>Elisabetta Scarton<\/strong>, docente di storia medievale presso l\u2019Universit\u00e0 di Udine.<\/p>\n<p>Un&#8217;analisi storica e critica di questa istituzione che ha rappresentato per secoli un importante punto di riferimento per la vita politica e sociale del Friuli.<\/p>\n<figure id=\"attachment_63005\" aria-describedby=\"caption-attachment-63005\" style=\"width: 1000px\" class=\"wp-caption aligncenter\"><img loading=\"lazy\" decoding=\"async\" class=\"size-full wp-image-63005\" src=\"https:\/\/imagazine.it\/wp-content\/uploads\/2025\/02\/patriarcato-03.jpg\" alt=\"\" width=\"1000\" height=\"576\" title=\"\" srcset=\"https:\/\/imagazine.it\/wp-content\/uploads\/2025\/02\/patriarcato-03.jpg 1000w, https:\/\/imagazine.it\/wp-content\/uploads\/2025\/02\/patriarcato-03-300x173.jpg 300w, https:\/\/imagazine.it\/wp-content\/uploads\/2025\/02\/patriarcato-03-768x442.jpg 768w\" sizes=\"auto, (max-width: 1000px) 100vw, 1000px\" \/><figcaption id=\"caption-attachment-63005\" class=\"wp-caption-text\">Il pubblico intervenuto all&#8217;incontro inaugurale<\/figcaption><\/figure>\n<p>Il 19 marzo: &#8220;<em>Nascita dell&#8217;Arcidiocesi di Gorizia<\/em>&#8220;, relatore <strong>Vanni Feresin<\/strong>, storico, archivista, paleografo e giornalista.<\/p>\n<p>Infine il 26 marzo: &#8220;<em>GO!2025: senso della storia e della memoria<\/em>&#8220;, relatore <strong>Andrea Bellavite<\/strong>, direttore della Fondazione Societ\u00e0 per la Conservazione della Basilica di Aquileia.<\/p>\n<p>Seguiranno un\u2019uscita di studio e visite guidate alla Mostra sul Patriarcato a cura dell\u2019<strong>Associazione<\/strong> <strong>archeologica Aquileiese<\/strong>.<\/p>\n","protected":false},"excerpt":{"rendered":"<p>Iniziato il ciclo di conferenze promosso dall&#8217;UTE di Cervignano. Dal Parlamento friulano alla nascita dell&#8217;Arcidiocedi di Gorizia<\/p>\n","protected":false},"author":22,"featured_media":63004,"comment_status":"closed","ping_status":"closed","sticky":false,"template":"","format":"image","meta":{"dwc-title":[""],"dwc-content":[""],"footnotes":""},"categories":[5],"tags":[349,568],"class_list":["post-63003","post","type-post","status-publish","format-image","has-post-thumbnail","hentry","category-attualita","tag-aquileia","tag-storia","post_format-post-format-image"],"rttpg_featured_image_url":{"full":["https:\/\/imagazine.it\/wp-content\/uploads\/2025\/02\/patriarcato-01.jpg",1366,684,false],"landscape":["https:\/\/imagazine.it\/wp-content\/uploads\/2025\/02\/patriarcato-01.jpg",1366,684,false],"portraits":["https:\/\/imagazine.it\/wp-content\/uploads\/2025\/02\/patriarcato-01.jpg",1366,684,false],"thumbnail":["https:\/\/imagazine.it\/wp-content\/uploads\/2025\/02\/patriarcato-01-150x150.jpg",150,150,true],"medium":["https:\/\/imagazine.it\/wp-content\/uploads\/2025\/02\/patriarcato-01-300x150.jpg",300,150,true],"large":["https:\/\/imagazine.it\/wp-content\/uploads\/2025\/02\/patriarcato-01-1024x513.jpg",640,321,true],"thumblist":["https:\/\/imagazine.it\/wp-content\/uploads\/2025\/02\/patriarcato-01-300x300.jpg",300,300,true],"thumbrelated":["https:\/\/imagazine.it\/wp-content\/uploads\/2025\/02\/patriarcato-01-500x500.jpg",500,500,true],"meccarouselthumb":["https:\/\/imagazine.it\/wp-content\/uploads\/2025\/02\/patriarcato-01-474x324.jpg",474,324,true],"gridsquare":["https:\/\/imagazine.it\/wp-content\/uploads\/2025\/02\/patriarcato-01-391x260.jpg",391,260,true],"tileview":["https:\/\/imagazine.it\/wp-content\/uploads\/2025\/02\/patriarcato-01-300x400.jpg",300,400,true],"1536x1536":["https:\/\/imagazine.it\/wp-content\/uploads\/2025\/02\/patriarcato-01.jpg",1366,684,false],"2048x2048":["https:\/\/imagazine.it\/wp-content\/uploads\/2025\/02\/patriarcato-01.jpg",1366,684,false],"newsup-slider-full":["https:\/\/imagazine.it\/wp-content\/uploads\/2025\/02\/patriarcato-01-1280x684.jpg",1280,684,true],"newsup-featured":["https:\/\/imagazine.it\/wp-content\/uploads\/2025\/02\/patriarcato-01-1024x513.jpg",1024,513,true],"newsup-medium":["https:\/\/imagazine.it\/wp-content\/uploads\/2025\/02\/patriarcato-01-720x380.jpg",720,380,true],"tptn_thumbnail":["https:\/\/imagazine.it\/wp-content\/uploads\/2025\/02\/patriarcato-01-250x210.jpg",250,210,true],"sow-carousel-default":["https:\/\/imagazine.it\/wp-content\/uploads\/2025\/02\/patriarcato-01-272x182.jpg",272,182,true]},"rttpg_author":{"display_name":"Livio Nonis","author_link":"https:\/\/imagazine.it\/home_desk\/author\/nonis\/"},"rttpg_comment":0,"rttpg_category":"<a href=\"https:\/\/imagazine.it\/home_desk\/category\/attualita\/\" rel=\"category tag\">ATTUALIT\u00c0<\/a>","rttpg_excerpt":"Iniziato il ciclo di conferenze promosso dall'UTE di Cervignano. Dal Parlamento friulano alla nascita dell'Arcidiocedi di Gorizia","_links":{"self":[{"href":"https:\/\/imagazine.it\/home_desk\/wp-json\/wp\/v2\/posts\/63003","targetHints":{"allow":["GET"]}}],"collection":[{"href":"https:\/\/imagazine.it\/home_desk\/wp-json\/wp\/v2\/posts"}],"about":[{"href":"https:\/\/imagazine.it\/home_desk\/wp-json\/wp\/v2\/types\/post"}],"author":[{"embeddable":true,"href":"https:\/\/imagazine.it\/home_desk\/wp-json\/wp\/v2\/users\/22"}],"replies":[{"embeddable":true,"href":"https:\/\/imagazine.it\/home_desk\/wp-json\/wp\/v2\/comments?post=63003"}],"version-history":[{"count":0,"href":"https:\/\/imagazine.it\/home_desk\/wp-json\/wp\/v2\/posts\/63003\/revisions"}],"wp:featuredmedia":[{"embeddable":true,"href":"https:\/\/imagazine.it\/home_desk\/wp-json\/wp\/v2\/media\/63004"}],"wp:attachment":[{"href":"https:\/\/imagazine.it\/home_desk\/wp-json\/wp\/v2\/media?parent=63003"}],"wp:term":[{"taxonomy":"category","embeddable":true,"href":"https:\/\/imagazine.it\/home_desk\/wp-json\/wp\/v2\/categories?post=63003"},{"taxonomy":"post_tag","embeddable":true,"href":"https:\/\/imagazine.it\/home_desk\/wp-json\/wp\/v2\/tags?post=63003"}],"curies":[{"name":"wp","href":"https:\/\/api.w.org\/{rel}","templated":true}]}}